{"id":453471,"date":"2025-10-09T09:34:34","date_gmt":"2025-10-09T13:34:34","guid":{"rendered":"https:\/\/primermomento.com\/?p=453471"},"modified":"2025-10-09T14:28:44","modified_gmt":"2025-10-09T18:28:44","slug":"cepal-llama-a-aumentar-la-productividad-para-mejorar-el-crecimiento","status":"publish","type":"post","link":"https:\/\/primermomento.com\/?p=453471","title":{"rendered":"Cepal llama a aumentar la productividad para mejorar el crecimiento"},"content":{"rendered":"<p><strong><em>Por <span style=\"color: #ff0000;\">Prensa Latina<\/span><\/em><\/strong><\/p>\n<p>Santiago de Chile, CHILE.- La Comisi\u00f3n Econ\u00f3mica para Am\u00e9rica Latina y el Caribe (Cepal) llam\u00f3 hoy a la regi\u00f3n a apostar por nuevas pol\u00edticas de desarrollo productivo con el fin de alcanzar un crecimiento m\u00e1s elevado, inclusivo y sostenible.<\/p>\n<div class=\"elementor-element elementor-element-0aea3a0 elementor-widget elementor-widget-theme-post-content\" data-id=\"0aea3a0\" data-element_type=\"widget\" data-widget_type=\"theme-post-content.default\">\n<div class=\"elementor-widget-container\">\n<p>Un informe del organismo de Naciones Unidas, presentado este jueves, recuerda que los pa\u00edses del \u00e1rea est\u00e1n sumidos en tres trampas del desarrollo que limitan el bienestar de su poblaci\u00f3n: baja capacidad para crecer, elevada desigualdad y pocas capacidades institucionales.<\/p>\n<p>A esto se suma un contexto internacional complejo caracterizado por tensiones geopol\u00edticas, rivalidad tecnol\u00f3gica, mayores barreras comerciales, emergencia clim\u00e1tica y revoluci\u00f3n tecnol\u00f3gica.<\/p>\n<p>En este escenario, la Cepal considera un imperativo redoblar los esfuerzos para dinamizar la productividad, lo cual no es algo que vaya a ocurrir espont\u00e1neamente, sino con la aplicaci\u00f3n de pol\u00edticas p\u00fablicas coordinadas con todos los actores.<\/p>\n<p>La segunda edici\u00f3n del informe Panorama de las Pol\u00edticas de Desarrollo Productivo en Am\u00e9rica Latina y el Caribe no s\u00f3lo hace un diagn\u00f3stico de la situaci\u00f3n, sino que contiene algunas experiencias recientes.<\/p>\n<p>El documento advierte que, tras un incremento del rendimiento laboral en Am\u00e9rica Latina y el Caribe entre 1990 y 2013, en la \u00faltima d\u00e9cada se observa un notorio retroceso.<\/p>\n<p>Si bien entre 2023 y 2024 hubo un incremento de 2,2 por ciento, este no es suficiente para salir de la situaci\u00f3n general de rezago, alerta el organismo regional de las Naciones Unidas.<\/p>\n<p>Hay sectores como la miner\u00eda, los servicios b\u00e1sicos y empresariales que muestran un \u00edndice relativamente alto, sin embargo, en la agricultura y el comercio es bajo.<\/p>\n<p>En comparaci\u00f3n con la Uni\u00f3n Europea, esta regi\u00f3n muestra una productividad laboral relativa de solo el 29,7 por ciento, precisa el estudio.<\/p>\n<p>\u201cLa disyuntiva que enfrenta Am\u00e9rica Latina y el Caribe es contundente: o iniciamos una nueva era de crecimiento alto, sostenido, inclusivo y sostenible o nos enfilamos hacia una tercera d\u00e9cada perdida\u201d.<\/p>\n<p>As\u00ed lo expres\u00f3 en la presentaci\u00f3n del estudio en M\u00e9xico el secretario ejecutivo de la Cepal, Jos\u00e9 Manuel Salazar-Xirinachs.<\/p>\n<p>El informe destaca cinco buenas experiencias regionales, como el plan Nueva Industria Brasil, el programa Desarrollo Productivo Sostenible de Chile, la Pol\u00edtica Nacional de Reindustrializaci\u00f3n de Colombia, el Plan M\u00e9xico y la Pol\u00edtica Nacional de Desarrollo Industrial del Per\u00fa.<\/p>\n<p>La Cepal recomienda fortalecer la articulaci\u00f3n de actores, tanto p\u00fablicos como privados, aumentar las capacidades T\u00e9cnicas, Operativas, Pol\u00edticas y Prospectivas (TOPP) de las instituciones encargadas del tema, fortalecer las iniciativas de articulaci\u00f3n productiva y aprovechar las oportunidades de cooperaci\u00f3n regional y extra regional.<\/p>\n<p>\u201cLas pol\u00edticas de desarrollo productivo deben constituirse en pol\u00edtica de Estado y, como tales, no estar sujetas a los vaivenes asociados con los ciclos pol\u00edticos\u201d, se\u00f1ala la Cepal.<\/p>\n<\/div>\n<\/div>\n<div class=\"elementor-element elementor-element-4f75016 elementor-widget elementor-widget-post-info\" data-id=\"4f75016\" data-element_type=\"widget\" data-widget_type=\"post-info.default\">\n<div class=\"elementor-widget-container\">\n<ul class=\"elementor-inline-items elementor-icon-list-items elementor-post-info\">\n<li class=\"elementor-icon-list-item elementor-repeater-item-17dda3e elementor-inline-item\"><span class=\"elementor-icon-list-text elementor-post-info__item elementor-post-info__item--type-custom\">#<em><a href=\"https:\/\/primermomento.com\/?p=453471\" rel=\"tag\">Cepal Informe Desarrollo Productivo Jos\u00e9 Manuel Salazar Xirinachs<\/a><\/em><\/span><\/li>\n<\/ul>\n<\/div>\n<\/div>\n","protected":false},"excerpt":{"rendered":"<p>Por Prensa Latina Santiago de Chile, CHILE.- La Comisi\u00f3n Econ\u00f3mica para Am\u00e9rica Latina y el Caribe (Cepal) llam\u00f3 hoy a la regi\u00f3n a apostar por nuevas pol\u00edticas de desarrollo productivo con el fin de alcanzar un crecimiento m\u00e1s elevado, inclusivo y sostenible. Un informe del organismo de Naciones Unidas, presentado este jueves, recuerda que los [&hellip;]<\/p>\n","protected":false},"author":1,"featured_media":279687,"comment_status":"open","ping_status":"open","sticky":false,"template":"","format":"standard","meta":{"_bbp_topic_count":0,"_bbp_reply_count":0,"_bbp_total_topic_count":0,"_bbp_total_reply_count":0,"_bbp_voice_count":0,"_bbp_anonymous_reply_count":0,"_bbp_topic_count_hidden":0,"_bbp_reply_count_hidden":0,"_bbp_forum_subforum_count":0,"footnotes":""},"categories":[35],"tags":[],"class_list":{"0":"post-453471","1":"post","2":"type-post","3":"status-publish","4":"format-standard","5":"has-post-thumbnail","7":"category-economia"},"_links":{"self":[{"href":"https:\/\/primermomento.com\/index.php?rest_route=\/wp\/v2\/posts\/453471","targetHints":{"allow":["GET"]}}],"collection":[{"href":"https:\/\/primermomento.com\/index.php?rest_route=\/wp\/v2\/posts"}],"about":[{"href":"https:\/\/primermomento.com\/index.php?rest_route=\/wp\/v2\/types\/post"}],"author":[{"embeddable":true,"href":"https:\/\/primermomento.com\/index.php?rest_route=\/wp\/v2\/users\/1"}],"replies":[{"embeddable":true,"href":"https:\/\/primermomento.com\/index.php?rest_route=%2Fwp%2Fv2%2Fcomments&post=453471"}],"version-history":[{"count":1,"href":"https:\/\/primermomento.com\/index.php?rest_route=\/wp\/v2\/posts\/453471\/revisions"}],"predecessor-version":[{"id":453472,"href":"https:\/\/primermomento.com\/index.php?rest_route=\/wp\/v2\/posts\/453471\/revisions\/453472"}],"wp:featuredmedia":[{"embeddable":true,"href":"https:\/\/primermomento.com\/index.php?rest_route=\/wp\/v2\/media\/279687"}],"wp:attachment":[{"href":"https:\/\/primermomento.com\/index.php?rest_route=%2Fwp%2Fv2%2Fmedia&parent=453471"}],"wp:term":[{"taxonomy":"category","embeddable":true,"href":"https:\/\/primermomento.com\/index.php?rest_route=%2Fwp%2Fv2%2Fcategories&post=453471"},{"taxonomy":"post_tag","embeddable":true,"href":"https:\/\/primermomento.com\/index.php?rest_route=%2Fwp%2Fv2%2Ftags&post=453471"}],"curies":[{"name":"wp","href":"https:\/\/api.w.org\/{rel}","templated":true}]}}