{"id":453643,"date":"2025-10-12T08:44:46","date_gmt":"2025-10-12T12:44:46","guid":{"rendered":"https:\/\/primermomento.com\/?p=453643"},"modified":"2025-10-12T12:01:54","modified_gmt":"2025-10-12T16:01:54","slug":"trump-da-la-inflacion-por-derrotada-y-la-fed-ha-bajado-tasas-pero-los-precios-siguen-altos","status":"publish","type":"post","link":"https:\/\/primermomento.com\/?p=453643","title":{"rendered":"Trump da la inflaci\u00f3n por \u201cderrotada\u201d y la Fed ha bajado tasas, pero los precios siguen altos"},"content":{"rendered":"<p><em><strong>Por <span style=\"color: #ff0000;\">The Associated Press<\/span><\/strong><\/em><\/p>\n<p>Washington, EEUU.- La inflaci\u00f3n ha aumentado en tres de los \u00faltimos cuatro meses y es ligeramente m\u00e1s alta que hace un a\u00f1o, cuando contribuy\u00f3 a hundir la campa\u00f1a presidencial de la entonces vicepresidenta Kamala Harris. Sin embargo, no lo parece al escuchar al presidente Donald Trump o incluso a algunos de los que combaten la inflaci\u00f3n en la Reserva Federal.<\/p>\n<p>\u201cLos precios de los alimentos han bajado, las tasas hipotecarias han bajado y la inflaci\u00f3n ha sido derrotada\u201d, dijo Trump ante la Asamblea General de las Naciones Unidas a finales del mes pasado.<\/p>\n<p>Y en un discurso de alto perfil en agosto, justo antes de que la Reserva Federal recortara su tasa de inter\u00e9s clave por primera vez este a\u00f1o, el presidente de la Fed, Jerome Powell, afirm\u00f3: \u201cLa inflaci\u00f3n, aunque todav\u00eda algo elevada, ha disminuido considerablemente desde sus m\u00e1ximos pospandemia. Los riesgos al alza para la inflaci\u00f3n han disminuido\u201d.<\/p>\n<p>Sin embargo, descartar o incluso minimizar la inflaci\u00f3n mientras a\u00fan est\u00e1 por encima del objetivo del 2% de la Reserva Federal plantea grandes riesgos para la Casa Blanca y la Reserva Federal. Para el gobierno de Trump, podr\u00eda encontrarse en el lado equivocado de un tema potente: las encuestas muestran que muchos estadounidenses todav\u00eda ven los precios altos como una carga importante para sus finanzas.<\/p>\n<p>La Reserva Federal podr\u00eda estar asumiendo un riesgo a\u00fan mayor: ha recortado su tasa de inter\u00e9s clave bajo la premisa de que los aranceles del gobierno solo causar\u00e1n un aumento temporal en la inflaci\u00f3n. Si eso resulta ser incorrecto \u2014si la inflaci\u00f3n empeora o se mantiene elevada por m\u00e1s tiempo del esperado\u2014, la credibilidad de la Reserva Federal en la lucha contra la inflaci\u00f3n podr\u00eda verse afectada.<\/p>\n<p>Esa credibilidad juega un papel crucial en la capacidad de la Reserva Federal para mantener los precios estables. Si los estadounidenses conf\u00edan en que el banco central puede mantener la inflaci\u00f3n bajo control, no tomar\u00e1n medidas \u2014como exigir aumentos salariales dr\u00e1sticos cuando los precios suben\u2014 que puedan desencadenar una espiral inflacionaria. Las empresas a menudo aumentan los precios a\u00fan m\u00e1s para compensar los mayores costos laborales.<\/p>\n<p>Pero Karen Dynan, investigadora principal en el Instituto Peterson de Econom\u00eda Internacional, dijo esta semana que con los recuerdos de la inflaci\u00f3n de la era pand\u00e9mica a\u00fan frescos y mientras los aranceles elevan el costo de los bienes importados, los consumidores y las empresas podr\u00edan comenzar a perder la confianza en que la inflaci\u00f3n se mantendr\u00e1 baja.<\/p>\n<p>\u201cSi ese resulta ser el caso, en retrospectiva los recortes de la Fed \u2014y espero varios m\u00e1s\u2014 ser\u00e1n vistos como un error\u201d, dijo Dynan.<\/p>\n<p>Hasta ahora, los aranceles de Trump no han elevado la inflaci\u00f3n tanto como muchos economistas esperaban a principios de este a\u00f1o. Y sigue estando muy por debajo de su pico del 9,1% hace tres a\u00f1os. Aun as\u00ed, los precios al consumidor aumentaron un 2,9% en agosto en comparaci\u00f3n con el a\u00f1o anterior, por encima del 2,6% en el mismo per\u00edodo del a\u00f1o pasado y por encima del objetivo del 2% de la Reserva Federal.<\/p>\n<p>El gobierno tiene previsto publicar el informe de inflaci\u00f3n de septiembre el mi\u00e9rcoles, pero es probable que los datos se retrasen debido al cierre del gobierno.<\/p>\n<p>Los aranceles han elevado el costo de muchos art\u00edculos importados como muebles, electrodom\u00e9sticos y juguetes. En general, el costo de los bienes manufacturados de larga duraci\u00f3n aument\u00f3 casi un 2% en agosto en comparaci\u00f3n con el a\u00f1o anterior. Fue un aumento modesto, pero se produce despu\u00e9s de casi tres d\u00e9cadas en las que el costo de tales art\u00edculos en su mayor\u00eda disminuy\u00f3.<\/p>\n<p>El costo de algunos bienes cotidianos sigue aumentando m\u00e1s r\u00e1pidamente que antes de la pandemia: los precios de los alimentos subieron un 2,7% en agosto en comparaci\u00f3n con el a\u00f1o anterior, el mayor aumento, fuera de la pandemia, desde 2015. Los precios del caf\u00e9 se han disparado casi un 21% en el \u00faltimo a\u00f1o, en parte porque Trump ha impuesto impuestos de importaci\u00f3n del 50% a Brasil, un importante exportador de caf\u00e9, y tambi\u00e9n porque las sequ\u00edas inducidas por el cambio clim\u00e1tico han reducido las cosechas de granos de caf\u00e9.<\/p>\n<p>La mayor\u00eda de los funcionarios de la Reserva Federal todav\u00eda est\u00e1n preocupados de que la inflaci\u00f3n sea demasiado alta, seg\u00fan las actas de su reuni\u00f3n del 16-17 de septiembre. Sin embargo, a\u00fan as\u00ed decidieron recortar su tasa de inter\u00e9s clave porque estaban m\u00e1s preocupados por el riesgo de un empeoramiento del desempleo que por una mayor inflaci\u00f3n.<\/p>\n<p>Pero la preocupaci\u00f3n para algunos economistas es que el despliegue continuo de aranceles y el hecho de que muchas empresas todav\u00eda est\u00e1n implementando aumentos de precios en respuesta podr\u00eda resultar en m\u00e1s que un aumento temporal de la inflaci\u00f3n.<\/p>\n<p>\u201cEs una gran apuesta despu\u00e9s de lo que hemos estado pasando&#8230; contar con que sea transitorio\u201d, dijo Jason Furman, economista de la Universidad de Harvard y exasesor principal del presidente Barack Obama. \u201cEn otro tiempo, (una inflaci\u00f3n del 3%) habr\u00eda sido considerada realmente alta\u201d.<\/p>\n<p>Hace solo dos semanas, Trump impuso nuevos aranceles a una gama de productos, incluidos un 100% a los productos farmac\u00e9uticos, un 50% a los gabinetes de cocina y tocadores de ba\u00f1o, y un 25% a los camiones pesados. El viernes, amenaz\u00f3 con \u201cun aumento masivo de aranceles\u201d a las importaciones de China en respuesta a las restricciones de ese pa\u00eds a las exportaciones de tierras raras.<\/p>\n<p>Algunas empresas todav\u00eda est\u00e1n aumentando los precios para compensar los costos de los aranceles. Los derechos sobre las importaciones de acero y aluminio han elevado el costo de las latas utilizadas por Campbell Soups, lo que llev\u00f3 al director general de la compa\u00f1\u00eda a decir en septiembre que implementar\u00e1 \u201ciniciativas de precios quir\u00fargicas\u201d.<\/p>\n<p>Chris Butler, director general de National Tree Company, el mayor vendedor de \u00e1rboles de Navidad artificiales del pa\u00eds, dijo que su empresa aumentar\u00eda los precios en aproximadamente un 10% esta temporada navide\u00f1a en sus \u00e1rboles, coronas y guirnaldas para compensar los costos de los aranceles. Aproximadamente el 45% de sus \u00e1rboles se fabrican en China, y el resto proviene del sudeste asi\u00e1tico, M\u00e9xico y otros pa\u00edses. El costo de la mano de obra y el inmobiliario es demasiado alto para fabricarlos en Estados Unidos, dijo.<\/p>\n<p>Butler tambi\u00e9n espera que haya una oferta reducida de \u00e1rboles y decoraciones artificiales este a\u00f1o, lo que podr\u00eda elevar a\u00fan m\u00e1s los precios en toda la industria, porque la mayor\u00eda de la producci\u00f3n en China se detuvo cuando los aranceles a ese pa\u00eds alcanzaron el 145% a principios de este a\u00f1o. La producci\u00f3n se reanud\u00f3 despu\u00e9s de que Trump redujo los derechos al 30%, pero a un ritmo m\u00e1s lento.<\/p>\n<p>Butler ha presionado a sus proveedores para que absorban parte del costo de los aranceles, pero no pagar\u00e1n todo.<\/p>\n<p>\u201cAl final, no podemos absorberlo todo y nuestras f\u00e1bricas no pueden absorberlo todo\u201d, dijo. \u201cAs\u00ed que hemos tenido que trasladar algunas de las subidas a los consumidores\u201d.<\/p>\n<p>Muchos responsables de pol\u00edtica de la Reserva Federal son conscientes de los riesgos. Jeffrey Schmid, presidente del Banco de la Reserva Federal de Kansas City, quien vota sobre las decisiones de tasas de inter\u00e9s, dijo el lunes que la alta inflaci\u00f3n que resulta de una p\u00e9rdida de confianza en el banco central es m\u00e1s dif\u00edcil de combatir que otros picos de precios, como los que resultan de interrupciones en el suministro.<\/p>\n<p>\u201cLa Fed debe mantener su credibilidad en la inflaci\u00f3n\u201d, dijo Schmid. \u201cLa historia ha demostrado que, aunque todas las inflaciones son universalmente desagradables, no todas las inflaciones son igualmente costosas de combatir\u201d.<\/p>\n<p>Sin embargo, algunos funcionarios de la Reserva Federal dicen que otras tendencias est\u00e1n compensando el impacto de los aranceles. El gobernador de la Fed, Stephen Miran, a quien Trump nombr\u00f3 justo antes de la reuni\u00f3n de septiembre del banco central, dijo el martes que una desaceleraci\u00f3n constante en los costos de alquiler deber\u00eda reducir la inflaci\u00f3n subyacente en los pr\u00f3ximos meses. Y la fuerte ca\u00edda en la inmigraci\u00f3n como resultado de la represi\u00f3n del gobierno reducir\u00e1 la demanda, dijo, enfriando las presiones inflacionarias.<\/p>\n<p>\u201cSoy m\u00e1s optimista sobre las perspectivas de inflaci\u00f3n que muchas otras personas\u201d, dijo.<\/p>\n<p>___<\/p>\n<p><em>Esta historia fue traducida del ingl\u00e9s por un editor de AP con la ayuda de una herramienta de inteligencia artificial generativa.<\/em><\/p>\n","protected":false},"excerpt":{"rendered":"<p>Por The Associated Press Washington, EEUU.- La inflaci\u00f3n ha aumentado en tres de los \u00faltimos cuatro meses y es ligeramente m\u00e1s alta que hace un a\u00f1o, cuando contribuy\u00f3 a hundir la campa\u00f1a presidencial de la entonces vicepresidenta Kamala Harris. Sin embargo, no lo parece al escuchar al presidente Donald Trump o incluso a algunos de [&hellip;]<\/p>\n","protected":false},"author":1,"featured_media":453644,"comment_status":"open","ping_status":"open","sticky":false,"template":"","format":"standard","meta":{"_bbp_topic_count":0,"_bbp_reply_count":0,"_bbp_total_topic_count":0,"_bbp_total_reply_count":0,"_bbp_voice_count":0,"_bbp_anonymous_reply_count":0,"_bbp_topic_count_hidden":0,"_bbp_reply_count_hidden":0,"_bbp_forum_subforum_count":0,"footnotes":""},"categories":[35],"tags":[],"class_list":{"0":"post-453643","1":"post","2":"type-post","3":"status-publish","4":"format-standard","5":"has-post-thumbnail","7":"category-economia"},"_links":{"self":[{"href":"https:\/\/primermomento.com\/index.php?rest_route=\/wp\/v2\/posts\/453643","targetHints":{"allow":["GET"]}}],"collection":[{"href":"https:\/\/primermomento.com\/index.php?rest_route=\/wp\/v2\/posts"}],"about":[{"href":"https:\/\/primermomento.com\/index.php?rest_route=\/wp\/v2\/types\/post"}],"author":[{"embeddable":true,"href":"https:\/\/primermomento.com\/index.php?rest_route=\/wp\/v2\/users\/1"}],"replies":[{"embeddable":true,"href":"https:\/\/primermomento.com\/index.php?rest_route=%2Fwp%2Fv2%2Fcomments&post=453643"}],"version-history":[{"count":3,"href":"https:\/\/primermomento.com\/index.php?rest_route=\/wp\/v2\/posts\/453643\/revisions"}],"predecessor-version":[{"id":453648,"href":"https:\/\/primermomento.com\/index.php?rest_route=\/wp\/v2\/posts\/453643\/revisions\/453648"}],"wp:featuredmedia":[{"embeddable":true,"href":"https:\/\/primermomento.com\/index.php?rest_route=\/wp\/v2\/media\/453644"}],"wp:attachment":[{"href":"https:\/\/primermomento.com\/index.php?rest_route=%2Fwp%2Fv2%2Fmedia&parent=453643"}],"wp:term":[{"taxonomy":"category","embeddable":true,"href":"https:\/\/primermomento.com\/index.php?rest_route=%2Fwp%2Fv2%2Fcategories&post=453643"},{"taxonomy":"post_tag","embeddable":true,"href":"https:\/\/primermomento.com\/index.php?rest_route=%2Fwp%2Fv2%2Ftags&post=453643"}],"curies":[{"name":"wp","href":"https:\/\/api.w.org\/{rel}","templated":true}]}}