{"id":453751,"date":"2025-10-13T11:58:04","date_gmt":"2025-10-13T15:58:04","guid":{"rendered":"https:\/\/primermomento.com\/?p=453751"},"modified":"2025-10-13T19:03:03","modified_gmt":"2025-10-13T23:03:03","slug":"suben-a-64-los-fallecidos-por-intensas-lluvias-en-mexico","status":"publish","type":"post","link":"https:\/\/primermomento.com\/?p=453751","title":{"rendered":"Suben a 64 los fallecidos por intensas lluvias en M\u00e9xico"},"content":{"rendered":"<p><iframe loading=\"lazy\" title=\"Al menos 47 muertos y 38 desaparecidos a causa de las fuertes lluvias\" width=\"696\" height=\"392\" src=\"https:\/\/www.youtube.com\/embed\/_mxeyupEEvI?start=8&#038;feature=oembed\" frameborder=\"0\" allow=\"accelerometer; autoplay; clipboard-write; encrypted-media; gyroscope; picture-in-picture; web-share\" referrerpolicy=\"strict-origin-when-cross-origin\" allowfullscreen><\/iframe><\/p>\n<p><strong><em>Por <span style=\"color: #ff0000;\">Prensa Latina<\/span><\/em><\/strong><\/p>\n<p>Ciudad de M\u00e9xico, M\u00c9XICO.- La coordinadora nacional de Protecci\u00f3n Civil, Laura Vel\u00e1zquez, inform\u00f3 hoy el fallecimiento de 64 personas, la desaparici\u00f3n de 65 y afectaciones en 111 municipios por los efectos de intensas lluvias en cinco estados de M\u00e9xico.<\/p>\n<div class=\"elementor-element elementor-element-0aea3a0 elementor-widget elementor-widget-theme-post-content\" data-id=\"0aea3a0\" data-element_type=\"widget\" data-widget_type=\"theme-post-content.default\">\n<div class=\"elementor-widget-container\">\n<p>\u201cTodos los familiares de las personas fallecidas tienen el cobijo y el acompa\u00f1amiento de los gobiernos de los estados, la federaci\u00f3n y el municipio, nadie quedar\u00e1 desamparado\u201d, dijo la titular durante el habitual encuentro de la mandataria Claudia Sheinbaum con periodistas.<\/p>\n<p><img loading=\"lazy\" decoding=\"async\" class=\"size-medium wp-image-453752 alignleft\" src=\"https:\/\/primermomento.com\/wp-content\/uploads\/2025\/10\/mexico-fallecidos-lluvias-1-2-300x200.jpg\" alt=\"\" width=\"300\" height=\"200\" srcset=\"https:\/\/primermomento.com\/wp-content\/uploads\/2025\/10\/mexico-fallecidos-lluvias-1-2-300x200.jpg 300w, https:\/\/primermomento.com\/wp-content\/uploads\/2025\/10\/mexico-fallecidos-lluvias-1-2-768x512.jpg 768w, https:\/\/primermomento.com\/wp-content\/uploads\/2025\/10\/mexico-fallecidos-lluvias-1-2-696x464.jpg 696w, https:\/\/primermomento.com\/wp-content\/uploads\/2025\/10\/mexico-fallecidos-lluvias-1-2.jpg 1024w\" sizes=\"auto, (max-width: 300px) 100vw, 300px\" \/>Al intervenir en la conferencia de prensa v\u00eda internet, desde una de las zonas con perjuicios, Vel\u00e1zquez mencion\u00f3 40 demarcaciones con da\u00f1os en Veracruz, 22 en peores condiciones, as\u00ed como un total de 29 muertos y 18 ciudadanos sin localizar.<\/p>\n<p>Las evaluaciones en Puebla arrojaron 23 municipios afectados (17 con los mayores efectos), 13 decesos y cuatro desaparecidos; mientras en Hidalgo suman 28 las demarcaciones con p\u00e9rdidas (23 m\u00e1s da\u00f1adas), 21 personas fallecidas y 43 sin precisi\u00f3n de su paradero.<\/p>\n<p>En San Luis Potos\u00ed, 12 municipios resultaron con perjuicios (dos con mayores efectos), y en Quer\u00e9taro totalizan ocho (dos m\u00e1s da\u00f1ados), en tanto se reporta un muerto.<\/p>\n<p>Vel\u00e1zquez record\u00f3 que se cuenta con el apoyo del 079 para reportar a cualquier familiar no localizado de estos estados.<\/p>\n<p>Del 6 al 9 de octubre \u00faltimo se registraron intensas precipitaciones en la naci\u00f3n derivadas de la Perturbaci\u00f3n Tropical 90-E, particularmente en las cinco entidades federativas mencionadas. Seg\u00fan la coordinadora nacional de Protecci\u00f3n Civil, el 8 de octubre cayeron 280 mm en Veracruz y 286 mm en Puebla, lo cual ocasion\u00f3 el aumento del nivel de los r\u00edos y de los arroyos aleda\u00f1os a estos estados.<\/p>\n<p>A partir del 6 de octubre y hasta la fecha los gobiernos federal, estatales y municipales atienden a la poblaci\u00f3n afectada, mediante un despliegue con elementos de las secretar\u00edas de Defensa y Marina, que incluye aeronaves, cocina m\u00f3vil, lanchas, maquinaria pesada y plantas potabilizadoras.<\/p>\n<p>La Comisi\u00f3n Federal de Electricidad y la Secretar\u00eda de Infraestructura prosiguen el trabajo para restituir completamente el servicio el\u00e9ctrico y solucionar las interrupciones en carreteras de las mencionadas entidades federativas, respectivamente.<\/p>\n<p>Ayer se intensificaron las labores de limpieza y desazolve en calles, viviendas, escuelas y espacios p\u00fablicos.<\/p>\n<p>Tambi\u00e9n el domingo Sheinbaum visit\u00f3 municipios afectados por la emergencia, tras lo cual inform\u00f3 sobre el establecimiento de puentes a\u00e9reos hacia comunidades que permanecen aisladas y reiter\u00f3 que nadie quedar\u00e1 desamparado.<\/p>\n<\/div>\n<\/div>\n<div class=\"elementor-element elementor-element-4f75016 elementor-widget elementor-widget-post-info\" data-id=\"4f75016\" data-element_type=\"widget\" data-widget_type=\"post-info.default\">\n<div class=\"elementor-widget-container\">\n<ul class=\"elementor-inline-items elementor-icon-list-items elementor-post-info\">\n<li class=\"elementor-icon-list-item elementor-repeater-item-17dda3e elementor-inline-item\"><em><span class=\"elementor-icon-list-text elementor-post-info__item elementor-post-info__item--type-custom\">#<a href=\"https:\/\/primermomento.com\/?p=453751\" rel=\"tag\">hidalgo<\/a>\u00a0#<a href=\"https:\/\/primermomento.com\/?p=453751\" rel=\"tag\">lluvias<\/a>\u00a0#<a href=\"https:\/\/primermomento.com\/?p=453751\" rel=\"tag\">M\u00e9xico<\/a>\u00a0#<a href=\"https:\/\/primermomento.com\/?p=453751\" rel=\"tag\">puebla<\/a>\u00a0#<a href=\"https:\/\/primermomento.com\/?p=453751\" rel=\"tag\">Quer\u00e9taro<\/a>\u00a0#<a href=\"https:\/\/primermomento.com\/?p=453751\" rel=\"tag\">san luis potosi<\/a>\u00a0#<a href=\"https:\/\/primermomento.com\/?p=453751\" rel=\"tag\">veracruz<\/a><\/span><\/em><\/li>\n<\/ul>\n<\/div>\n<\/div>\n<h1 class=\"elementor-heading-title elementor-size-default\"><\/h1>\n","protected":false},"excerpt":{"rendered":"<p>Por Prensa Latina Ciudad de M\u00e9xico, M\u00c9XICO.- La coordinadora nacional de Protecci\u00f3n Civil, Laura Vel\u00e1zquez, inform\u00f3 hoy el fallecimiento de 64 personas, la desaparici\u00f3n de 65 y afectaciones en 111 municipios por los efectos de intensas lluvias en cinco estados de M\u00e9xico. \u201cTodos los familiares de las personas fallecidas tienen el cobijo y el acompa\u00f1amiento [&hellip;]<\/p>\n","protected":false},"author":1,"featured_media":453752,"comment_status":"open","ping_status":"open","sticky":false,"template":"","format":"video","meta":{"_bbp_topic_count":0,"_bbp_reply_count":0,"_bbp_total_topic_count":0,"_bbp_total_reply_count":0,"_bbp_voice_count":0,"_bbp_anonymous_reply_count":0,"_bbp_topic_count_hidden":0,"_bbp_reply_count_hidden":0,"_bbp_forum_subforum_count":0,"footnotes":""},"categories":[37,106],"tags":[],"class_list":["post-453751","post","type-post","status-publish","format-video","has-post-thumbnail","category-ciencia-tecnologia","category-video-news","post_format-post-format-video"],"_links":{"self":[{"href":"https:\/\/primermomento.com\/index.php?rest_route=\/wp\/v2\/posts\/453751","targetHints":{"allow":["GET"]}}],"collection":[{"href":"https:\/\/primermomento.com\/index.php?rest_route=\/wp\/v2\/posts"}],"about":[{"href":"https:\/\/primermomento.com\/index.php?rest_route=\/wp\/v2\/types\/post"}],"author":[{"embeddable":true,"href":"https:\/\/primermomento.com\/index.php?rest_route=\/wp\/v2\/users\/1"}],"replies":[{"embeddable":true,"href":"https:\/\/primermomento.com\/index.php?rest_route=%2Fwp%2Fv2%2Fcomments&post=453751"}],"version-history":[{"count":1,"href":"https:\/\/primermomento.com\/index.php?rest_route=\/wp\/v2\/posts\/453751\/revisions"}],"predecessor-version":[{"id":453753,"href":"https:\/\/primermomento.com\/index.php?rest_route=\/wp\/v2\/posts\/453751\/revisions\/453753"}],"wp:featuredmedia":[{"embeddable":true,"href":"https:\/\/primermomento.com\/index.php?rest_route=\/wp\/v2\/media\/453752"}],"wp:attachment":[{"href":"https:\/\/primermomento.com\/index.php?rest_route=%2Fwp%2Fv2%2Fmedia&parent=453751"}],"wp:term":[{"taxonomy":"category","embeddable":true,"href":"https:\/\/primermomento.com\/index.php?rest_route=%2Fwp%2Fv2%2Fcategories&post=453751"},{"taxonomy":"post_tag","embeddable":true,"href":"https:\/\/primermomento.com\/index.php?rest_route=%2Fwp%2Fv2%2Ftags&post=453751"}],"curies":[{"name":"wp","href":"https:\/\/api.w.org\/{rel}","templated":true}]}}