{"id":453858,"date":"2025-10-14T08:00:17","date_gmt":"2025-10-14T12:00:17","guid":{"rendered":"https:\/\/primermomento.com\/?p=453858"},"modified":"2025-10-14T15:54:16","modified_gmt":"2025-10-14T19:54:16","slug":"oms-urge-a-mejorar-la-atencion-neurologica-y-la-salud-cerebral","status":"publish","type":"post","link":"https:\/\/primermomento.com\/?p=453858","title":{"rendered":"OMS urge a mejorar la atenci\u00f3n neurol\u00f3gica y la salud cerebral"},"content":{"rendered":"<p><strong><em>Por<span style=\"color: #ff0000;\"> Prensa Latina<\/span><\/em><\/strong><\/p>\n<p>Ginebra, SUIZA.- La Organizaci\u00f3n Mundial de la Salud (OMS) llam\u00f3 hoy a actuar de manera urgente y coordinada en todo el mundo, con datos cient\u00edficos, para priorizar la salud cerebral y ampliar la atenci\u00f3n neurol\u00f3gica.<\/p>\n<div class=\"elementor-element elementor-element-0aea3a0 elementor-widget elementor-widget-theme-post-content\" data-id=\"0aea3a0\" data-element_type=\"widget\" data-widget_type=\"theme-post-content.default\">\n<div class=\"elementor-widget-container\">\n<p>El mensaje llega con la presentaci\u00f3n del primer informe mundial sobre la situaci\u00f3n de la neurolog\u00eda, que revel\u00f3 que m\u00e1s de tres mil millones de personas \u2014m\u00e1s de 40 por ciento de la poblaci\u00f3n\u2014 padecen alguna afecci\u00f3n neurol\u00f3gica, trastorno que provoca 11 millones de muertes cada a\u00f1o.<\/p>\n<p>Las 10 afecciones neurol\u00f3gicas que m\u00e1s mortalidad y discapacidad causaron en 2021 fueron el accidente cerebrovascular, la encefalopat\u00eda neonatal, la migra\u00f1a, la enfermedad de Alzheimer y otras demencias, la neuropat\u00eda diab\u00e9tica, la meningitis, la epilepsia idiop\u00e1tica, las complicaciones neurol\u00f3gicas del parto prematuro, los trastornos del espectro autista y los c\u00e1nceres del sistema nervioso.<\/p>\n<p>El documento resalt\u00f3, adem\u00e1s, las desigualdades en el tema, pues, a pesar de la enorme prevalencia de estas dolencias, los pa\u00edses de renta baja cuentan con una proporci\u00f3n de neur\u00f3logos 80 veces inferior que los de ingresos altos.<\/p>\n<p>Muchos pa\u00edses de ingresos bajos y medianos carecen de planes nacionales, presupuestos y personal especializado en esta disciplina.<\/p>\n<p>Aunque muchas de las dolencias neurol\u00f3gicas pueden prevenirse o tratarse eficazmente, la mayor\u00eda de los afectados no tiene acceso a estos servicios, situaci\u00f3n especialmente evidente en las zonas rurales y desatendidas, donde puede causar estigmatizaci\u00f3n, exclusi\u00f3n social y dificultades econ\u00f3micas.<\/p>\n<p>El informe subray\u00f3 que al carecer de marcos normativos s\u00f3lidos, los sistemas de salud siguen estando fragmentados y no disponen de suficientes recursos y capacidad para atender adecuadamente las necesidades de los pacientes y sus familias.<\/p>\n<p>A\u00f1adi\u00f3 que aunque se han logrado avances gracias a campa\u00f1as de sensibilizaci\u00f3n y a la presi\u00f3n ante las instituciones, a\u00fan queda mucho por hacer para reducir la estigmatizaci\u00f3n que generan estas afecciones, impulsar reformas y conseguir que millones de personas reciban la atenci\u00f3n y el reconocimiento que merecen.<\/p>\n<p>Advirti\u00f3 tambi\u00e9n de la grave escasez de profesionales cualificados, lo que demuestra el hecho de que el n\u00famero de neur\u00f3logos por cada 100 mil habitantes en los pa\u00edses de ingresos bajos es de hasta 82 veces inferior que en los de ingresos altos.<\/p>\n<p>Debido a esta falta de personal especializado, muchos afectados no reciben a tiempo un diagn\u00f3stico y un tratamiento adecuados ni una atenci\u00f3n continuada, apuntaron los expertos.<\/p>\n<\/div>\n<\/div>\n<div class=\"elementor-element elementor-element-4f75016 elementor-widget elementor-widget-post-info\" data-id=\"4f75016\" data-element_type=\"widget\" data-widget_type=\"post-info.default\">\n<div class=\"elementor-widget-container\">\n<ul class=\"elementor-inline-items elementor-icon-list-items elementor-post-info\">\n<li class=\"elementor-icon-list-item elementor-repeater-item-17dda3e elementor-inline-item\"><em><span class=\"elementor-icon-list-text elementor-post-info__item elementor-post-info__item--type-custom\">#<a href=\"https:\/\/primermomento.com\/?p=453858\" rel=\"tag\">neurologia<\/a>\u00a0#<a href=\"https:\/\/primermomento.com\/?p=453858\" rel=\"tag\">OMS<\/a>\u00a0#<a href=\"https:\/\/primermomento.com\/?p=453858\" rel=\"tag\">salud<\/a>\u00a0#<a href=\"https:\/\/primermomento.com\/?p=453858\" rel=\"tag\">salud cerebral<\/a><\/span><\/em><\/li>\n<\/ul>\n<\/div>\n<\/div>\n","protected":false},"excerpt":{"rendered":"<p>Por Prensa Latina Ginebra, SUIZA.- La Organizaci\u00f3n Mundial de la Salud (OMS) llam\u00f3 hoy a actuar de manera urgente y coordinada en todo el mundo, con datos cient\u00edficos, para priorizar la salud cerebral y ampliar la atenci\u00f3n neurol\u00f3gica. El mensaje llega con la presentaci\u00f3n del primer informe mundial sobre la situaci\u00f3n de la neurolog\u00eda, que [&hellip;]<\/p>\n","protected":false},"author":1,"featured_media":453859,"comment_status":"open","ping_status":"open","sticky":false,"template":"","format":"standard","meta":{"_bbp_topic_count":0,"_bbp_reply_count":0,"_bbp_total_topic_count":0,"_bbp_total_reply_count":0,"_bbp_voice_count":0,"_bbp_anonymous_reply_count":0,"_bbp_topic_count_hidden":0,"_bbp_reply_count_hidden":0,"_bbp_forum_subforum_count":0,"footnotes":""},"categories":[36],"tags":[],"class_list":{"0":"post-453858","1":"post","2":"type-post","3":"status-publish","4":"format-standard","5":"has-post-thumbnail","7":"category-salud"},"_links":{"self":[{"href":"https:\/\/primermomento.com\/index.php?rest_route=\/wp\/v2\/posts\/453858","targetHints":{"allow":["GET"]}}],"collection":[{"href":"https:\/\/primermomento.com\/index.php?rest_route=\/wp\/v2\/posts"}],"about":[{"href":"https:\/\/primermomento.com\/index.php?rest_route=\/wp\/v2\/types\/post"}],"author":[{"embeddable":true,"href":"https:\/\/primermomento.com\/index.php?rest_route=\/wp\/v2\/users\/1"}],"replies":[{"embeddable":true,"href":"https:\/\/primermomento.com\/index.php?rest_route=%2Fwp%2Fv2%2Fcomments&post=453858"}],"version-history":[{"count":1,"href":"https:\/\/primermomento.com\/index.php?rest_route=\/wp\/v2\/posts\/453858\/revisions"}],"predecessor-version":[{"id":453860,"href":"https:\/\/primermomento.com\/index.php?rest_route=\/wp\/v2\/posts\/453858\/revisions\/453860"}],"wp:featuredmedia":[{"embeddable":true,"href":"https:\/\/primermomento.com\/index.php?rest_route=\/wp\/v2\/media\/453859"}],"wp:attachment":[{"href":"https:\/\/primermomento.com\/index.php?rest_route=%2Fwp%2Fv2%2Fmedia&parent=453858"}],"wp:term":[{"taxonomy":"category","embeddable":true,"href":"https:\/\/primermomento.com\/index.php?rest_route=%2Fwp%2Fv2%2Fcategories&post=453858"},{"taxonomy":"post_tag","embeddable":true,"href":"https:\/\/primermomento.com\/index.php?rest_route=%2Fwp%2Fv2%2Ftags&post=453858"}],"curies":[{"name":"wp","href":"https:\/\/api.w.org\/{rel}","templated":true}]}}