{"id":454090,"date":"2025-10-17T06:00:38","date_gmt":"2025-10-17T10:00:38","guid":{"rendered":"https:\/\/primermomento.com\/?p=454090"},"modified":"2025-10-17T09:26:58","modified_gmt":"2025-10-17T13:26:58","slug":"trastorno-mixto-ansioso-depresivo-un-malestar-silencioso-con-rostro-doble","status":"publish","type":"post","link":"https:\/\/primermomento.com\/?p=454090","title":{"rendered":"Trastorno mixto ansioso-depresivo: un malestar silencioso con rostro doble"},"content":{"rendered":"<p><strong><em><span lang=\"ES-DO\">Por <span style=\"color: #ff0000;\">Ram\u00f3n Ceballo<\/span><\/span><\/em><\/strong><\/p>\n<p><span lang=\"ES-DO\">El trastorno mixto ansioso-depresivo (TMAD o MADD, por sus siglas en ingl\u00e9s) es una condici\u00f3n psiqui\u00e1trica caracterizada por la presencia simult\u00e1nea de s\u00edntomas de ansiedad y depresi\u00f3n, pero sin que una de los dos predomine claramente ni cumpla por s\u00ed solo los criterios diagn\u00f3sticos de un trastorno mayor.<\/span><\/p>\n<p><span lang=\"ES-DO\">Seg\u00fan la Clasificaci\u00f3n Internacional de Enfermedades (CIE-10), esta categor\u00eda se reserva cuando ambos conjuntos de s\u00edntomas, ansiosos y depresivos, est\u00e1n presentes pero con intensidad moderada, sin que ninguno sea lo suficientemente grave como para justificar un diagn\u00f3stico separado.\u00a0<\/span><\/p>\n<figure id=\"attachment_435960\" aria-describedby=\"caption-attachment-435960\" style=\"width: 268px\" class=\"wp-caption alignright\"><img loading=\"lazy\" decoding=\"async\" class=\"size-full wp-image-435960\" src=\"https:\/\/primermomento.com\/wp-content\/uploads\/2025\/02\/Ramon-Ceballo-ultima-1.jpg\" alt=\"\" width=\"268\" height=\"243\" \/><figcaption id=\"caption-attachment-435960\" class=\"wp-caption-text\">Ram\u00f3n Ceballo<br \/>Sic\u00f3logo<\/figcaption><\/figure>\n<p><span lang=\"ES-DO\">Se estima que su prevalencia a un mes es de alrededor del\u00a0<b>8,8 %<\/b>\u00a0en ciertos estudios, y que un porcentaje significativo de ausencias laborales podr\u00eda atribuirse a este trastorno.<\/span><\/p>\n<p><span lang=\"ES-DO\">El TMAD suele aparecer en atenci\u00f3n primaria y se considera frecuente en contextos de carga ps\u00edquica continua. En muchos casos, los pacientes con depresi\u00f3n tambi\u00e9n muestran s\u00edntomas de ansiedad, y viceversa, lo cual complica el diagn\u00f3stico diferencial.<\/span><\/p>\n<p><span lang=\"ES-DO\">Las manifestaciones cl\u00ednicas del trastorno mixto ansioso-depresivo combinan, en un mismo cuadro, los rasgos m\u00e1s caracter\u00edsticos de la ansiedad y la depresi\u00f3n. Los pacientes suelen experimentar una tristeza persistente, sentimientos de desesperanza o un estado an\u00edmico bajo, acompa\u00f1ado de una preocupaci\u00f3n constante, inquietud o tensi\u00f3n nerviosa dif\u00edcil de controlar.<\/span><\/p>\n<p><span lang=\"ES-DO\">Se observa tambi\u00e9n una marcada fatiga, falta de energ\u00eda y sensaci\u00f3n de agotamiento, junto a dificultades para concentrarse, tomar decisiones o mantener la atenci\u00f3n en tareas cotidianas. A esto se suman las alteraciones del sue\u00f1o, como el insomnio o la hipersomnia, la irritabilidad, los cambios en el apetito o el peso y una sensaci\u00f3n de incapacidad para enfrentar la realidad o cumplir con las responsabilidades diarias.<\/span><\/p>\n<p><span lang=\"ES-DO\">Estos s\u00edntomas, aunque de intensidad moderada, suelen ser persistentes y conducen a un deterioro progresivo del funcionamiento social, laboral y emocional, equiparable al que se observa en los trastornos de ansiedad o depresi\u00f3n plenamente definidos.<\/span><\/p>\n<p><span lang=\"ES-DO\">La etiolog\u00eda del trastorno mixto ansioso-depresivo es compleja y multidimensional. Se consideran factores gen\u00e9ticos, bioqu\u00edmicos (incluyendo disfunciones neuroendocrinas o del sistema noradren\u00e9rgico), estr\u00e9s cr\u00f3nico, vulnerabilidades personales y condiciones ambientales adversas.<\/span><\/p>\n<p><span lang=\"ES-DO\">Respecto a su curso, algunas investigaciones se\u00f1alan que cerca de dos tercios de los pacientes con MADD no experimentan un nivel grave de malestar ps\u00edquico a los tres meses o un a\u00f1o, aunque sus niveles de calidad de vida mental quedan persistentemente por debajo de personas sin trastornos. Un peque\u00f1o porcentaje podr\u00eda evolucionar hacia trastornos m\u00e1s severos si no recibe atenci\u00f3n adecuada<\/span><\/p>\n<p><span lang=\"ES-DO\">Diagnosticar el trastorno mixto ansioso-depresivo puede resultar desafiante, pues sus s\u00edntomas se sobreponen con los de trastornos de ansiedad y depresi\u00f3n m\u00e1s definidos.<\/span><\/p>\n<p><span lang=\"ES-DO\">La clave est\u00e1 en identificar la presencia simult\u00e1nea de s\u00edntomas menos severos pero persistentes, que generan malestar funcional sin alcanzar los criterios completos de otros trastornos. En cuanto al tratamiento, se recomienda una estrategia multidisciplinaria que combine:<\/span><\/p>\n<p><span lang=\"ES-DO\">El abordaje del trastorno mixto ansioso-depresivo requiere una estrategia integral que combine diversas intervenciones. La psicoterapia, especialmente la terapia cognitivo-conductual adaptada a ambos componentes, constituye la base del tratamiento, permitiendo al paciente reconocer y modificar patrones de pensamiento y conducta disfuncionales.<\/span><\/p>\n<p><span lang=\"ES-DO\">La medicaci\u00f3n puede ser necesaria cuando los s\u00edntomas lo justifican, incluyendo el uso de antidepresivos o ansiol\u00edticos, siempre bajo estricta supervisi\u00f3n m\u00e9dica. Complementariamente, las intervenciones psicosociales buscan disminuir el estr\u00e9s, fortalecer las habilidades de afrontamiento y modificar los factores ambientales que contribuyen al cuadro cl\u00ednico.<\/span><\/p>\n<p><span lang=\"ES-DO\">Finalmente, el seguimiento prolongado resulta fundamental, dado el riesgo de reca\u00eddas o la progresi\u00f3n hacia trastornos m\u00e1s graves, garantizando as\u00ed una recuperaci\u00f3n sostenida y una mejora en la calidad de vida del paciente.<\/span><\/p>\n<p><span lang=\"ES-DO\">El trastorno mixto ansioso-depresivo, a menudo invisible dentro del sistema de salud mental, representa un desaf\u00edo silencioso, no se reconoce con facilidad, porque no \u201cencaja\u201d del todo en los moldes cl\u00e1sicos de ansiedad o depresi\u00f3n.<\/span><\/p>\n<p><span lang=\"ES-DO\">Pero su impacto no es menor: deterioro en la calidad de vida, sufrimiento prolongado y riesgo de cronificaci\u00f3n si no se aborda a tiempo.<\/span><\/p>\n<p><span lang=\"ES-DO\">En un mundo que exige rendimiento constante y presi\u00f3n diaria, este trastorno es un recordatorio urgente de que la salud mental no admite divisiones r\u00edgidas. Atenderlo es reconocer la complejidad del sufrimiento humano y ofrecer respuestas integrales, con sensibilidad, ciencia y humanidad.<\/span><\/p>\n","protected":false},"excerpt":{"rendered":"<p>Por Ram\u00f3n Ceballo El trastorno mixto ansioso-depresivo (TMAD o MADD, por sus siglas en ingl\u00e9s) es una condici\u00f3n psiqui\u00e1trica caracterizada por la presencia simult\u00e1nea de s\u00edntomas de ansiedad y depresi\u00f3n, pero sin que una de los dos predomine claramente ni cumpla por s\u00ed solo los criterios diagn\u00f3sticos de un trastorno mayor. Seg\u00fan la Clasificaci\u00f3n Internacional [&hellip;]<\/p>\n","protected":false},"author":1,"featured_media":412179,"comment_status":"open","ping_status":"open","sticky":false,"template":"","format":"standard","meta":{"_bbp_topic_count":0,"_bbp_reply_count":0,"_bbp_total_topic_count":0,"_bbp_total_reply_count":0,"_bbp_voice_count":0,"_bbp_anonymous_reply_count":0,"_bbp_topic_count_hidden":0,"_bbp_reply_count_hidden":0,"_bbp_forum_subforum_count":0,"footnotes":""},"categories":[33],"tags":[],"class_list":{"0":"post-454090","1":"post","2":"type-post","3":"status-publish","4":"format-standard","5":"has-post-thumbnail","7":"category-opinion"},"_links":{"self":[{"href":"https:\/\/primermomento.com\/index.php?rest_route=\/wp\/v2\/posts\/454090","targetHints":{"allow":["GET"]}}],"collection":[{"href":"https:\/\/primermomento.com\/index.php?rest_route=\/wp\/v2\/posts"}],"about":[{"href":"https:\/\/primermomento.com\/index.php?rest_route=\/wp\/v2\/types\/post"}],"author":[{"embeddable":true,"href":"https:\/\/primermomento.com\/index.php?rest_route=\/wp\/v2\/users\/1"}],"replies":[{"embeddable":true,"href":"https:\/\/primermomento.com\/index.php?rest_route=%2Fwp%2Fv2%2Fcomments&post=454090"}],"version-history":[{"count":1,"href":"https:\/\/primermomento.com\/index.php?rest_route=\/wp\/v2\/posts\/454090\/revisions"}],"predecessor-version":[{"id":454091,"href":"https:\/\/primermomento.com\/index.php?rest_route=\/wp\/v2\/posts\/454090\/revisions\/454091"}],"wp:featuredmedia":[{"embeddable":true,"href":"https:\/\/primermomento.com\/index.php?rest_route=\/wp\/v2\/media\/412179"}],"wp:attachment":[{"href":"https:\/\/primermomento.com\/index.php?rest_route=%2Fwp%2Fv2%2Fmedia&parent=454090"}],"wp:term":[{"taxonomy":"category","embeddable":true,"href":"https:\/\/primermomento.com\/index.php?rest_route=%2Fwp%2Fv2%2Fcategories&post=454090"},{"taxonomy":"post_tag","embeddable":true,"href":"https:\/\/primermomento.com\/index.php?rest_route=%2Fwp%2Fv2%2Ftags&post=454090"}],"curies":[{"name":"wp","href":"https:\/\/api.w.org\/{rel}","templated":true}]}}