{"id":454095,"date":"2025-10-17T13:22:57","date_gmt":"2025-10-17T17:22:57","guid":{"rendered":"https:\/\/primermomento.com\/?p=454095"},"modified":"2025-10-17T16:49:10","modified_gmt":"2025-10-17T20:49:10","slug":"senado-de-la-republica-aprueba-modificacion-al-codigo-de-trabajo","status":"publish","type":"post","link":"https:\/\/primermomento.com\/?p=454095","title":{"rendered":"Senado de la Rep\u00fablica aprueba modificaci\u00f3n al C\u00f3digo de Trabajo"},"content":{"rendered":"<p><strong><em>Por <span style=\"color: #ff0000;\">Prensa Latina<\/span><\/em><\/strong><\/p>\n<p>SANTO DOMINGO, Rep\u00fablica Dominicana.- El Senado de la Rep\u00fablica Dominicana aprob\u00f3 en segunda lectura el proyecto de ley que modifica la Ley 16-92, sobre el C\u00f3digo de Trabajo, sin tocar la cesant\u00eda, inform\u00f3 hoy.<\/p>\n<div class=\"elementor-element elementor-element-0aea3a0 elementor-widget elementor-widget-theme-post-content\" data-id=\"0aea3a0\" data-element_type=\"widget\" data-widget_type=\"theme-post-content.default\">\n<div class=\"elementor-widget-container\">\n<p>La nueva normativa garantiza la permanencia de la cesant\u00eda, incluye el teletrabajo, elimina el cobro del 10 por ciento de las propinas a los trabajadores de servicios de entregas de mercanc\u00edas, y establece 20 minutos de permiso tres veces al d\u00eda a las madres en per\u00edodo de lactancia.<\/p>\n<p>La medida busca adaptar la legislaci\u00f3n laboral a las necesidades actuales de trabajadores y empleadores, as\u00ed como a los avances tecnol\u00f3gicos.<\/p>\n<p>El proyecto fue presentado al pleno por Manuel Rodr\u00edguez, Crist\u00f3bal Venerado Castillo, Julito Fulcar, Mar\u00eda Mercedes Ortiz, Johnson Encarnaci\u00f3n D\u00edaz y Secundino Vel\u00e1zquez.<\/p>\n<p>En la sesi\u00f3n de este jueves el Senado aprob\u00f3 el Proyecto de Ley que exonera de impuestos de importaci\u00f3n a las c\u00e1maras digitales utilizadas en los sistemas de seguridad, iniciativa remitida por Ginnette Bournigal, que beneficiar\u00e1 residencias, comercios y empresas.<\/p>\n<p>Tambi\u00e9n la Ley Nacional de Vacunas, presentada por los senadores L\u00eda Ynocencia D\u00edaz de D\u00edaz, Daniel Rivera, Johnson Encarnaci\u00f3n y Ginnette Bournigal, que garantizar\u00e1 a las instituciones p\u00fablicas y privadas del Sistema Nacional de Salud la adquisici\u00f3n, conservaci\u00f3n y aplicaci\u00f3n gratuita de las vacunas incluidas en el esquema nacional.<\/p>\n<p>De igual forma, se sancion\u00f3 la Ley que declara Patrimonio Cultural Inmaterial de la Naci\u00f3n a la Hermandad de los Toreros de la Virgen de La Altagracia, la tradici\u00f3n de Los Toros de la Virgen y la ruta de peregrinaci\u00f3n, propuesta respaldada por varios senadores.<\/p>\n<p>Los asamble\u00edstas dieron luz verde al Proyecto de Ley que incluye en el dise\u00f1o curricular del sistema de ense\u00f1anza programas de orientaci\u00f3n sobre educaci\u00f3n emocional e inteligencia emocional en las escuelas p\u00fablicas y privadas.<\/p>\n<p>Certificaron, adem\u00e1s, el Acuerdo de Servicios A\u00e9reos entre los gobiernos de la Rep\u00fablica Dominicana y de Jamaica, proyecto remitido por el Poder Ejecutivo.<\/p>\n<\/div>\n<\/div>\n<div class=\"elementor-element elementor-element-4f75016 elementor-widget elementor-widget-post-info\" data-id=\"4f75016\" data-element_type=\"widget\" data-widget_type=\"post-info.default\">\n<div class=\"elementor-widget-container\">\n<ul class=\"elementor-inline-items elementor-icon-list-items elementor-post-info\">\n<li class=\"elementor-icon-list-item elementor-repeater-item-17dda3e elementor-inline-item\"><span class=\"elementor-icon-list-text elementor-post-info__item elementor-post-info__item--type-custom\">#<em><a href=\"https:\/\/primermomento.com\/?p=454095\" rel=\"tag\">senado<\/a><\/em><\/span><\/li>\n<\/ul>\n<\/div>\n<\/div>\n","protected":false},"excerpt":{"rendered":"<p>Por Prensa Latina SANTO DOMINGO, Rep\u00fablica Dominicana.- El Senado de la Rep\u00fablica Dominicana aprob\u00f3 en segunda lectura el proyecto de ley que modifica la Ley 16-92, sobre el C\u00f3digo de Trabajo, sin tocar la cesant\u00eda, inform\u00f3 hoy. La nueva normativa garantiza la permanencia de la cesant\u00eda, incluye el teletrabajo, elimina el cobro del 10 por [&hellip;]<\/p>\n","protected":false},"author":1,"featured_media":454096,"comment_status":"open","ping_status":"open","sticky":false,"template":"","format":"standard","meta":{"_bbp_topic_count":0,"_bbp_reply_count":0,"_bbp_total_topic_count":0,"_bbp_total_reply_count":0,"_bbp_voice_count":0,"_bbp_anonymous_reply_count":0,"_bbp_topic_count_hidden":0,"_bbp_reply_count_hidden":0,"_bbp_forum_subforum_count":0,"footnotes":""},"categories":[35],"tags":[],"class_list":{"0":"post-454095","1":"post","2":"type-post","3":"status-publish","4":"format-standard","5":"has-post-thumbnail","7":"category-economia"},"_links":{"self":[{"href":"https:\/\/primermomento.com\/index.php?rest_route=\/wp\/v2\/posts\/454095","targetHints":{"allow":["GET"]}}],"collection":[{"href":"https:\/\/primermomento.com\/index.php?rest_route=\/wp\/v2\/posts"}],"about":[{"href":"https:\/\/primermomento.com\/index.php?rest_route=\/wp\/v2\/types\/post"}],"author":[{"embeddable":true,"href":"https:\/\/primermomento.com\/index.php?rest_route=\/wp\/v2\/users\/1"}],"replies":[{"embeddable":true,"href":"https:\/\/primermomento.com\/index.php?rest_route=%2Fwp%2Fv2%2Fcomments&post=454095"}],"version-history":[{"count":1,"href":"https:\/\/primermomento.com\/index.php?rest_route=\/wp\/v2\/posts\/454095\/revisions"}],"predecessor-version":[{"id":454097,"href":"https:\/\/primermomento.com\/index.php?rest_route=\/wp\/v2\/posts\/454095\/revisions\/454097"}],"wp:featuredmedia":[{"embeddable":true,"href":"https:\/\/primermomento.com\/index.php?rest_route=\/wp\/v2\/media\/454096"}],"wp:attachment":[{"href":"https:\/\/primermomento.com\/index.php?rest_route=%2Fwp%2Fv2%2Fmedia&parent=454095"}],"wp:term":[{"taxonomy":"category","embeddable":true,"href":"https:\/\/primermomento.com\/index.php?rest_route=%2Fwp%2Fv2%2Fcategories&post=454095"},{"taxonomy":"post_tag","embeddable":true,"href":"https:\/\/primermomento.com\/index.php?rest_route=%2Fwp%2Fv2%2Ftags&post=454095"}],"curies":[{"name":"wp","href":"https:\/\/api.w.org\/{rel}","templated":true}]}}