{"id":454295,"date":"2025-10-20T13:00:26","date_gmt":"2025-10-20T17:00:26","guid":{"rendered":"https:\/\/primermomento.com\/?p=454295"},"modified":"2025-10-21T07:06:34","modified_gmt":"2025-10-21T11:06:34","slug":"ministerio-de-trabajo-realizara-gran-jornada-de-empleos-con-6811-vacantes","status":"publish","type":"post","link":"https:\/\/primermomento.com\/?p=454295","title":{"rendered":"Ministerio de Trabajo realizar\u00e1 gran jornada de empleos con 6,811 vacantes"},"content":{"rendered":"<p dir=\"ltr\"><strong><em>Por<span style=\"color: #ff0000;\"> Servicios de Primermomento.com<\/span><\/em><\/strong><\/p>\n<p dir=\"ltr\">SANTO DOMINGO, Rep\u00fablica Dominicana.- Bajo el lema \u201cTu empleo est\u00e1 aqu\u00ed\u201d, el\u00a0Ministerio de Trabajo\u00a0celebrar\u00e1 una gran jornada de empleos con\u00a06,811 vacantes, en la que, adem\u00e1s, lanzar\u00e1 formalmente el\u00a0Programa \u201cRD-Trabaja\u201d,\u00a0mediante el cual se impulsar\u00e1 la meta de alcanzar el\u00a050 % de la formalidad de los empleos\u00a0en el pa\u00eds.<\/p>\n<p dir=\"ltr\">La\u00a0nueva modalidad de poner las plazas vacantes a disposici\u00f3n de los buscadores de empleos se celebrar\u00e1 el pr\u00f3ximo 22 de octubre, en horario de 9 de la ma\u00f1ana a 5 de la tarde, en el Centro de Convenciones de Unicaribe, en el Malec\u00f3n de Santo Domingo.<\/p>\n<p dir=\"ltr\">El ministro de Trabajo,\u00a0Eddy Olivares, afirm\u00f3 que esta ser\u00e1 una\u00a0actividad sin precedentes, encabezada por\u00a0el presidente Luis Abinader,\u00a0donde\u00a064 empresas\u00a0de diversos sectores, tales como el hotelero, industrial y de servicio, buscar\u00e1n cubrir los puestos vacantes.<\/p>\n<p dir=\"ltr\"><em>\u201cLos representantes de las empresas recibir\u00e1n los curr\u00edculos y har\u00e1n las entrevistas en un buen ambiente de trabajo, donde los participantes tambi\u00e9n recibir\u00e1n charlas y talleres de b\u00fasqueda de empleo\u201d,<\/em>\u00a0a\u00f1adi\u00f3 el ministro.<\/p>\n<p dir=\"ltr\">Este tipo de actividad es una muestra clara de la\u00a0firme decisi\u00f3n del Gobierno de reducir la informalidad laboral\u00a0y de garantizar que quienes est\u00e9n\u00a0desempleados\u00a0reciban la\u00a0oportunidad\u00a0de incorporarse al mercado laboral en\u00a0empleos decentes.<\/p>\n<p dir=\"ltr\">Dijo que,\u00a0<em>\u201cafortunadamente el pa\u00eds se ha convertido en un oasis para la inversi\u00f3n extranjera, gracias a la seguridad jur\u00eddica y la paz laboral y social, lo que contribuye con el crecimiento econ\u00f3mico y la creaci\u00f3n de m\u00e1s y mejores empleos\u201d.<\/em><\/p>\n<p dir=\"ltr\">Olivares expres\u00f3 que\u00a0las jornadas de empleo, a trav\u00e9s de \u201cRD-Trabaja\u201d,\u00a0est\u00e1n siendo transformadas y dotadas de\u00a0mecanismos y facilidades que las hacen m\u00e1s efectivas\u00a0y garantizan que las empresas participantes inserten m\u00e1s buscadores de empleos. Agreg\u00f3 que, a estos fines, los\u00a0t\u00e9cnicos del Servicio Nacional de Empleos del Ministerio de Trabajo\u00a0mantendr\u00e1n una fluida\u00a0<em>comunicaci\u00f3n con las empresas<\/em>\u00a0y un efectivo\u00a0seguimiento de resultados\u00a0despu\u00e9s de la materializaci\u00f3n de la jornada.<\/p>\n<p dir=\"ltr\"><em>\u201cCon los registros digitales de las empresas y los buscadores de empleo aumentaremos el monitoreo, seguimiento y evaluaci\u00f3n de las vacantes\u00a0 midiendo el impacto de las mismas en el mercado laboral\u201d,<\/em>\u00a0indic\u00f3 el ministro.<\/p>\n<p>En ese sentido, se\u00f1al\u00f3 que\u00a0ir\u00e1n a los municipios y provincias con m\u00e1s desempleo\u00a0a llevarles\u00a0oportunidades de inserci\u00f3n laboral, al tiempo que ampliar\u00e1n los servicios de\u00a0intermediaci\u00f3n\u00a0a trav\u00e9s de las\u00a0Oficinas Territoriales de Empleo (OTE)\u00a0y continuar\u00e1n con la realizaci\u00f3n de jornadas de empleo en todo el pa\u00eds, enfocados tambi\u00e9n en las demarcaciones con m\u00e1s demanda de puestos de trabajo.<\/p>\n","protected":false},"excerpt":{"rendered":"<p>Por Servicios de Primermomento.com SANTO DOMINGO, Rep\u00fablica Dominicana.- Bajo el lema \u201cTu empleo est\u00e1 aqu\u00ed\u201d, el\u00a0Ministerio de Trabajo\u00a0celebrar\u00e1 una gran jornada de empleos con\u00a06,811 vacantes, en la que, adem\u00e1s, lanzar\u00e1 formalmente el\u00a0Programa \u201cRD-Trabaja\u201d,\u00a0mediante el cual se impulsar\u00e1 la meta de alcanzar el\u00a050 % de la formalidad de los empleos\u00a0en el pa\u00eds. La\u00a0nueva modalidad de poner [&hellip;]<\/p>\n","protected":false},"author":1,"featured_media":454296,"comment_status":"open","ping_status":"open","sticky":false,"template":"","format":"standard","meta":{"_bbp_topic_count":0,"_bbp_reply_count":0,"_bbp_total_topic_count":0,"_bbp_total_reply_count":0,"_bbp_voice_count":0,"_bbp_anonymous_reply_count":0,"_bbp_topic_count_hidden":0,"_bbp_reply_count_hidden":0,"_bbp_forum_subforum_count":0,"footnotes":""},"categories":[35],"tags":[],"class_list":{"0":"post-454295","1":"post","2":"type-post","3":"status-publish","4":"format-standard","5":"has-post-thumbnail","7":"category-economia"},"_links":{"self":[{"href":"https:\/\/primermomento.com\/index.php?rest_route=\/wp\/v2\/posts\/454295","targetHints":{"allow":["GET"]}}],"collection":[{"href":"https:\/\/primermomento.com\/index.php?rest_route=\/wp\/v2\/posts"}],"about":[{"href":"https:\/\/primermomento.com\/index.php?rest_route=\/wp\/v2\/types\/post"}],"author":[{"embeddable":true,"href":"https:\/\/primermomento.com\/index.php?rest_route=\/wp\/v2\/users\/1"}],"replies":[{"embeddable":true,"href":"https:\/\/primermomento.com\/index.php?rest_route=%2Fwp%2Fv2%2Fcomments&post=454295"}],"version-history":[{"count":1,"href":"https:\/\/primermomento.com\/index.php?rest_route=\/wp\/v2\/posts\/454295\/revisions"}],"predecessor-version":[{"id":454297,"href":"https:\/\/primermomento.com\/index.php?rest_route=\/wp\/v2\/posts\/454295\/revisions\/454297"}],"wp:featuredmedia":[{"embeddable":true,"href":"https:\/\/primermomento.com\/index.php?rest_route=\/wp\/v2\/media\/454296"}],"wp:attachment":[{"href":"https:\/\/primermomento.com\/index.php?rest_route=%2Fwp%2Fv2%2Fmedia&parent=454295"}],"wp:term":[{"taxonomy":"category","embeddable":true,"href":"https:\/\/primermomento.com\/index.php?rest_route=%2Fwp%2Fv2%2Fcategories&post=454295"},{"taxonomy":"post_tag","embeddable":true,"href":"https:\/\/primermomento.com\/index.php?rest_route=%2Fwp%2Fv2%2Ftags&post=454295"}],"curies":[{"name":"wp","href":"https:\/\/api.w.org\/{rel}","templated":true}]}}