{"id":454569,"date":"2025-10-24T06:03:20","date_gmt":"2025-10-24T10:03:20","guid":{"rendered":"https:\/\/primermomento.com\/?p=454569"},"modified":"2025-10-24T11:40:40","modified_gmt":"2025-10-24T15:40:40","slug":"trump-anuncia-que-pondra-fin-a-las-negociaciones-comerciales-con-canada-debido-a-anuncios-de-tv","status":"publish","type":"post","link":"https:\/\/primermomento.com\/?p=454569","title":{"rendered":"Trump anuncia que pondr\u00e1 fin a las negociaciones comerciales con Canad\u00e1 debido a anuncios de TV"},"content":{"rendered":"<p><iframe loading=\"lazy\" title=\"Trump pone fin a las negociaciones comerciales con Canad\u00e1 y Carney planea duplicar las exportaciones\" width=\"696\" height=\"392\" src=\"https:\/\/www.youtube.com\/embed\/9zFKIIAK41o?start=1&#038;feature=oembed\" frameborder=\"0\" allow=\"accelerometer; autoplay; clipboard-write; encrypted-media; gyroscope; picture-in-picture; web-share\" referrerpolicy=\"strict-origin-when-cross-origin\" allowfullscreen><\/iframe><\/p>\n<p><em><strong>Por <span style=\"color: #ff0000;\">The Associated Press<\/span><\/strong><\/em><\/p>\n<p>Washington, EEUU.- El presidente Donald Trump anunci\u00f3 el jueves que pondr\u00e1 fin a \u201ctodas las negociaciones comerciales\u201d con Canad\u00e1 debido a un anuncio televisivo que expresa su rechazo a los aranceles de Estados Unidos, el cual, seg\u00fan \u00e9l, tergiversa los hechos y calific\u00f3 como un \u201ccomportamiento atroz\u201d con el objetivo de influir en las decisiones de los tribunales estadounidenses.<\/p>\n<p>La publicaci\u00f3n de Trump en sus redes sociales se produjo despu\u00e9s de que el primer ministro canadiense, Mark Carney, declar\u00f3 que tiene como objetivo duplicar las exportaciones de Canad\u00e1 a otros pa\u00edses fuera de Estados Unidos debido a la amenaza que representan los aranceles que orden\u00f3 Trump. El llamado del mandatario estadounidense a cancelar abruptamente todas las negociaciones podr\u00eda recrudecer las tensiones comerciales con Canad\u00e1, las cuales se han estado acumulando durante meses.<\/p>\n<figure id=\"attachment_454570\" aria-describedby=\"caption-attachment-454570\" style=\"width: 300px\" class=\"wp-caption alignleft\"><img loading=\"lazy\" decoding=\"async\" class=\"size-medium wp-image-454570\" src=\"https:\/\/primermomento.com\/wp-content\/uploads\/2025\/10\/Trump-en-la-Casa-Blanca-300x200.webp\" alt=\"\" width=\"300\" height=\"200\" srcset=\"https:\/\/primermomento.com\/wp-content\/uploads\/2025\/10\/Trump-en-la-Casa-Blanca-300x200.webp 300w, https:\/\/primermomento.com\/wp-content\/uploads\/2025\/10\/Trump-en-la-Casa-Blanca-768x511.webp 768w, https:\/\/primermomento.com\/wp-content\/uploads\/2025\/10\/Trump-en-la-Casa-Blanca-696x463.webp 696w, https:\/\/primermomento.com\/wp-content\/uploads\/2025\/10\/Trump-en-la-Casa-Blanca.webp 820w\" sizes=\"auto, (max-width: 300px) 100vw, 300px\" \/><figcaption id=\"caption-attachment-454570\" class=\"wp-caption-text\">El presidente Donald Trump durante una mesa redonda sobre los c\u00e1rteles delictivos en la Sala de Estado de la Casa Blanca, el jueves 23 de octubre de 2025, en Washington. (AP Foto\/Evan Vucci)<\/figcaption><\/figure>\n<p>Trump public\u00f3: \u201cLa Fundaci\u00f3n Ronald Reagan acaba de anunciar que Canad\u00e1 ha utilizado fraudulentamente un anuncio, que es falso, en el que aparece Ronald Reagan hablando negativamente de los aranceles\u201d.<\/p>\n<p>\u201cEl anuncio cost\u00f3 $75.000.000. S\u00f3lo hicieron esto para interferir con la decisi\u00f3n de la Corte Suprema de Estados Unidos y otros tribunales\u201d, escribi\u00f3 Trump en su plataforma de redes sociales. \u201cLos aranceles son muy importantes para la seguridad nacional y la econom\u00eda de Estados Unidos. Con base en su comportamiento atroz, todas las negociaciones comerciales con Canad\u00e1 se dan por terminadas\u201d.<\/p>\n<p>La oficina de Carney no respondi\u00f3 de momento a una solicitud de comentarios. El primer ministro ten\u00eda previsto partir la ma\u00f1ana del viernes rumbo a una cumbre en Asia, mientras que Trump tiene programado volar el viernes por la noche.<\/p>\n<p>Horas antes, la Fundaci\u00f3n e Instituto Presidencial Ronald Reagan public\u00f3 en la red social X que un anuncio creado por el gobierno de Ontario \u201ctergiversa el \u2018Discurso Radiof\u00f3nico Presidencial a la Naci\u00f3n sobre Comercio Libre y Justo\u2019 con fecha del 25 de abril de 1987&#8243;. A\u00f1adi\u00f3 que Canad\u00e1 no recibi\u00f3 permiso de la fundaci\u00f3n \u201cpara usar y editar los comentarios\u201d.<\/p>\n<p>La fundaci\u00f3n dijo que est\u00e1 \u201csopesando sus opciones legales en este asunto\u201d e hizo un llamado a la poblaci\u00f3n a ver un video sin editar del discurso de Reagan.<\/p>\n<p>Carney se reuni\u00f3 con Trump hace unas semanas para tratar de aliviar las tensiones comerciales, mientras los dos pa\u00edses y M\u00e9xico se preparan para revisar el Acuerdo Estados Unidos-M\u00e9xico-Canad\u00e1 (T-MEC), que negoci\u00f3 Trump en su primer mandato, pero del cual se ha distanciado desde entonces.<\/p>\n<p>M\u00e1s de tres cuartas partes de las exportaciones canadienses van a Estados Unidos y casi 3.600 millones de d\u00f3lares canadienses (2.700 millones de d\u00f3lares estadounidenses) en bienes y servicios cruzan la frontera todos los d\u00edas.<\/p>\n<p>Doug Ford, primer ministro de Ontario, public\u00f3 la semana pasada en X un enlace al anuncio y el mensaje: \u201cEs oficial: Ha comenzado la nueva campa\u00f1a publicitaria de Ontario en Estados Unidos\u201d.<\/p>\n<p>Continu\u00f3, \u201cUsando todas las herramientas con las que contamos, nunca dejaremos de defender el argumento en contra de los aranceles estadounidenses sobre Canad\u00e1. El camino hacia la prosperidad es trabajando juntos\u201d.<\/p>\n<p>Trump dijo esta semana que hab\u00eda visto el anuncio en televisi\u00f3n y asegur\u00f3 que mostraba que sus aranceles estaban teniendo un impacto.<\/p>\n<p>\u201cVi un anuncio anoche de Canad\u00e1. Si yo fuera Canad\u00e1, tambi\u00e9n tomar\u00eda ese mismo anuncio\u201d, dijo entonces.<\/p>\n<p>El presidente ha tomado medidas para imponer elevados aranceles sobre muchos bienes de Canad\u00e1. El gobierno de Canad\u00e1 impuso grav\u00e1menes de represalia sobre ciertos bienes estadounidenses en abril pasado, pero hizo excepciones para que algunas compa\u00f1\u00edas automotrices trajeran cierto n\u00famero de veh\u00edculos al pa\u00eds, conocidos como cuotas de remisi\u00f3n.<\/p>\n<p>Los aranceles de Trump han afectado en particular al sector automotriz de Canad\u00e1, gran parte del cual se encuentra en Ontario. Stellantis anunci\u00f3 este mes que trasladar\u00eda una l\u00ednea de producci\u00f3n de Ontario a Illinois .<\/p>\n<p>__<\/p>\n<p><em>El periodista de Associated Press Rob Gillies en Toronto, Ontario, contribuy\u00f3 a este despacho.<\/em><\/p>\n<p>___<\/p>\n<p><em>Esta historia fue traducida del ingl\u00e9s por un editor de AP con la ayuda de una herramienta de inteligencia artificial generativa.<\/em><\/p>\n","protected":false},"excerpt":{"rendered":"<p>Por The Associated Press Washington, EEUU.- El presidente Donald Trump anunci\u00f3 el jueves que pondr\u00e1 fin a \u201ctodas las negociaciones comerciales\u201d con Canad\u00e1 debido a un anuncio televisivo que expresa su rechazo a los aranceles de Estados Unidos, el cual, seg\u00fan \u00e9l, tergiversa los hechos y calific\u00f3 como un \u201ccomportamiento atroz\u201d con el objetivo de [&hellip;]<\/p>\n","protected":false},"author":1,"featured_media":454570,"comment_status":"open","ping_status":"open","sticky":false,"template":"","format":"video","meta":{"_bbp_topic_count":0,"_bbp_reply_count":0,"_bbp_total_topic_count":0,"_bbp_total_reply_count":0,"_bbp_voice_count":0,"_bbp_anonymous_reply_count":0,"_bbp_topic_count_hidden":0,"_bbp_reply_count_hidden":0,"_bbp_forum_subforum_count":0,"footnotes":""},"categories":[35,106],"tags":[],"class_list":{"0":"post-454569","1":"post","2":"type-post","3":"status-publish","4":"format-video","5":"has-post-thumbnail","7":"category-economia","8":"category-video-news","9":"post_format-post-format-video"},"_links":{"self":[{"href":"https:\/\/primermomento.com\/index.php?rest_route=\/wp\/v2\/posts\/454569","targetHints":{"allow":["GET"]}}],"collection":[{"href":"https:\/\/primermomento.com\/index.php?rest_route=\/wp\/v2\/posts"}],"about":[{"href":"https:\/\/primermomento.com\/index.php?rest_route=\/wp\/v2\/types\/post"}],"author":[{"embeddable":true,"href":"https:\/\/primermomento.com\/index.php?rest_route=\/wp\/v2\/users\/1"}],"replies":[{"embeddable":true,"href":"https:\/\/primermomento.com\/index.php?rest_route=%2Fwp%2Fv2%2Fcomments&post=454569"}],"version-history":[{"count":4,"href":"https:\/\/primermomento.com\/index.php?rest_route=\/wp\/v2\/posts\/454569\/revisions"}],"predecessor-version":[{"id":454604,"href":"https:\/\/primermomento.com\/index.php?rest_route=\/wp\/v2\/posts\/454569\/revisions\/454604"}],"wp:featuredmedia":[{"embeddable":true,"href":"https:\/\/primermomento.com\/index.php?rest_route=\/wp\/v2\/media\/454570"}],"wp:attachment":[{"href":"https:\/\/primermomento.com\/index.php?rest_route=%2Fwp%2Fv2%2Fmedia&parent=454569"}],"wp:term":[{"taxonomy":"category","embeddable":true,"href":"https:\/\/primermomento.com\/index.php?rest_route=%2Fwp%2Fv2%2Fcategories&post=454569"},{"taxonomy":"post_tag","embeddable":true,"href":"https:\/\/primermomento.com\/index.php?rest_route=%2Fwp%2Fv2%2Ftags&post=454569"}],"curies":[{"name":"wp","href":"https:\/\/api.w.org\/{rel}","templated":true}]}}