{"id":454831,"date":"2025-10-28T13:35:15","date_gmt":"2025-10-28T17:35:15","guid":{"rendered":"https:\/\/primermomento.com\/?p=454831"},"modified":"2025-10-28T19:46:30","modified_gmt":"2025-10-28T23:46:30","slug":"tesoreria-nacional-realiza-el-xv-seminario-anual-latinoamericano-sobre-gestion-de-tesorerias-publicas","status":"publish","type":"post","link":"https:\/\/primermomento.com\/?p=454831","title":{"rendered":"Tesorer\u00eda Nacional realiza el XV Seminario Anual Latinoamericano sobre Gesti\u00f3n de Tesorer\u00edas P\u00fablicas"},"content":{"rendered":"<p><em><strong>\u00a0Por <span style=\"color: #ff0000;\">Servicios de Primermomento.com<\/span><\/strong><\/em><\/p>\n<p>PUNTA CANA, Rep\u00fablica Dominicana.- La Tesorer\u00eda Nacional realiz\u00f3 el XV Seminario Anual Latinoamericano sobre Gesti\u00f3n de Tesorer\u00edas P\u00fablicas, actividad a la que asistieron delegaciones de los pa\u00edses de Argentina, Bolivia, Brasil, Chile, Colombia, Costa Rica, Ecuador, El Salvador, Guatemala, Honduras, M\u00e9xico, Panam\u00e1, Paraguay, Per\u00fa y Uruguay que est\u00e1n agrupados en el Foro de Tesorer\u00edas Gubernamentales de Am\u00e9rica Latina (Fotegal) en la ciudad de B\u00e1varo, Punta Cana.<\/p>\n<p>Luis Rafael Delgado S\u00e1nchez sostuvo que el encuentro se trataron los \u00faltimos adelantos en materia de tesorer\u00edas p\u00fablicas y afirm\u00f3 que el evento fue una plataforma para el intercambio de conocimiento y experiencia en la regi\u00f3n y cit\u00f3 que en el c\u00f3nclave tambi\u00e9n participaron organismos internacionales como el Banco Interamericano de Desarrollo (BID), Banco Mundial, Fondo Monetario Internacional (FMI), entre otros.<\/p>\n<p>\u201cEn el seminario se trataron diversos temas que buscan eficientizar y tecnificar las tesorer\u00edas gubernamentales de Am\u00e9rica Latina, con el fin de dotar a los gobiernos de mejores herramientas y recursos para las finanzas p\u00fablicas\u201d, agreg\u00f3 el Tesorero Nacional.<\/p>\n<p>Entre los expositores en el XV Seminario Anual Latinoamericano sobre Gesti\u00f3n de Tesorer\u00edas P\u00fablicas estuvieron Alejandra Montiel, de la Tesorer\u00eda General de Chile y\u00a0 Juan Araujo, Subtesorero General de Argentina, con la disertaci\u00f3n \u201cAplicaciones que fortalecen servicios y procesos de Tesorer\u00eda\u201d.<\/p>\n<p>Tambi\u00e9n Patrick Cheng, del Banco Mundial, quienes tratar\u00f3 el tema Innovaci\u00f3n Digital en las Finanzas: c\u00f3mo la Tesorer\u00eda del Banco Mundial viene explorando la Inteligencia Artificial y la Tokenizaci\u00f3n de activos digitales.<\/p>\n<p>De igual forma, Daniela Torre Pel\u00e1ez, del Banco Interamericano de Desarrollo, encabez\u00f3 el panel Gu\u00eda Paso a Paso para la Emisi\u00f3n de Bonos Verdes.<\/p>\n<p>En el XV Seminario Anual Latinoamericano sobre Gesti\u00f3n de Tesorer\u00edas P\u00fablicas que se realizar\u00f3n del 28 al 30 de octubre tambi\u00e9n participaron Claudio Roberto Carrilho con el tema \u201cServicios de Recaudaci\u00f3n Digital-Pagtesouro\u201d y Claudio V\u00e1zquez Insfr\u00e1n con la conferencia \u201cOptimizaci\u00f3n de pagos a n\u00f3mina en el tesorero P\u00fablico: eficiencia y transparencia mediante la red bancaria\u201d, entre otros expositores.<\/p>\n<p>Es la segunda vez que el pa\u00eds fue sede del Seminario Anual Latinoamericano sobre Gesti\u00f3n de Tesorer\u00edas P\u00fablicas que realiza el Foro de Tesorer\u00edas Gubernamentales de Latinoam\u00e9rica (Fotegal), indic\u00f3 Luis Rafael Delgado S\u00e1nchez, quien agreg\u00f3 que a la actividad tambi\u00e9n asistieron tesoreros institucionales de diferentes entidades p\u00fablicas locales<\/p>\n","protected":false},"excerpt":{"rendered":"<p>\u00a0Por Servicios de Primermomento.com PUNTA CANA, Rep\u00fablica Dominicana.- La Tesorer\u00eda Nacional realiz\u00f3 el XV Seminario Anual Latinoamericano sobre Gesti\u00f3n de Tesorer\u00edas P\u00fablicas, actividad a la que asistieron delegaciones de los pa\u00edses de Argentina, Bolivia, Brasil, Chile, Colombia, Costa Rica, Ecuador, El Salvador, Guatemala, Honduras, M\u00e9xico, Panam\u00e1, Paraguay, Per\u00fa y Uruguay que est\u00e1n agrupados en el [&hellip;]<\/p>\n","protected":false},"author":1,"featured_media":454832,"comment_status":"open","ping_status":"open","sticky":false,"template":"","format":"standard","meta":{"_bbp_topic_count":0,"_bbp_reply_count":0,"_bbp_total_topic_count":0,"_bbp_total_reply_count":0,"_bbp_voice_count":0,"_bbp_anonymous_reply_count":0,"_bbp_topic_count_hidden":0,"_bbp_reply_count_hidden":0,"_bbp_forum_subforum_count":0,"footnotes":""},"categories":[35],"tags":[],"class_list":{"0":"post-454831","1":"post","2":"type-post","3":"status-publish","4":"format-standard","5":"has-post-thumbnail","7":"category-economia"},"_links":{"self":[{"href":"https:\/\/primermomento.com\/index.php?rest_route=\/wp\/v2\/posts\/454831","targetHints":{"allow":["GET"]}}],"collection":[{"href":"https:\/\/primermomento.com\/index.php?rest_route=\/wp\/v2\/posts"}],"about":[{"href":"https:\/\/primermomento.com\/index.php?rest_route=\/wp\/v2\/types\/post"}],"author":[{"embeddable":true,"href":"https:\/\/primermomento.com\/index.php?rest_route=\/wp\/v2\/users\/1"}],"replies":[{"embeddable":true,"href":"https:\/\/primermomento.com\/index.php?rest_route=%2Fwp%2Fv2%2Fcomments&post=454831"}],"version-history":[{"count":1,"href":"https:\/\/primermomento.com\/index.php?rest_route=\/wp\/v2\/posts\/454831\/revisions"}],"predecessor-version":[{"id":454833,"href":"https:\/\/primermomento.com\/index.php?rest_route=\/wp\/v2\/posts\/454831\/revisions\/454833"}],"wp:featuredmedia":[{"embeddable":true,"href":"https:\/\/primermomento.com\/index.php?rest_route=\/wp\/v2\/media\/454832"}],"wp:attachment":[{"href":"https:\/\/primermomento.com\/index.php?rest_route=%2Fwp%2Fv2%2Fmedia&parent=454831"}],"wp:term":[{"taxonomy":"category","embeddable":true,"href":"https:\/\/primermomento.com\/index.php?rest_route=%2Fwp%2Fv2%2Fcategories&post=454831"},{"taxonomy":"post_tag","embeddable":true,"href":"https:\/\/primermomento.com\/index.php?rest_route=%2Fwp%2Fv2%2Ftags&post=454831"}],"curies":[{"name":"wp","href":"https:\/\/api.w.org\/{rel}","templated":true}]}}