{"id":454852,"date":"2025-10-29T11:30:22","date_gmt":"2025-10-29T15:30:22","guid":{"rendered":"https:\/\/primermomento.com\/?p=454852"},"modified":"2025-10-29T15:58:42","modified_gmt":"2025-10-29T19:58:42","slug":"ministro-dominicano-de-agricultura-informa-danos-en-zonas-arroceras","status":"publish","type":"post","link":"https:\/\/primermomento.com\/?p=454852","title":{"rendered":"Ministro dominicano de Agricultura informa da\u00f1os en zonas arroceras"},"content":{"rendered":"<p><em><strong>Por <span style=\"color: #ff0000;\">Prensa Latina<\/span><\/strong><\/em><\/p>\n<p>SANTO DOMINGO, Rep\u00fablica Dominicana.- El ministro dominicano de Agricultura, Limber Cruz, confirm\u00f3 hoy que las zonas arroceras del nordeste del pa\u00eds se encuentran inundadas debido a las lluvias provocadas por Melissa durante su paso como tormenta tropical.<\/p>\n<div class=\"elementor-element elementor-element-0aea3a0 elementor-widget elementor-widget-theme-post-content\" data-id=\"0aea3a0\" data-element_type=\"widget\" data-widget_type=\"theme-post-content.default\">\n<div class=\"elementor-widget-container\">\n<p>El funcionario inform\u00f3 que el Gobierno asistir\u00e1 a los sectores afectados y que el Ministerio cuenta con un plan de acci\u00f3n para enfrentar estas dificultades.<\/p>\n<p>Explic\u00f3 que se est\u00e1 a la espera de la entrega de fondos que permitan someter licitaciones y cumplir con los procesos establecidos en el sistema de compras y contrataciones.<\/p>\n<p>Indic\u00f3 que los sectores productivos contin\u00faan sembrando, y se han intervenido caminos con equipos y recursos propios.<\/p>\n<p>Cruz detall\u00f3 que la ayuda se realizar\u00e1 mediante un mecanismo de compensaci\u00f3n de p\u00e9rdidas debido a que los recursos son limitados, y puntualiz\u00f3 que suman unos 730 los productores con p\u00e9rdidas.<\/p>\n<p>Las zonas m\u00e1s afectadas son San Juan, El\u00edas Pi\u00f1a, Barahona, Independencia, Pedernales, Azua, Ban\u00ed, San Crist\u00f3bal, Monte Plata y San Jos\u00e9 de Ocoa.<\/p>\n<\/div>\n<\/div>\n<div class=\"elementor-element elementor-element-4f75016 elementor-widget elementor-widget-post-info\" data-id=\"4f75016\" data-element_type=\"widget\" data-widget_type=\"post-info.default\">\n<div class=\"elementor-widget-container\">\n<ul class=\"elementor-inline-items elementor-icon-list-items elementor-post-info\">\n<li class=\"elementor-icon-list-item elementor-repeater-item-17dda3e elementor-inline-item\"><em><span class=\"elementor-icon-list-text elementor-post-info__item elementor-post-info__item--type-custom\">#<a href=\"https:\/\/primermomento.com\/?p=454852\" rel=\"tag\">agricultura<\/a>\u00a0#<a href=\"https:\/\/primermomento.com\/?p=454852\" rel=\"tag\">zonas arroceras<\/a><\/span><\/em><\/li>\n<\/ul>\n<\/div>\n<\/div>\n","protected":false},"excerpt":{"rendered":"<p>Por Prensa Latina SANTO DOMINGO, Rep\u00fablica Dominicana.- El ministro dominicano de Agricultura, Limber Cruz, confirm\u00f3 hoy que las zonas arroceras del nordeste del pa\u00eds se encuentran inundadas debido a las lluvias provocadas por Melissa durante su paso como tormenta tropical. El funcionario inform\u00f3 que el Gobierno asistir\u00e1 a los sectores afectados y que el Ministerio [&hellip;]<\/p>\n","protected":false},"author":1,"featured_media":391686,"comment_status":"open","ping_status":"open","sticky":false,"template":"","format":"standard","meta":{"_bbp_topic_count":0,"_bbp_reply_count":0,"_bbp_total_topic_count":0,"_bbp_total_reply_count":0,"_bbp_voice_count":0,"_bbp_anonymous_reply_count":0,"_bbp_topic_count_hidden":0,"_bbp_reply_count_hidden":0,"_bbp_forum_subforum_count":0,"footnotes":""},"categories":[35],"tags":[],"class_list":{"0":"post-454852","1":"post","2":"type-post","3":"status-publish","4":"format-standard","5":"has-post-thumbnail","7":"category-economia"},"_links":{"self":[{"href":"https:\/\/primermomento.com\/index.php?rest_route=\/wp\/v2\/posts\/454852","targetHints":{"allow":["GET"]}}],"collection":[{"href":"https:\/\/primermomento.com\/index.php?rest_route=\/wp\/v2\/posts"}],"about":[{"href":"https:\/\/primermomento.com\/index.php?rest_route=\/wp\/v2\/types\/post"}],"author":[{"embeddable":true,"href":"https:\/\/primermomento.com\/index.php?rest_route=\/wp\/v2\/users\/1"}],"replies":[{"embeddable":true,"href":"https:\/\/primermomento.com\/index.php?rest_route=%2Fwp%2Fv2%2Fcomments&post=454852"}],"version-history":[{"count":1,"href":"https:\/\/primermomento.com\/index.php?rest_route=\/wp\/v2\/posts\/454852\/revisions"}],"predecessor-version":[{"id":454853,"href":"https:\/\/primermomento.com\/index.php?rest_route=\/wp\/v2\/posts\/454852\/revisions\/454853"}],"wp:featuredmedia":[{"embeddable":true,"href":"https:\/\/primermomento.com\/index.php?rest_route=\/wp\/v2\/media\/391686"}],"wp:attachment":[{"href":"https:\/\/primermomento.com\/index.php?rest_route=%2Fwp%2Fv2%2Fmedia&parent=454852"}],"wp:term":[{"taxonomy":"category","embeddable":true,"href":"https:\/\/primermomento.com\/index.php?rest_route=%2Fwp%2Fv2%2Fcategories&post=454852"},{"taxonomy":"post_tag","embeddable":true,"href":"https:\/\/primermomento.com\/index.php?rest_route=%2Fwp%2Fv2%2Ftags&post=454852"}],"curies":[{"name":"wp","href":"https:\/\/api.w.org\/{rel}","templated":true}]}}