{"id":454875,"date":"2025-10-29T10:30:28","date_gmt":"2025-10-29T14:30:28","guid":{"rendered":"https:\/\/primermomento.com\/?p=454875"},"modified":"2025-10-29T20:58:43","modified_gmt":"2025-10-30T00:58:43","slug":"dominicana-acogera-conferencia-latinoamericana-sobre-salud-mental","status":"publish","type":"post","link":"https:\/\/primermomento.com\/?p=454875","title":{"rendered":"Dominicana acoger\u00e1 conferencia latinoamericana sobre salud mental"},"content":{"rendered":"<p><strong><em>Por<span style=\"color: #ff0000;\"> Prensa Latina<\/span><\/em><\/strong><\/p>\n<p>SANTO DOMINGO, Rep\u00fablica Dominicana.- La Rep\u00fablica Dominicana acoger\u00e1 la Conferencia Latinoamericana de Comunidades Terap\u00e9uticas, en la cual intervendr\u00e1n conferencistas de una veintena de pa\u00edses comprometidos con la atenci\u00f3n, el tratamiento y la recuperaci\u00f3n de personas con trastornos por uso de sustancias, trascendi\u00f3 hoy.<\/p>\n<div class=\"elementor-element elementor-element-0aea3a0 elementor-widget elementor-widget-theme-post-content\" data-id=\"0aea3a0\" data-element_type=\"widget\" data-widget_type=\"theme-post-content.default\">\n<div class=\"elementor-widget-container\">\n<p>La reuni\u00f3n, organizada por el Consejo Nacional de Drogas (CND) y la Federaci\u00f3n Latinoamericana de Comunidades Terap\u00e9uticas (Flact), se efectuar\u00e1 del 5 al 7 de noviembre pr\u00f3ximos en el Auditorio Manuel del Cabral de la Biblioteca Pedro Mir, en la Universidad Aut\u00f3noma de Santo Domingo (UASD).<\/p>\n<p>El encuentro ofrecer\u00e1 un espacio de reflexi\u00f3n, intercambio t\u00e9cnico y actualizaci\u00f3n profesional, en el que se presentar\u00e1n investigaciones, conferencias magistrales y paneles orientados a fortalecer las pol\u00edticas p\u00fablicas de salud mental y el tratamiento de adicciones, desde un enfoque basado en evidencia e inclusi\u00f3n social.<\/p>\n<p>Contar\u00e1 con la participaci\u00f3n del ministro dominicano de Salud P\u00fablica, V\u00edctor Atallah, y del presidente del Consejo Nacional de Drogas (CND), Alejandro de Jes\u00fas Abreu.<\/p>\n<p>De acuerdo con los organizadores, el encuentro busca fortalecer la cooperaci\u00f3n internacional en materia de prevenci\u00f3n, atenci\u00f3n y pol\u00edticas p\u00fablicas sobre drogas.<\/p>\n<p>Tambi\u00e9n participar\u00e1 el Dr. David Patton, profesor de la Universidad de Derby (Reino Unido), quien intervendr\u00e1 de forma virtual con una conferencia sobre modelos de comunidades terap\u00e9uticas y pol\u00edticas de rehabilitaci\u00f3n basadas en evidencia.<\/p>\n<p>De igual manera, estar\u00e1n presentes los presidentes de las 14 federaciones nacionales afiliadas a la Flact.<\/p>\n<\/div>\n<\/div>\n<div class=\"elementor-element elementor-element-4f75016 elementor-widget elementor-widget-post-info\" data-id=\"4f75016\" data-element_type=\"widget\" data-widget_type=\"post-info.default\">\n<div class=\"elementor-widget-container\">\n<ul class=\"elementor-inline-items elementor-icon-list-items elementor-post-info\">\n<li class=\"elementor-icon-list-item elementor-repeater-item-17dda3e elementor-inline-item\"><span class=\"elementor-icon-list-text elementor-post-info__item elementor-post-info__item--type-custom\">#<em><a href=\"https:\/\/primermomento.com\/?p=454875\" rel=\"tag\">salud<\/a><\/em><\/span><\/li>\n<\/ul>\n<\/div>\n<\/div>\n","protected":false},"excerpt":{"rendered":"<p>Por Prensa Latina SANTO DOMINGO, Rep\u00fablica Dominicana.- La Rep\u00fablica Dominicana acoger\u00e1 la Conferencia Latinoamericana de Comunidades Terap\u00e9uticas, en la cual intervendr\u00e1n conferencistas de una veintena de pa\u00edses comprometidos con la atenci\u00f3n, el tratamiento y la recuperaci\u00f3n de personas con trastornos por uso de sustancias, trascendi\u00f3 hoy. La reuni\u00f3n, organizada por el Consejo Nacional de Drogas [&hellip;]<\/p>\n","protected":false},"author":1,"featured_media":454876,"comment_status":"open","ping_status":"open","sticky":false,"template":"","format":"standard","meta":{"_bbp_topic_count":0,"_bbp_reply_count":0,"_bbp_total_topic_count":0,"_bbp_total_reply_count":0,"_bbp_voice_count":0,"_bbp_anonymous_reply_count":0,"_bbp_topic_count_hidden":0,"_bbp_reply_count_hidden":0,"_bbp_forum_subforum_count":0,"footnotes":""},"categories":[36],"tags":[],"class_list":{"0":"post-454875","1":"post","2":"type-post","3":"status-publish","4":"format-standard","5":"has-post-thumbnail","7":"category-salud"},"_links":{"self":[{"href":"https:\/\/primermomento.com\/index.php?rest_route=\/wp\/v2\/posts\/454875","targetHints":{"allow":["GET"]}}],"collection":[{"href":"https:\/\/primermomento.com\/index.php?rest_route=\/wp\/v2\/posts"}],"about":[{"href":"https:\/\/primermomento.com\/index.php?rest_route=\/wp\/v2\/types\/post"}],"author":[{"embeddable":true,"href":"https:\/\/primermomento.com\/index.php?rest_route=\/wp\/v2\/users\/1"}],"replies":[{"embeddable":true,"href":"https:\/\/primermomento.com\/index.php?rest_route=%2Fwp%2Fv2%2Fcomments&post=454875"}],"version-history":[{"count":1,"href":"https:\/\/primermomento.com\/index.php?rest_route=\/wp\/v2\/posts\/454875\/revisions"}],"predecessor-version":[{"id":454877,"href":"https:\/\/primermomento.com\/index.php?rest_route=\/wp\/v2\/posts\/454875\/revisions\/454877"}],"wp:featuredmedia":[{"embeddable":true,"href":"https:\/\/primermomento.com\/index.php?rest_route=\/wp\/v2\/media\/454876"}],"wp:attachment":[{"href":"https:\/\/primermomento.com\/index.php?rest_route=%2Fwp%2Fv2%2Fmedia&parent=454875"}],"wp:term":[{"taxonomy":"category","embeddable":true,"href":"https:\/\/primermomento.com\/index.php?rest_route=%2Fwp%2Fv2%2Fcategories&post=454875"},{"taxonomy":"post_tag","embeddable":true,"href":"https:\/\/primermomento.com\/index.php?rest_route=%2Fwp%2Fv2%2Ftags&post=454875"}],"curies":[{"name":"wp","href":"https:\/\/api.w.org\/{rel}","templated":true}]}}