{"id":454931,"date":"2025-10-30T18:24:19","date_gmt":"2025-10-30T22:24:19","guid":{"rendered":"https:\/\/primermomento.com\/?p=454931"},"modified":"2025-10-31T06:11:29","modified_gmt":"2025-10-31T10:11:29","slug":"gobierno-dominicano-impulsa-jornada-de-empleo-con-siete-mil-vacantes","status":"publish","type":"post","link":"https:\/\/primermomento.com\/?p=454931","title":{"rendered":"Gobierno dominicano impulsa jornada de empleo con siete mil vacantes"},"content":{"rendered":"<p><strong><em>Por<span style=\"color: #ff0000;\"> Prensa Latina<\/span><\/em><\/strong><\/p>\n<p>SANTO DOMINGO, Rep\u00fablica Dominicana.- El presidente dominicano, Luis Abinader, present\u00f3 hoy el programa \u201cRD-Trabaja\u201d, junto con la gran jornada \u201cTu empleo est\u00e1 aqu\u00ed\u201d, en la que 66 empresas ofrecer\u00e1n siete mil vacantes formales a ciudadanos de todo el pa\u00eds.<\/p>\n<div class=\"elementor-element elementor-element-0aea3a0 elementor-widget elementor-widget-theme-post-content\" data-id=\"0aea3a0\" data-element_type=\"widget\" data-widget_type=\"theme-post-content.default\">\n<div class=\"elementor-widget-container\">\n<p>El mandatario calific\u00f3 como \u201cun acto de significado muy especial\u201d el lanzamiento del programa y la jornada, al tiempo de destacar que reflejan un signo positivo en diversas \u00e1reas de la econom\u00eda nacional.<\/p>\n<p>Tambi\u00e9n se\u00f1al\u00f3 que este tipo de iniciativas permiten crear oportunidades de empleo de calidad, tanto en empresas locales como en inversiones extranjeras.<\/p>\n<p>Destac\u00f3 que el programa no se limitar\u00e1 a Santo Domingo, sino que se replicar\u00e1 en distintas regiones del pa\u00eds.<\/p>\n<p>Adem\u00e1s, inform\u00f3 que este fin de semana se inaugurar\u00e1n dos nuevas naves industriales en la Zona Franca de la provincia de San Juan, con la posibilidad inmediata de generar empleo para la poblaci\u00f3n local.<\/p>\n<p>De su lado, el ministro de Trabajo, Eddy Olivares, explic\u00f3 que, en las semanas previas, el Servicio Nacional de Empleo coordin\u00f3 con las empresas para garantizar que cada vacante ofrecida represente una oportunidad real.<\/p>\n<p>Asimismo, inform\u00f3 que quienes asistan a la jornada y no resulten seleccionados ser\u00e1n incluidos en la Bolsa Nacional de Empleo, para ser contactados en futuras oportunidades.<\/p>\n<p>El ministro destac\u00f3 la participaci\u00f3n del Instituto de Formaci\u00f3n T\u00e9cnico Profesional (Infotep), que ofrecer\u00e1 capacitaci\u00f3n a quienes requieran formaci\u00f3n adicional para ocupar un puesto.<\/p>\n<p>Olivares record\u00f3 que la Rep\u00fablica Dominicana mantiene una tasa de desempleo cercana al 5.0 por ciento, pero advirti\u00f3 que el objetivo del programa es seguir reduci\u00e9ndola y aumentar la formalidad laboral hasta alcanzar el 50 por ciento en los pr\u00f3ximos tres a\u00f1os.<\/p>\n<p>La jornada se desarrolla este jueves en el Centro de Convenciones de la Universidad del Caribe (Unicaribe), en la autopista 30 de Mayo, donde 66 empresas de los sectores hotelero, industrial y de servicios buscan cubrir puestos vacantes.<\/p>\n<\/div>\n<\/div>\n<div class=\"elementor-element elementor-element-4f75016 elementor-widget elementor-widget-post-info\" data-id=\"4f75016\" data-element_type=\"widget\" data-widget_type=\"post-info.default\">\n<div class=\"elementor-widget-container\">\n<ul class=\"elementor-inline-items elementor-icon-list-items elementor-post-info\">\n<li class=\"elementor-icon-list-item elementor-repeater-item-17dda3e elementor-inline-item\"><em><span class=\"elementor-icon-list-text elementor-post-info__item elementor-post-info__item--type-custom\">#<a href=\"https:\/\/primermomento.com\/?p=454931\" rel=\"tag\">jornada de empleo<\/a>\u00a0#<a href=\"https:\/\/primermomento.com\/?p=454931\" rel=\"tag\">siete mil vacantes<\/a><\/span><\/em><\/li>\n<\/ul>\n<\/div>\n<\/div>\n","protected":false},"excerpt":{"rendered":"<p>Por Prensa Latina SANTO DOMINGO, Rep\u00fablica Dominicana.- El presidente dominicano, Luis Abinader, present\u00f3 hoy el programa \u201cRD-Trabaja\u201d, junto con la gran jornada \u201cTu empleo est\u00e1 aqu\u00ed\u201d, en la que 66 empresas ofrecer\u00e1n siete mil vacantes formales a ciudadanos de todo el pa\u00eds. El mandatario calific\u00f3 como \u201cun acto de significado muy especial\u201d el lanzamiento del [&hellip;]<\/p>\n","protected":false},"author":1,"featured_media":454933,"comment_status":"open","ping_status":"open","sticky":false,"template":"","format":"standard","meta":{"_bbp_topic_count":0,"_bbp_reply_count":0,"_bbp_total_topic_count":0,"_bbp_total_reply_count":0,"_bbp_voice_count":0,"_bbp_anonymous_reply_count":0,"_bbp_topic_count_hidden":0,"_bbp_reply_count_hidden":0,"_bbp_forum_subforum_count":0,"footnotes":""},"categories":[35],"tags":[],"class_list":{"0":"post-454931","1":"post","2":"type-post","3":"status-publish","4":"format-standard","5":"has-post-thumbnail","7":"category-economia"},"_links":{"self":[{"href":"https:\/\/primermomento.com\/index.php?rest_route=\/wp\/v2\/posts\/454931","targetHints":{"allow":["GET"]}}],"collection":[{"href":"https:\/\/primermomento.com\/index.php?rest_route=\/wp\/v2\/posts"}],"about":[{"href":"https:\/\/primermomento.com\/index.php?rest_route=\/wp\/v2\/types\/post"}],"author":[{"embeddable":true,"href":"https:\/\/primermomento.com\/index.php?rest_route=\/wp\/v2\/users\/1"}],"replies":[{"embeddable":true,"href":"https:\/\/primermomento.com\/index.php?rest_route=%2Fwp%2Fv2%2Fcomments&post=454931"}],"version-history":[{"count":1,"href":"https:\/\/primermomento.com\/index.php?rest_route=\/wp\/v2\/posts\/454931\/revisions"}],"predecessor-version":[{"id":454934,"href":"https:\/\/primermomento.com\/index.php?rest_route=\/wp\/v2\/posts\/454931\/revisions\/454934"}],"wp:featuredmedia":[{"embeddable":true,"href":"https:\/\/primermomento.com\/index.php?rest_route=\/wp\/v2\/media\/454933"}],"wp:attachment":[{"href":"https:\/\/primermomento.com\/index.php?rest_route=%2Fwp%2Fv2%2Fmedia&parent=454931"}],"wp:term":[{"taxonomy":"category","embeddable":true,"href":"https:\/\/primermomento.com\/index.php?rest_route=%2Fwp%2Fv2%2Fcategories&post=454931"},{"taxonomy":"post_tag","embeddable":true,"href":"https:\/\/primermomento.com\/index.php?rest_route=%2Fwp%2Fv2%2Ftags&post=454931"}],"curies":[{"name":"wp","href":"https:\/\/api.w.org\/{rel}","templated":true}]}}