{"id":455102,"date":"2025-11-01T10:00:11","date_gmt":"2025-11-01T14:00:11","guid":{"rendered":"https:\/\/primermomento.com\/?p=455102"},"modified":"2025-11-01T14:22:14","modified_gmt":"2025-11-01T18:22:14","slug":"casos-de-sifilis-en-adultos-aumentaron-en-las-americas","status":"publish","type":"post","link":"https:\/\/primermomento.com\/?p=455102","title":{"rendered":"Casos de s\u00edfilis en adultos aumentaron en las Am\u00e9ricas"},"content":{"rendered":"<p><strong><em>Por<span style=\"color: #ff0000;\"> Prensa Latina<\/span><\/em><\/strong><\/p>\n<p>Washington, EEUU.- Los casos de s\u00edfilis en adultos aumentaron en la regi\u00f3n de las Am\u00e9ricas 26 por ciento entre 2020 y 2022 \u2014con 3,4 millones de casos\u2014 y otro 10 por ciento entre 2022 y 2024, se divulg\u00f3 hoy.<\/p>\n<div class=\"elementor-element elementor-element-0aea3a0 elementor-widget elementor-widget-theme-post-content\" data-id=\"0aea3a0\" data-element_type=\"widget\" data-widget_type=\"theme-post-content.default\">\n<div class=\"elementor-widget-container\">\n<p>Para frenar esa tendencia, la Organizaci\u00f3n Panamericana de la Salud (OPS) present\u00f3 una serie de 15 recomendaciones clave para eliminar la s\u00edfilis y la s\u00edfilis cong\u00e9nita, una infecci\u00f3n prevenible y curable que afecta desproporcionadamente a embarazadas, reci\u00e9n nacidos y poblaciones vulnerables.<\/p>\n<p>El acuerdo fue el resultado de un encuentro regional realizado en julio de 2025 en S\u00e3o Paulo, Brasil, que reuni\u00f3 a representantes de 23 pa\u00edses de las Am\u00e9ricas, incluidos ministerios de salud, instituciones acad\u00e9micas, organizaciones de la sociedad civil y entidades de salud p\u00fablica.<\/p>\n<p>Los participantes coincidieron en que la regi\u00f3n enfrenta una tendencia al alza que requiere una respuesta colectiva y centrada en la atenci\u00f3n primaria de salud.<\/p>\n<p>\u201cUno de los principales factores que explica este incremento son las brechas en el acceso a las intervenciones de prevenci\u00f3n, tamizaje y tratamiento de la s\u00edfilis\u201d, afirm\u00f3 el doctor Jarbas Barbosa, director de la OPS.<\/p>\n<p>Para hacer frente a esta situaci\u00f3n, es necesario fortalecer la vigilancia, mejorar el diagn\u00f3stico y tratamiento oportuno, e integrar el tamizaje de s\u00edfilis en todos los niveles del sistema de salud, especialmente en la atenci\u00f3n primaria, los servicios de urgencias y los servicios de salud sexual y reproductiva, a\u00f1adi\u00f3.<\/p>\n<p>El documento propone 15 recomendaciones estrat\u00e9gicas orientadas a fortalecer el liderazgo pol\u00edtico y financiero, ampliar el acceso a diagn\u00f3stico y tratamiento, mejorar los sistemas de vigilancia y fomentar la participaci\u00f3n de las comunidades.<\/p>\n<p>Tambi\u00e9n, promueve la adopci\u00f3n de pol\u00edticas inclusivas, el fortalecimiento de la atenci\u00f3n prenatal y la ampliaci\u00f3n de las funciones del personal de salud en el manejo de la s\u00edfilis, as\u00ed como la mejora de los sistemas de control de calidad de los laboratorios y el acceso a servicios que respeten la confidencialidad.<\/p>\n<p>La s\u00edfilis, una infecci\u00f3n bacteriana de transmisi\u00f3n sexual, es prevenible y curable; pero si no se trata, puede causar graves problemas de salud, como enfermedades cerebrales y cardiovasculares.<\/p>\n<p>Adem\u00e1s, puede transmitirse durante el embarazo, provocando complicaciones graves como aborto espont\u00e1neo, parto prematuro, muerte fetal o anomal\u00edas cong\u00e9nitas.<\/p>\n<p>La OPS trabaja con los pa\u00edses de las Am\u00e9ricas para mejorar la vigilancia de la s\u00edfilis y fortalecer las capacidades del personal en los servicios de atenci\u00f3n prenatal.<\/p>\n<p>A trav\u00e9s de su Fondo Estrat\u00e9gico, la Organizaci\u00f3n ofrece a los Estados miembros la adquisici\u00f3n de pruebas r\u00e1pidas para el diagn\u00f3stico y medicamentos para el tratamiento a precios m\u00e1s accesibles, contribuyendo a prevenir la transmisi\u00f3n de la enfermedad y las posibles complicaciones.<\/p>\n<\/div>\n<\/div>\n<div class=\"elementor-element elementor-element-4f75016 elementor-widget elementor-widget-post-info\" data-id=\"4f75016\" data-element_type=\"widget\" data-widget_type=\"post-info.default\">\n<div class=\"elementor-widget-container\">\n<ul class=\"elementor-inline-items elementor-icon-list-items elementor-post-info\">\n<li class=\"elementor-icon-list-item elementor-repeater-item-17dda3e elementor-inline-item\"><em><span class=\"elementor-icon-list-text elementor-post-info__item elementor-post-info__item--type-custom\">#<a href=\"https:\/\/primermomento.com\/?p=455102\" rel=\"tag\">Jarbas Barbosa<\/a>\u00a0#<a href=\"https:\/\/primermomento.com\/?p=455102\" rel=\"tag\">tratamiento<\/a><\/span><\/em><\/li>\n<\/ul>\n<\/div>\n<\/div>\n","protected":false},"excerpt":{"rendered":"<p>Por Prensa Latina Washington, EEUU.- Los casos de s\u00edfilis en adultos aumentaron en la regi\u00f3n de las Am\u00e9ricas 26 por ciento entre 2020 y 2022 \u2014con 3,4 millones de casos\u2014 y otro 10 por ciento entre 2022 y 2024, se divulg\u00f3 hoy. Para frenar esa tendencia, la Organizaci\u00f3n Panamericana de la Salud (OPS) present\u00f3 una [&hellip;]<\/p>\n","protected":false},"author":1,"featured_media":416564,"comment_status":"open","ping_status":"open","sticky":false,"template":"","format":"standard","meta":{"_bbp_topic_count":0,"_bbp_reply_count":0,"_bbp_total_topic_count":0,"_bbp_total_reply_count":0,"_bbp_voice_count":0,"_bbp_anonymous_reply_count":0,"_bbp_topic_count_hidden":0,"_bbp_reply_count_hidden":0,"_bbp_forum_subforum_count":0,"footnotes":""},"categories":[36],"tags":[],"class_list":{"0":"post-455102","1":"post","2":"type-post","3":"status-publish","4":"format-standard","5":"has-post-thumbnail","7":"category-salud"},"_links":{"self":[{"href":"https:\/\/primermomento.com\/index.php?rest_route=\/wp\/v2\/posts\/455102","targetHints":{"allow":["GET"]}}],"collection":[{"href":"https:\/\/primermomento.com\/index.php?rest_route=\/wp\/v2\/posts"}],"about":[{"href":"https:\/\/primermomento.com\/index.php?rest_route=\/wp\/v2\/types\/post"}],"author":[{"embeddable":true,"href":"https:\/\/primermomento.com\/index.php?rest_route=\/wp\/v2\/users\/1"}],"replies":[{"embeddable":true,"href":"https:\/\/primermomento.com\/index.php?rest_route=%2Fwp%2Fv2%2Fcomments&post=455102"}],"version-history":[{"count":1,"href":"https:\/\/primermomento.com\/index.php?rest_route=\/wp\/v2\/posts\/455102\/revisions"}],"predecessor-version":[{"id":455103,"href":"https:\/\/primermomento.com\/index.php?rest_route=\/wp\/v2\/posts\/455102\/revisions\/455103"}],"wp:featuredmedia":[{"embeddable":true,"href":"https:\/\/primermomento.com\/index.php?rest_route=\/wp\/v2\/media\/416564"}],"wp:attachment":[{"href":"https:\/\/primermomento.com\/index.php?rest_route=%2Fwp%2Fv2%2Fmedia&parent=455102"}],"wp:term":[{"taxonomy":"category","embeddable":true,"href":"https:\/\/primermomento.com\/index.php?rest_route=%2Fwp%2Fv2%2Fcategories&post=455102"},{"taxonomy":"post_tag","embeddable":true,"href":"https:\/\/primermomento.com\/index.php?rest_route=%2Fwp%2Fv2%2Ftags&post=455102"}],"curies":[{"name":"wp","href":"https:\/\/api.w.org\/{rel}","templated":true}]}}