{"id":455170,"date":"2025-11-02T08:22:44","date_gmt":"2025-11-02T13:22:44","guid":{"rendered":"https:\/\/primermomento.com\/?p=455170"},"modified":"2025-11-02T15:22:52","modified_gmt":"2025-11-02T20:22:52","slug":"mexico-sera-sede-de-cumbre-de-apec-en-2028","status":"publish","type":"post","link":"https:\/\/primermomento.com\/?p=455170","title":{"rendered":"M\u00e9xico ser\u00e1 sede de Cumbre de APEC en 2028"},"content":{"rendered":"<p><strong><em>Por <span style=\"color: #ff0000;\">Prensa Latina<\/span><\/em><\/strong><\/p>\n<p>Ciudad de M\u00e9xico, M\u00c9XICO.-\u00a0 M\u00e9xico acoger\u00e1 en 2028 la Cumbre del Foro de Cooperaci\u00f3n Econ\u00f3mica Asia-Pac\u00edfico (APEC), anunci\u00f3 hoy el Gobierno.<\/p>\n<div class=\"elementor-element elementor-element-0aea3a0 elementor-widget elementor-widget-theme-post-content\" data-id=\"0aea3a0\" data-element_type=\"widget\" data-widget_type=\"theme-post-content.default\">\n<div class=\"elementor-widget-container\">\n<p>\u201cNos llevamos la sede del 2028 a M\u00e9xico. Ser\u00e1 la sede de APEC despu\u00e9s de muchos a\u00f1os. Esto nos va a permitir ser un puente entre las Am\u00e9ricas y Asia. Toda la cuenca del Pac\u00edfico estar\u00e1, en 2028, en M\u00e9xico\u201d, asever\u00f3 el secretario de Econom\u00eda, Marcelo Ebrard.<\/p>\n<p>La decisi\u00f3n figura entre los acuerdos de la declaraci\u00f3n de Gyeongju, derivada de la Cumbre del organismo en Corea del Sur, a donde Ebrard asisti\u00f3 en d\u00edas recientes en representaci\u00f3n de la presidenta Claudia Sheinbaum.<\/p>\n<p>\u201cEl hecho de que hayan votado a favor de que M\u00e9xico sea la sede en 2028 habla de la importancia que le otorgan a nuestro pa\u00eds\u201d, apunt\u00f3 el secretario, quien aludi\u00f3 adem\u00e1s a encuentros sostenidos con funcionarios estadounidenses en el marco de la reuni\u00f3n.<\/p>\n<p>Mencion\u00f3 las conversaciones con los secretarios de Comercio, Howard Lutnick, y del Tesoro, Scott Bessent, as\u00ed como con el representante comercial, Jamieson Greer.<\/p>\n<p>\u201cAvanzamos algunas conversaciones con los Estados Unidos. Ah\u00ed vamos. Cada semana hay que avanzar, avanzar. Logramos algunos nuevos pasos\u201d, afirm\u00f3 Ebrard, quien calific\u00f3 de muy probable la realizaci\u00f3n de otras reuniones en Washington durante los pr\u00f3ximos d\u00edas.<\/p>\n<p>El titular destac\u00f3 la existencia de un buen progreso en los temas que ambos pa\u00edses hab\u00edan convenido revisar a fin de remover irritantes o diferencias que puedan distraer la revisi\u00f3n del Tratado entre M\u00e9xico, Estados Unidos y Canad\u00e1, prevista para 2026.<\/p>\n<p>De acuerdo con un comunicado de la cartera de Econom\u00eda, Ebrard destac\u00f3 el reconocimiento internacional que tiene la presidenta Sheinbaum.<\/p>\n<p>\u201cAqu\u00ed lo pude constatar, porque estaban presentes m\u00e1s de 20 l\u00edderes de todo el mundo, es un gran reconocimiento a la labor de la presidenta Claudia Sheinbaum, a c\u00f3mo est\u00e1 manejando su relaci\u00f3n con los Estados Unidos, a los \u00e9xitos, los avances que ha logrado con su Plan M\u00e9xico\u201d, subray\u00f3.<\/p>\n<p>Las 21 econom\u00edas miembros del Foro representan en conjunto m\u00e1s del 60 por ciento del Producto Interno Bruto y alrededor de la mitad del comercio global.<\/p>\n<\/div>\n<\/div>\n<div class=\"elementor-element elementor-element-4f75016 elementor-widget elementor-widget-post-info\" data-id=\"4f75016\" data-element_type=\"widget\" data-widget_type=\"post-info.default\">\n<div class=\"elementor-widget-container\">\n<ul class=\"elementor-inline-items elementor-icon-list-items elementor-post-info\">\n<li class=\"elementor-icon-list-item elementor-repeater-item-17dda3e elementor-inline-item\"><em><span class=\"elementor-icon-list-text elementor-post-info__item elementor-post-info__item--type-custom\">#<a href=\"https:\/\/primermomento.com\/?p=455170\" rel=\"tag\">APEC<\/a>\u00a0#<a href=\"https:\/\/primermomento.com\/?p=455170\" rel=\"tag\">ebrard<\/a>\u00a0#<a href=\"https:\/\/primermomento.com\/?p=455170\" rel=\"tag\">eeuu<\/a>\u00a0#<a href=\"https:\/\/primermomento.com\/?p=455170\" rel=\"tag\">M\u00e9xico<\/a>\u00a0#<a href=\"https:\/\/primermomento.com\/?p=455170\" rel=\"tag\">tmec<\/a><\/span><\/em><\/li>\n<\/ul>\n<\/div>\n<\/div>\n","protected":false},"excerpt":{"rendered":"<p>Por Prensa Latina Ciudad de M\u00e9xico, M\u00c9XICO.-\u00a0 M\u00e9xico acoger\u00e1 en 2028 la Cumbre del Foro de Cooperaci\u00f3n Econ\u00f3mica Asia-Pac\u00edfico (APEC), anunci\u00f3 hoy el Gobierno. \u201cNos llevamos la sede del 2028 a M\u00e9xico. Ser\u00e1 la sede de APEC despu\u00e9s de muchos a\u00f1os. Esto nos va a permitir ser un puente entre las Am\u00e9ricas y Asia. Toda [&hellip;]<\/p>\n","protected":false},"author":1,"featured_media":455171,"comment_status":"open","ping_status":"open","sticky":false,"template":"","format":"standard","meta":{"_bbp_topic_count":0,"_bbp_reply_count":0,"_bbp_total_topic_count":0,"_bbp_total_reply_count":0,"_bbp_voice_count":0,"_bbp_anonymous_reply_count":0,"_bbp_topic_count_hidden":0,"_bbp_reply_count_hidden":0,"_bbp_forum_subforum_count":0,"footnotes":""},"categories":[35],"tags":[],"class_list":{"0":"post-455170","1":"post","2":"type-post","3":"status-publish","4":"format-standard","5":"has-post-thumbnail","7":"category-economia"},"_links":{"self":[{"href":"https:\/\/primermomento.com\/index.php?rest_route=\/wp\/v2\/posts\/455170","targetHints":{"allow":["GET"]}}],"collection":[{"href":"https:\/\/primermomento.com\/index.php?rest_route=\/wp\/v2\/posts"}],"about":[{"href":"https:\/\/primermomento.com\/index.php?rest_route=\/wp\/v2\/types\/post"}],"author":[{"embeddable":true,"href":"https:\/\/primermomento.com\/index.php?rest_route=\/wp\/v2\/users\/1"}],"replies":[{"embeddable":true,"href":"https:\/\/primermomento.com\/index.php?rest_route=%2Fwp%2Fv2%2Fcomments&post=455170"}],"version-history":[{"count":1,"href":"https:\/\/primermomento.com\/index.php?rest_route=\/wp\/v2\/posts\/455170\/revisions"}],"predecessor-version":[{"id":455172,"href":"https:\/\/primermomento.com\/index.php?rest_route=\/wp\/v2\/posts\/455170\/revisions\/455172"}],"wp:featuredmedia":[{"embeddable":true,"href":"https:\/\/primermomento.com\/index.php?rest_route=\/wp\/v2\/media\/455171"}],"wp:attachment":[{"href":"https:\/\/primermomento.com\/index.php?rest_route=%2Fwp%2Fv2%2Fmedia&parent=455170"}],"wp:term":[{"taxonomy":"category","embeddable":true,"href":"https:\/\/primermomento.com\/index.php?rest_route=%2Fwp%2Fv2%2Fcategories&post=455170"},{"taxonomy":"post_tag","embeddable":true,"href":"https:\/\/primermomento.com\/index.php?rest_route=%2Fwp%2Fv2%2Ftags&post=455170"}],"curies":[{"name":"wp","href":"https:\/\/api.w.org\/{rel}","templated":true}]}}