{"id":455216,"date":"2025-11-03T06:00:28","date_gmt":"2025-11-03T11:00:28","guid":{"rendered":"https:\/\/primermomento.com\/?p=455216"},"modified":"2025-11-03T06:38:41","modified_gmt":"2025-11-03T11:38:41","slug":"enterate-ny-376","status":"publish","type":"post","link":"https:\/\/primermomento.com\/?p=455216","title":{"rendered":"Ent\u00e9rate NY"},"content":{"rendered":"<p><b>PERIODISMO INFORMATIVO Y CR\u00cdTICO AL SERVICIO DE LA COMUNIDAD<\/b><\/p>\n<p><em><b>Por <span style=\"color: #ff0000;\">Ram\u00f3n Mercedes<\/span><\/b><\/em><\/p>\n<p><b>\u25baJCE tron\u00f3 en el Alto Manhattan:<\/b><b>\u00a0<\/b>El presidente de la JCE, Rom\u00e1n J\u00e1quez, tron\u00f3 la semana pasada en NY, porque un diputado de la FP (Santiago) propuso un proyecto de ley para poder votar en las elecciones con la licencia de conducir o el pasaporte, a parte de la C\u00e9dula.\u00a0<b>Ver =<\/b>\u00a0<a href=\"https:\/\/listindiario.com\/la-republica\/congreso\/20251015\/diputado-propone-permitir-ciudadanos-ejercer-voto-licencia-conducir-pasaporte_878357.html\" target=\"_blank\" rel=\"nofollow noopener\" data-saferedirecturl=\"https:\/\/www.google.com\/url?q=https:\/\/listindiario.com\/la-republica\/congreso\/20251015\/diputado-propone-permitir-ciudadanos-ejercer-voto-licencia-conducir-pasaporte_878357.html&amp;source=gmail&amp;ust=1762256143743000&amp;usg=AOvVaw0EsNsWDN--qOtZG76EkJFT\">https:\/\/listindiario.com\/la-<wbr \/>republica\/congreso\/20251015\/<wbr \/>diputado-propone-permitir-<wbr \/>ciudadanos-ejercer-voto-<wbr \/>licencia-conducir-pasaporte_<wbr \/>878357.html<\/a>\u00a0\u00a1Uff! J\u00e1quez proclam\u00f3 a todo pulm\u00f3n: \u00abLa JCE se opone radicalmente a otro documento que no sea la C\u00e9dula de Identidad y Electoral para votar\u00bb. \u00abCon todo el respeto que merecen los poderes del Estado, sobre todo el Legislativo, la C\u00e9dula es el \u00fanico documento que es mencionado constitucionalmente\u00bb, proclam\u00f3 frente a m\u00e1s de un centenar de dominicanos, entre ellos dirigentes pol\u00edticos, comunitarios, profesionales, activistas sociales y ciudadanos comunes, cuando conclu\u00eda la ruta de recepci\u00f3n de propuestas para la conformaci\u00f3n de las Oficinas de Coordinaci\u00f3n de Log\u00edstica Electoral del Exterior (OCLEE), en varias ciudades de la circunscripci\u00f3n 1-USA, responsables del montaje de las elecciones del 2028. En seguida lo respaldaron pol\u00edticos de RD y NY.\u00a0<b>Ver =<\/b>\u00a0<a href=\"https:\/\/actualidadneoyorkina.com\/?p=8395\" target=\"_blank\" rel=\"nofollow noopener\" data-saferedirecturl=\"https:\/\/www.google.com\/url?q=https:\/\/actualidadneoyorkina.com\/?p%3D8395&amp;source=gmail&amp;ust=1762256143743000&amp;usg=AOvVaw3WC1uRi4Ja7O5f_iwmoUNn\">https:\/\/<wbr \/>actualidadneoyorkina.com\/?p=<wbr \/>8395<\/a>\u00a0Hay una pregunta en el aire, diiicen en NY \u00bfPor qu\u00e9 viene eso de un legislador de la FP? \u00a1Huumm!<\/p>\n<figure id=\"attachment_407821\" aria-describedby=\"caption-attachment-407821\" style=\"width: 143px\" class=\"wp-caption alignleft\"><img loading=\"lazy\" decoding=\"async\" class=\"size-full wp-image-407821\" src=\"https:\/\/primermomento.com\/wp-content\/uploads\/2024\/02\/000-NUEVA-FOTO-PARA-LA-COLUMNA.-GRACIAS-e1712001194427.jpg\" alt=\"\" width=\"143\" height=\"140\" \/><figcaption id=\"caption-attachment-407821\" class=\"wp-caption-text\">Ram\u00f3n Mercedes<br \/>Periodista<\/figcaption><\/figure>\n<p><b>\u25baDespu\u00e9s de leerlo:<\/b>\u00a0Varios opin\u00f3logos dominicanos en El Bronx sostienen que despu\u00e9s de leer este art\u00edculo en la prensa nacional:\u00a0<i>\u00bfPuede el PLD renacer con Danilo Medina como figura clave?<\/i>\u00a0<b>=<\/b>\u00a0<a href=\"https:\/\/elnacional.com.do\/ven-erratico-promover-figura-de-danilo-en-base\/\" target=\"_blank\" rel=\"nofollow noopener\" data-saferedirecturl=\"https:\/\/www.google.com\/url?q=https:\/\/elnacional.com.do\/ven-erratico-promover-figura-de-danilo-en-base\/&amp;source=gmail&amp;ust=1762256143743000&amp;usg=AOvVaw3ggKMPlc1s_s7eAGdTGIAQ\">https:\/\/elnacional.<wbr \/>com.do\/ven-erratico-promover-<wbr \/>figura-de-danilo-en-base\/<\/a>\u00a0lo discutieron y sacaron la siguiente conclusi\u00f3n: \u00abEs cierto, el presidente del PLD, Danilo Medina, debe abandonar su accionar protag\u00f3nico y relegar sus discursos y arenga a quien se se\u00f1ale como el candidato presidencial para el 2028, a menos que el expresidente est\u00e9 esperanzado o confiando en que se modificar\u00eda la Constituci\u00f3n para poder aspirar nuevamente\u00bb. Como va el PLD, creemos que\u00a0participar\u00eda solo por decir que particip\u00f3 en el proceso electoral. Diiicen que no hay raz\u00f3n justificada para que el partido se encuentre rezagado frente al accionar de la FP y el PRM.\u00a0\u00abEsos ataques que viene haciendo el expresidente al Gobierno debe dej\u00e1rselo al candidato se\u00f1alado, porque la base del partido, al igual que el pueblo, quieren escuchar de ese candidato lo que ser\u00eda su programa de gobierno, saludarlo, tomarse fotos, hacerles preguntas, propuestas y reclamos ante un gobierno suyo\u00bb. Admiten que el PLD es una organizaci\u00f3n pol\u00edtica fuerte, con una obra de gobierno inmensa en todo el pa\u00eds, pero, esa obra debe venderla el candidato se\u00f1alado.\u00a0Recuerdan\u00a0que el PLD cay\u00f3 en el fondo del hoyo electoral en el 2024, porque de 8,145,548 dominicanos aptos para votar el PRM obtuvo 2,507,297 (57.44%); la FP 1,259,427 (28.85%); y el PLD 453,468 (10.39%). \u00abGuerra avisada no mata soldados, y si lo mata es por descuidado\u00bb. \u00a1Bueeeno!<\/p>\n<p><b>\u25ba\u00bfEmbaucamiento o dominicanidad?:<\/b>\u00a0Observadores pol\u00edticos dominicanos en el Alto Manhattan se preguntan. \u00bfSe habla mucho de \u00abdominicanidad\u00bb y \u00abcomunidad\u00bb, pero del dicho al hecho es mucho trecho?, diiicen?\u00a0<b>Ver =\u00a0<\/b><a href=\"https:\/\/actualidadneoyorkina.com\/?p=8423\" target=\"_blank\" rel=\"nofollow noopener\" data-saferedirecturl=\"https:\/\/www.google.com\/url?q=https:\/\/actualidadneoyorkina.com\/?p%3D8423&amp;source=gmail&amp;ust=1762256143743000&amp;usg=AOvVaw0Pd3B9MMfj_--s7ZQ2xG0u\">https:\/\/<wbr \/>actualidadneoyorkina.com\/?p=<wbr \/>8423<\/a><\/p>\n<p><b>\u25baMuchos candidatos PRM-NY chivos:<\/b>\u00a0Se admite como un secreto de guerra entre los altos dirigentes de la seccional del PRM-NY el siguiente rumor: \u00abNo habr\u00e1 convenci\u00f3n para elegir los candidatos, ser\u00e1 por acuerdos\u00bb. Tres de los que aspiran a la presidencia del partido-NY, pidiendo no ser identificados, admiten el rumor que los mantiene \u00abchivos\u00bb. Viven cantando\u00a0<b>=<\/b>\u00a0<a href=\"https:\/\/www.youtube.com\/watch?v=jzqMf6Ct5CM&amp;list=RDjzqMf6Ct5CM&amp;start_radio=1\" target=\"_blank\" rel=\"nofollow noopener\" data-saferedirecturl=\"https:\/\/www.google.com\/url?q=https:\/\/www.youtube.com\/watch?v%3DjzqMf6Ct5CM%26list%3DRDjzqMf6Ct5CM%26start_radio%3D1&amp;source=gmail&amp;ust=1762256143743000&amp;usg=AOvVaw3siwGBu5bQAC-RRM4R-Gic\">https:\/\/www.<wbr \/>youtube.com\/watch?v=<wbr \/>jzqMf6Ct5CM&amp;list=<wbr \/>RDjzqMf6Ct5CM&amp;start_radio=1<\/a>\u00a0Ot<wbr \/>ros cantan\u00a0<b>=<\/b>\u00a0\u00a0<a href=\"https:\/\/www.youtube.com\/watch?v=xZ-XjGMt9vs&amp;list=RDxZ-XjGMt9vs&amp;start_radio=1\" target=\"_blank\" rel=\"nofollow noopener\" data-saferedirecturl=\"https:\/\/www.google.com\/url?q=https:\/\/www.youtube.com\/watch?v%3DxZ-XjGMt9vs%26list%3DRDxZ-XjGMt9vs%26start_radio%3D1&amp;source=gmail&amp;ust=1762256143743000&amp;usg=AOvVaw2AIr7bAXCddLHWFjqZSsD_\">https:\/\/www.youtube.<wbr \/>com\/watch?v=xZ-XjGMt9vs&amp;list=<wbr \/>RDxZ-XjGMt9vs&amp;start_radio=1<\/a>\u00a0Si<wbr \/>n embargo, la vieja sentencia pueblerina, dice: \u00abCuando el r\u00edo suena es porque agua trae\u00bb\u00a0<b>=<\/b>\u00a0significa que si hay rumores o se comenta algo sobre una situaci\u00f3n, es probable que haya algo de verdad. \u00a1Bueeeno!<\/p>\n<p><b>\u25baUnos alegres y otros tristes:<\/b>\u00a0Miles de dominicanos est\u00e1n felices porque la serie mundial de Grandes Ligas la ganaron Los Dodgers. Pero la Copa del Cibao, a celebrarse entre Las \u00c1guilas y Los Gigantes del Cibao en el Citi Field-Queens los pr\u00f3ximos d\u00edas 7, 8 y 9 de este mes fue suspendida por la empresa Latin Events, alegando temor de los fan\u00e1ticos ante recientes detenciones de inmigrantes indocumentados. La Liga de B\u00e9isbol Profesional de RD (Lidom) lament\u00f3 la decisi\u00f3n que no puede calificarse \u00abcomo hechos fortuitos\u00bb sino \u00abunilateral y sorpresiva\u00bb. De acuerdo con la Liga, \u00abpara garantizar el montaje de estos juegos ambos equipos cumplieron con los compromisos pactados, con comercializadores, boleter\u00eda y derechos de transmisi\u00f3n internacional\u2026\u00bb. Diiicen que a \u00faltima hora no se facturaba lo que se esperaba, porque juegos entre Las \u00c1guilas y Gigantes del Cibao no es lo mismo \u00c1guilas y Licey. Los Gigantes no facturan en NY. Diiicen que $$$ garantizado es entre El Licey y \u00c1guila. Fue una decisi\u00f3n \u00ableonicia\u00bb, diiicen.<\/p>\n<p><b>\u25baPron\u00f3sticos para RD:<\/b>\u00a0Varios tod\u00f3logos y sabichosos quisqueyanos en Brooklyn, despu\u00e9s de los m\u00faltiples casos que dejara el hurac\u00e1n Melissa a su paso por RD, dictan y predicen, l\u00e9ase bien, predicen, el futuro inmediato en RD.\u00a0<b>Veamos:<\/b>\u00a0Vienen las navidades (dos meses) e ir para el patio significa coger un \u00abfoul\u00bb con las enfermedades a venir; llevar el triple de $$$ para atender, como de costumbre a familiares, amigos y relacionados, porque no hay $$$ circulando en el pa\u00eds caribe\u00f1o; los tig\u00fceres duplicar\u00e1n sus haza\u00f1as diab\u00f3licas para buscarse sus $$$ en la calle porque es navidad. Un ciudadano en Queens vocifer\u00f3: \u00abNo se lleven de eso\u00bb \u00a1Uff!<\/p>\n<p>\u25baEmbajada EUA-RD:\u00a0En caso de emergencia, como fallecimiento, arresto, hospitalizaci\u00f3n o delitos que involucren a ciudadanos estadounidenses, llamar al + (809) 567-7775. Cuando se le solicite la extensi\u00f3n, ingrese 0 e indique al operador que se trata de una emergencia.<\/p>\n<p><b>\u25baUn valor dominicano en NY:<\/b>\u00a0Birmania Estrada, residente en el condado de Queens desde hace d\u00e9cadas, es una dominicana que lleva con orgullo su gentilicio y enaltece la bandera tricolor a cualquier costo donde quiera y bajo cualquier circunstancia, quieran o no algunos malos dominicanos. Particip\u00f3 recientemente en el concurso internacional \u00abMiss World Suprain International 2025\u00bb, efectuado en Per\u00fa y gan\u00f3 el primer lugar frente a candidatas de Colombia, Costa Rica, Ecuador, Espa\u00f1a, Italia, Brasil, Estados Unidos, y Venezuela. El consulado RD-NY le neg\u00f3 ayuda log\u00edstica como fue proyectar la promoci\u00f3n de un video que hiciera sobre RD, como se lo solicitara mediante una misiva, que ni siquiera el c\u00f3nsul contest\u00f3. Si usted la ve caminar por ah\u00ed, como lo hace de costumbre, d\u00edgale \u00abBirmania, usted es un valor dominicano en NY\u00bb<\/p>\n<p><b>\u25baCultura General:<\/b>\u00a0Datos difundidos por el Vatican News, la poblaci\u00f3n cat\u00f3lica mundial aument\u00f3 un 1.15% entre 2022 y 2024, pasando de aproximadamente 1.390 a 1.406 millones, un porcentaje muy similar al de los dos a\u00f1os anteriores. Con un crecimiento del 0.9% en Am\u00e9rica se consolida como el continente al que pertenece el 47.8% de los cat\u00f3licos del mundo. De ellos, el 27.4% reside en Sudam\u00e9rica y el 6.6% en Norteam\u00e9rica y el 13.8% restante en Centroam\u00e9rica. Si se relaciona el n\u00famero de cat\u00f3licos con el tama\u00f1o de la poblaci\u00f3n, destacan Argentina, Colombia y Paraguay, con m\u00e1s del 90% de la poblaci\u00f3n. El continente asi\u00e1tico registra un crecimiento de cat\u00f3licos del 0.6% y representa el 11% del total. Seg\u00fan estimaciones recientes, hay alrededor de 7.6 millones de cat\u00f3licos en RD y un poco m\u00e1s de 709 parroquias.<\/p>\n<p>\u25baSalud:\u00a0Durante los per\u00edodos de lluvias intensas como los que ha vivido la RD por el paso del hurac\u00e1n Melissa, se producen cambios en el ambiente que afectan directamente la salud de los ojos. Al permanecer m\u00e1s tiempo en espacios cerrados, disminuye la ventilaci\u00f3n y aumenta la humedad, creando condiciones que favorecen la proliferaci\u00f3n de microorganismos responsables de alergias, irritaciones e infecciones oculares.<\/p>\n<p>\u25baServicio comunitario:\u00a0Si decide dejar a sus ni\u00f1os al cuidado de una ni\u00f1era o centro infantil, el Gobierno USA ofrece recursos. Comunicarse con la agencia de su Estado para averiguar si es elegible.\u00a0<b>Visitar:<\/b>\u00a0<a href=\"https:\/\/acf.gov\/\" target=\"_blank\" rel=\"nofollow noopener\" data-saferedirecturl=\"https:\/\/www.google.com\/url?q=https:\/\/acf.gov\/&amp;source=gmail&amp;ust=1762256143743000&amp;usg=AOvVaw0MrtBCs4wRrZRf_SHwq2SA\">https:\/\/acf.gov\/<\/a><\/p>\n<p><b>\u25baSobre el espa\u00f1ol:<\/b>\u00a0Taimado\u00a0<b>=<\/b>\u00a0Astuto, h\u00e1bil para disimular y enga\u00f1ar.<\/p>\n<p><b>\u25baFrase:<\/b>\u00a0Cocoricamo\u00a0<b>=<\/b>\u00a0Algo misterioso, raro, enga\u00f1oso o sospechoso. Se usa en la RD para indicar que una situaci\u00f3n tiene algo escondido o es turbia.<\/p>\n<p><b>\u25baD\u00f3lar y Euro hasta este domingo 26<\/b>:\u00a0Compra del d\u00f3lar 63.33 y venta 64.55; Compra euro 72.70 y venta 76.58<\/p>\n<p><b>\u25baCombustibles:<\/b>\u00a0Del 1 al 7 de noviembre: Gasolina Premium a $290.10. Regular a $272.50. Gasoil Optimo $242.10. Regular a $224.80. Gas Licuado a $137.20. Gas Natural $43.97<\/p>\n<p><b>\u25baPara comunicarse con nosotros:<\/b>\u00a0Escribir a\u00a0<a href=\"mailto:santodomingoaldia@yahoo.com\" target=\"_blank\" rel=\"nofollow noopener\">santodomingoaldia@yahoo.com<\/a><\/p>\n","protected":false},"excerpt":{"rendered":"<p>PERIODISMO INFORMATIVO Y CR\u00cdTICO AL SERVICIO DE LA COMUNIDAD Por Ram\u00f3n Mercedes \u25baJCE tron\u00f3 en el Alto Manhattan:\u00a0El presidente de la JCE, Rom\u00e1n J\u00e1quez, tron\u00f3 la semana pasada en NY, porque un diputado de la FP (Santiago) propuso un proyecto de ley para poder votar en las elecciones con la licencia de conducir o el [&hellip;]<\/p>\n","protected":false},"author":1,"featured_media":455217,"comment_status":"open","ping_status":"open","sticky":false,"template":"","format":"standard","meta":{"_bbp_topic_count":0,"_bbp_reply_count":0,"_bbp_total_topic_count":0,"_bbp_total_reply_count":0,"_bbp_voice_count":0,"_bbp_anonymous_reply_count":0,"_bbp_topic_count_hidden":0,"_bbp_reply_count_hidden":0,"_bbp_forum_subforum_count":0,"footnotes":""},"categories":[33],"tags":[],"class_list":{"0":"post-455216","1":"post","2":"type-post","3":"status-publish","4":"format-standard","5":"has-post-thumbnail","7":"category-opinion"},"_links":{"self":[{"href":"https:\/\/primermomento.com\/index.php?rest_route=\/wp\/v2\/posts\/455216","targetHints":{"allow":["GET"]}}],"collection":[{"href":"https:\/\/primermomento.com\/index.php?rest_route=\/wp\/v2\/posts"}],"about":[{"href":"https:\/\/primermomento.com\/index.php?rest_route=\/wp\/v2\/types\/post"}],"author":[{"embeddable":true,"href":"https:\/\/primermomento.com\/index.php?rest_route=\/wp\/v2\/users\/1"}],"replies":[{"embeddable":true,"href":"https:\/\/primermomento.com\/index.php?rest_route=%2Fwp%2Fv2%2Fcomments&post=455216"}],"version-history":[{"count":1,"href":"https:\/\/primermomento.com\/index.php?rest_route=\/wp\/v2\/posts\/455216\/revisions"}],"predecessor-version":[{"id":455218,"href":"https:\/\/primermomento.com\/index.php?rest_route=\/wp\/v2\/posts\/455216\/revisions\/455218"}],"wp:featuredmedia":[{"embeddable":true,"href":"https:\/\/primermomento.com\/index.php?rest_route=\/wp\/v2\/media\/455217"}],"wp:attachment":[{"href":"https:\/\/primermomento.com\/index.php?rest_route=%2Fwp%2Fv2%2Fmedia&parent=455216"}],"wp:term":[{"taxonomy":"category","embeddable":true,"href":"https:\/\/primermomento.com\/index.php?rest_route=%2Fwp%2Fv2%2Fcategories&post=455216"},{"taxonomy":"post_tag","embeddable":true,"href":"https:\/\/primermomento.com\/index.php?rest_route=%2Fwp%2Fv2%2Ftags&post=455216"}],"curies":[{"name":"wp","href":"https:\/\/api.w.org\/{rel}","templated":true}]}}