{"id":455525,"date":"2025-11-07T05:24:04","date_gmt":"2025-11-07T10:24:04","guid":{"rendered":"https:\/\/primermomento.com\/?p=455525"},"modified":"2025-11-07T11:58:16","modified_gmt":"2025-11-07T16:58:16","slug":"referente-historico-de-las-luchas-por-la-dignidad-magisterial-nacional-y-local","status":"publish","type":"post","link":"https:\/\/primermomento.com\/?p=455525","title":{"rendered":"Referente hist\u00f3rico de las luchas por la dignidad magisterial nacional y local"},"content":{"rendered":"<p><strong><em>Por <span style=\"color: #ff0000;\">Rafael Aguasvivas<\/span><\/em><\/strong><\/p>\n<p>Procedente de Santiago de los Caballeros llega a San Jos\u00e9 de Ocoa en febrero del 1971, Un especialista de las Artes Industriales y dibujo t\u00e9cnico, fruto del Plan Educativo de Reforma que comenz\u00f3 en en a\u00f1o de 1970, siendo el proyecto educativo de mayor trascendencia, arrojando resultados incomparables en la eficiencia, eficacia y productividad, a pesar de los grandes desaf\u00edos que para la \u00e9poca enfrentaba el liderazgo comprometido con la defensa de las mejores causas.<\/p>\n<figure id=\"attachment_366461\" aria-describedby=\"caption-attachment-366461\" style=\"width: 142px\" class=\"wp-caption alignleft\"><img loading=\"lazy\" decoding=\"async\" class=\"size-full wp-image-366461\" src=\"https:\/\/primermomento.com\/wp-content\/uploads\/2022\/07\/Rafael-Aguasvivas-articulo1-e1677324790409.jpg\" alt=\"\" width=\"142\" height=\"100\" \/><figcaption id=\"caption-attachment-366461\" class=\"wp-caption-text\">Rafael Aguasvivas<br \/>Profesor universitario<\/figcaption><\/figure>\n<p>Hoy d\u00eda de la constituci\u00f3n de la Rep\u00fablica, despedimos a un pionero y maestro fundador del plan educativo que llen\u00f3 de orgullo a las generaciones que tuvieron el privilegio de tener un conjunto de maestros qu\u00e9 como Miguel \u00c1ngel Alc\u00e1ntara forjaron una conciencia colectiva y trazaron el camino del futuro de la familia ocoe\u00f1a.<\/p>\n<p>Miguel \u00c1ngel Alc\u00e1ntara fue un hombre que tan pronto llega a nuestro pueblo se compenetra con todos los sectores progresistas de la Sociedad ocoe\u00f1a, jugando un papel estelar en el movimiento educativo organizado, en el que podemos expresar que fue un orientador y apoyador de las acciones del liderazgo del movimiento estudiantil organizado en las diferentes organizaciones estudiantiles existentes en el Liceo Jos\u00e9 N\u00fa\u00f1ez de C\u00e1ceres.<\/p>\n<p>Miguel Angel en el campo de la educaci\u00f3n, particip\u00f3 militantemente en la fundaci\u00f3n y consolidaci\u00f3n de las organizaciones que hoy, disfrutan y garantizan la seguridad del magisterio nacional y local, de los cuales, fue un gran dirigente que trascendi\u00f3 el pensamiento de los ideales de su propio partido.<\/p>\n<p>Adem\u00e1s de dirigente social, adepe\u00edsta, cooperativista y pol\u00edtico, hay que destacar que fue un excelente deportista, considerado entre los mejores jugadores de ajedrez y Ping pong de nuestro pueblo.<\/p>\n<p>La contribuci\u00f3n del profesor Miguel, al bienestar de la clase Magisterial, no se corresponde con el tratamiento recibido por los responsables de conducir la educaci\u00f3n en la regi\u00f3n.<\/p>\n<p>Miguel te fuiste y dejaste un legado de lucha permanente que servir\u00e1 de ejemplo a las futuras generaciones que alg\u00fan d\u00eda conocer\u00e1n de tus acciones.<\/p>\n<p>Se despide tu compa\u00f1ero, hermano y amigo de siempre.<\/p>\n","protected":false},"excerpt":{"rendered":"<p>Por Rafael Aguasvivas Procedente de Santiago de los Caballeros llega a San Jos\u00e9 de Ocoa en febrero del 1971, Un especialista de las Artes Industriales y dibujo t\u00e9cnico, fruto del Plan Educativo de Reforma que comenz\u00f3 en en a\u00f1o de 1970, siendo el proyecto educativo de mayor trascendencia, arrojando resultados incomparables en la eficiencia, eficacia [&hellip;]<\/p>\n","protected":false},"author":1,"featured_media":455526,"comment_status":"open","ping_status":"open","sticky":false,"template":"","format":"standard","meta":{"_bbp_topic_count":0,"_bbp_reply_count":0,"_bbp_total_topic_count":0,"_bbp_total_reply_count":0,"_bbp_voice_count":0,"_bbp_anonymous_reply_count":0,"_bbp_topic_count_hidden":0,"_bbp_reply_count_hidden":0,"_bbp_forum_subforum_count":0,"footnotes":""},"categories":[33],"tags":[],"class_list":{"0":"post-455525","1":"post","2":"type-post","3":"status-publish","4":"format-standard","5":"has-post-thumbnail","7":"category-opinion"},"_links":{"self":[{"href":"https:\/\/primermomento.com\/index.php?rest_route=\/wp\/v2\/posts\/455525","targetHints":{"allow":["GET"]}}],"collection":[{"href":"https:\/\/primermomento.com\/index.php?rest_route=\/wp\/v2\/posts"}],"about":[{"href":"https:\/\/primermomento.com\/index.php?rest_route=\/wp\/v2\/types\/post"}],"author":[{"embeddable":true,"href":"https:\/\/primermomento.com\/index.php?rest_route=\/wp\/v2\/users\/1"}],"replies":[{"embeddable":true,"href":"https:\/\/primermomento.com\/index.php?rest_route=%2Fwp%2Fv2%2Fcomments&post=455525"}],"version-history":[{"count":1,"href":"https:\/\/primermomento.com\/index.php?rest_route=\/wp\/v2\/posts\/455525\/revisions"}],"predecessor-version":[{"id":455527,"href":"https:\/\/primermomento.com\/index.php?rest_route=\/wp\/v2\/posts\/455525\/revisions\/455527"}],"wp:featuredmedia":[{"embeddable":true,"href":"https:\/\/primermomento.com\/index.php?rest_route=\/wp\/v2\/media\/455526"}],"wp:attachment":[{"href":"https:\/\/primermomento.com\/index.php?rest_route=%2Fwp%2Fv2%2Fmedia&parent=455525"}],"wp:term":[{"taxonomy":"category","embeddable":true,"href":"https:\/\/primermomento.com\/index.php?rest_route=%2Fwp%2Fv2%2Fcategories&post=455525"},{"taxonomy":"post_tag","embeddable":true,"href":"https:\/\/primermomento.com\/index.php?rest_route=%2Fwp%2Fv2%2Ftags&post=455525"}],"curies":[{"name":"wp","href":"https:\/\/api.w.org\/{rel}","templated":true}]}}