{"id":455543,"date":"2025-11-07T07:00:55","date_gmt":"2025-11-07T12:00:55","guid":{"rendered":"https:\/\/primermomento.com\/?p=455543"},"modified":"2025-11-07T12:23:04","modified_gmt":"2025-11-07T17:23:04","slug":"canada-perdera-40-mil-empleos-y-cancelara-programas-federales","status":"publish","type":"post","link":"https:\/\/primermomento.com\/?p=455543","title":{"rendered":"Canad\u00e1 perder\u00e1 40 mil empleos y cancelar\u00e1 programas federales"},"content":{"rendered":"<p><strong><em>Por <span style=\"color: #ff0000;\">Prensa Latina<\/span><\/em><\/strong><\/p>\n<p>Ottawa, CANAD\u00c1.- Canad\u00e1 podr\u00eda perder unos 40 mil empleos y cancelar\u00e1 varios programas si el Parlamento aprueba el presupuesto federal presentado por el gobierno del primer ministro, Mark Carney, destacan hoy medios locales de prensa.<\/p>\n<div class=\"elementor-element elementor-element-0aea3a0 elementor-widget elementor-widget-theme-post-content\" data-id=\"0aea3a0\" data-element_type=\"widget\" data-widget_type=\"theme-post-content.default\">\n<div class=\"elementor-widget-container\">\n<p>El director del servicio p\u00fablico federal, Michael Sabia, afirm\u00f3 que la promesa del gobierno de recortar unos 60 mil millones de d\u00f3lares en los pr\u00f3ximos cinco a\u00f1os conllevar\u00e1 sacrificios, de acuerdo con el reporte de la cadena informativa Radio Canada International.<\/p>\n<p>En la carta dirigida a los empleados federales, Sabia explic\u00f3 que para alcanzar los objetivos trazados por el jefe de Estado, algunos programas ser\u00e1n reducidos o se limitar\u00e1n en su alcance, mientras que otros ser\u00e1n completamente cancelados.<\/p>\n<p>Seg\u00fan Sabia, una vez que comiencen los recortes, se tomar\u00e1n decisiones r\u00e1pidamente para evitar prolongar la incertidumbre, mientras que aquellos afectados por despidos y jubilaciones anticipadas recibir\u00e1n el apoyo del gobierno.<\/p>\n<\/div>\n<\/div>\n<div class=\"elementor-element elementor-element-4f75016 elementor-widget elementor-widget-post-info\" data-id=\"4f75016\" data-element_type=\"widget\" data-widget_type=\"post-info.default\">\n<div class=\"elementor-widget-container\">\n<ul class=\"elementor-inline-items elementor-icon-list-items elementor-post-info\">\n<li class=\"elementor-icon-list-item elementor-repeater-item-17dda3e elementor-inline-item\"><em><span class=\"elementor-icon-list-text elementor-post-info__item elementor-post-info__item--type-custom\">#<a href=\"https:\/\/primermomento.com\/?p=455543\" rel=\"tag\">empleos<\/a>\u00a0#<a href=\"https:\/\/primermomento.com\/?p=455543\" rel=\"tag\">prespuesto<\/a><\/span><\/em><\/li>\n<\/ul>\n<\/div>\n<\/div>\n","protected":false},"excerpt":{"rendered":"<p>Por Prensa Latina Ottawa, CANAD\u00c1.- Canad\u00e1 podr\u00eda perder unos 40 mil empleos y cancelar\u00e1 varios programas si el Parlamento aprueba el presupuesto federal presentado por el gobierno del primer ministro, Mark Carney, destacan hoy medios locales de prensa. El director del servicio p\u00fablico federal, Michael Sabia, afirm\u00f3 que la promesa del gobierno de recortar unos [&hellip;]<\/p>\n","protected":false},"author":1,"featured_media":455544,"comment_status":"open","ping_status":"open","sticky":false,"template":"","format":"standard","meta":{"_bbp_topic_count":0,"_bbp_reply_count":0,"_bbp_total_topic_count":0,"_bbp_total_reply_count":0,"_bbp_voice_count":0,"_bbp_anonymous_reply_count":0,"_bbp_topic_count_hidden":0,"_bbp_reply_count_hidden":0,"_bbp_forum_subforum_count":0,"footnotes":""},"categories":[35],"tags":[],"class_list":{"0":"post-455543","1":"post","2":"type-post","3":"status-publish","4":"format-standard","5":"has-post-thumbnail","7":"category-economia"},"_links":{"self":[{"href":"https:\/\/primermomento.com\/index.php?rest_route=\/wp\/v2\/posts\/455543","targetHints":{"allow":["GET"]}}],"collection":[{"href":"https:\/\/primermomento.com\/index.php?rest_route=\/wp\/v2\/posts"}],"about":[{"href":"https:\/\/primermomento.com\/index.php?rest_route=\/wp\/v2\/types\/post"}],"author":[{"embeddable":true,"href":"https:\/\/primermomento.com\/index.php?rest_route=\/wp\/v2\/users\/1"}],"replies":[{"embeddable":true,"href":"https:\/\/primermomento.com\/index.php?rest_route=%2Fwp%2Fv2%2Fcomments&post=455543"}],"version-history":[{"count":1,"href":"https:\/\/primermomento.com\/index.php?rest_route=\/wp\/v2\/posts\/455543\/revisions"}],"predecessor-version":[{"id":455545,"href":"https:\/\/primermomento.com\/index.php?rest_route=\/wp\/v2\/posts\/455543\/revisions\/455545"}],"wp:featuredmedia":[{"embeddable":true,"href":"https:\/\/primermomento.com\/index.php?rest_route=\/wp\/v2\/media\/455544"}],"wp:attachment":[{"href":"https:\/\/primermomento.com\/index.php?rest_route=%2Fwp%2Fv2%2Fmedia&parent=455543"}],"wp:term":[{"taxonomy":"category","embeddable":true,"href":"https:\/\/primermomento.com\/index.php?rest_route=%2Fwp%2Fv2%2Fcategories&post=455543"},{"taxonomy":"post_tag","embeddable":true,"href":"https:\/\/primermomento.com\/index.php?rest_route=%2Fwp%2Fv2%2Ftags&post=455543"}],"curies":[{"name":"wp","href":"https:\/\/api.w.org\/{rel}","templated":true}]}}