{"id":455546,"date":"2025-11-07T05:26:48","date_gmt":"2025-11-07T10:26:48","guid":{"rendered":"https:\/\/primermomento.com\/?p=455546"},"modified":"2025-11-07T13:00:59","modified_gmt":"2025-11-07T18:00:59","slug":"la-gratitud-un-valor-inconmensurable","status":"publish","type":"post","link":"https:\/\/primermomento.com\/?p=455546","title":{"rendered":"La gratitud: Un valor inconmensurable"},"content":{"rendered":"<p><em><strong>Por <span style=\"color: #ff0000;\">Glovis Reyes<\/span><\/strong><\/em><\/p>\n<p>Vivimos en una sociedad nacional y mundial impregnada de ingratitudes y mezclamos. Sin embargo, la gratitud y no ser mezquinos con reconocer a los dem\u00e1s por sus m\u00e9ritos, son dos de los valores m\u00e1s importantes del ser humano; y ambos forman parte de la esencia de mi vida, los que practico de manera constante con las personas, sin importar la diversidad de sus caracter\u00edsticas personales, socioecon\u00f3micas o culturales.<\/p>\n<figure id=\"attachment_455547\" aria-describedby=\"caption-attachment-455547\" style=\"width: 208px\" class=\"wp-caption alignleft\"><img loading=\"lazy\" decoding=\"async\" class=\"size-full wp-image-455547\" src=\"https:\/\/primermomento.com\/wp-content\/uploads\/2025\/11\/Glovis-Reyes.jpg\" alt=\"\" width=\"208\" height=\"278\" \/><figcaption id=\"caption-attachment-455547\" class=\"wp-caption-text\">Glovis Reyes<br \/>Sic\u00f3logo y profesor universitario<\/figcaption><\/figure>\n<p>Para m\u00ed lo m\u00e1s importante es el ser, la persona, no el valor de alguien por el tener o aparentar. Sin embargo, siento mucha preocupaci\u00f3n y tambi\u00e9n pena, el saber tantas personas traten a los dem\u00e1s como al dinero.<\/p>\n<p>por su valor de uso no, y por su valor humano. Es fen\u00f3meno social viejo, que se reproduce con mucha fuerza en los \u00faltimos a\u00f1os, fruto de la descomposici\u00f3n social que vive la humanidad, tendencia nociva contra la que hay luchar, con m\u00e1s eficiencia en la educaci\u00f3n y la orientaci\u00f3n, y una readecuaci\u00f3n de la pol\u00edtica social estatal.<\/p>\n<p>Y es que ser agradecidos, altruistas y cada vez m\u00e1s solidarios con los excluidos del bienestar material, psicoemocional y espiritual es nuestra meta: \u00a1acomp\u00e1\u00f1anos!<\/p>\n","protected":false},"excerpt":{"rendered":"<p>Por Glovis Reyes Vivimos en una sociedad nacional y mundial impregnada de ingratitudes y mezclamos. Sin embargo, la gratitud y no ser mezquinos con reconocer a los dem\u00e1s por sus m\u00e9ritos, son dos de los valores m\u00e1s importantes del ser humano; y ambos forman parte de la esencia de mi vida, los que practico de [&hellip;]<\/p>\n","protected":false},"author":1,"featured_media":305560,"comment_status":"open","ping_status":"open","sticky":false,"template":"","format":"standard","meta":{"_bbp_topic_count":0,"_bbp_reply_count":0,"_bbp_total_topic_count":0,"_bbp_total_reply_count":0,"_bbp_voice_count":0,"_bbp_anonymous_reply_count":0,"_bbp_topic_count_hidden":0,"_bbp_reply_count_hidden":0,"_bbp_forum_subforum_count":0,"footnotes":""},"categories":[33],"tags":[],"class_list":{"0":"post-455546","1":"post","2":"type-post","3":"status-publish","4":"format-standard","5":"has-post-thumbnail","7":"category-opinion"},"_links":{"self":[{"href":"https:\/\/primermomento.com\/index.php?rest_route=\/wp\/v2\/posts\/455546","targetHints":{"allow":["GET"]}}],"collection":[{"href":"https:\/\/primermomento.com\/index.php?rest_route=\/wp\/v2\/posts"}],"about":[{"href":"https:\/\/primermomento.com\/index.php?rest_route=\/wp\/v2\/types\/post"}],"author":[{"embeddable":true,"href":"https:\/\/primermomento.com\/index.php?rest_route=\/wp\/v2\/users\/1"}],"replies":[{"embeddable":true,"href":"https:\/\/primermomento.com\/index.php?rest_route=%2Fwp%2Fv2%2Fcomments&post=455546"}],"version-history":[{"count":1,"href":"https:\/\/primermomento.com\/index.php?rest_route=\/wp\/v2\/posts\/455546\/revisions"}],"predecessor-version":[{"id":455548,"href":"https:\/\/primermomento.com\/index.php?rest_route=\/wp\/v2\/posts\/455546\/revisions\/455548"}],"wp:featuredmedia":[{"embeddable":true,"href":"https:\/\/primermomento.com\/index.php?rest_route=\/wp\/v2\/media\/305560"}],"wp:attachment":[{"href":"https:\/\/primermomento.com\/index.php?rest_route=%2Fwp%2Fv2%2Fmedia&parent=455546"}],"wp:term":[{"taxonomy":"category","embeddable":true,"href":"https:\/\/primermomento.com\/index.php?rest_route=%2Fwp%2Fv2%2Fcategories&post=455546"},{"taxonomy":"post_tag","embeddable":true,"href":"https:\/\/primermomento.com\/index.php?rest_route=%2Fwp%2Fv2%2Ftags&post=455546"}],"curies":[{"name":"wp","href":"https:\/\/api.w.org\/{rel}","templated":true}]}}