{"id":455698,"date":"2025-11-11T05:45:01","date_gmt":"2025-11-11T10:45:01","guid":{"rendered":"https:\/\/primermomento.com\/?p=455698"},"modified":"2025-11-11T16:18:36","modified_gmt":"2025-11-11T21:18:36","slug":"cierre-de-gobierno-en-eeuu-afecta-poco-el-turismo-dominicano","status":"publish","type":"post","link":"https:\/\/primermomento.com\/?p=455698","title":{"rendered":"Cierre de gobierno en EEUU afecta poco el turismo dominicano"},"content":{"rendered":"<p><strong><em>Por<span style=\"color: #ff0000;\"> Prensa Latina<\/span><\/em><\/strong><\/p>\n<p>SANTO DOMINGO, Rep\u00fablica Dominicana.- El ministro dominicano de Turismo, David Collado, asegur\u00f3 que el cierre del gobierno en los Estados Unidos ocasiona afectaciones m\u00ednimas en la llegada de visitantes a este pa\u00eds.<\/p>\n<div class=\"elementor-element elementor-element-0aea3a0 elementor-widget elementor-widget-theme-post-content\" data-id=\"0aea3a0\" data-element_type=\"widget\" data-widget_type=\"theme-post-content.default\">\n<div class=\"elementor-widget-container\">\n<p>Asegur\u00f3 que pese a la cancelaci\u00f3n de m\u00e1s de mil vuelos en el pa\u00eds norte\u00f1o y al hecho de que m\u00e1s de un 50 por ciento de los vacacionistas que viajan a la Rep\u00fablica Dominicana son estadounidenses, el impacto ha sido leve.<\/p>\n<p>El funcionario se\u00f1al\u00f3 que, al cruzar datos con otras naciones de la regi\u00f3n, la Rep\u00fablica Dominicana ha sido la menos perjudicada por la crisis causada por el cierre del gobierno federal.<\/p>\n<p>As\u00ed lo manifest\u00f3 en La Semanal con la Prensa, que encabeza el presidente Luis Abinader todos los lunes, quien reiter\u00f3 que la aviaci\u00f3n civil de la Rep\u00fablica Dominicana es un referente en la regi\u00f3n por su amplia conectividad a\u00e9rea, su compromiso con el desarrollo sostenible y la modernizaci\u00f3n de la infraestructura.<\/p>\n<p>Record\u00f3 que el pa\u00eds forma parte del Convenio de Aviaci\u00f3n Civil Internacional desde su firma en 1944 y es miembro activo de la Comisi\u00f3n Latinoamericana de Aviaci\u00f3n Civil (CLAC), organismo consultivo que agrupa a 22 Estados de la regi\u00f3n y fomenta la cooperaci\u00f3n y coordinaci\u00f3n de pol\u00edticas de aviaci\u00f3n civil.<\/p>\n<p>Adelant\u00f3 que en el contexto de la pr\u00f3xima Conferencia Mundial de Negociaci\u00f3n de Acuerdos de Servicios A\u00e9reos, organizada por la Organizaci\u00f3n de Aviaci\u00f3n Civil Internacional (OACI), el pa\u00eds sostendr\u00e1 18 reuniones bilaterales orientadas a la suscripci\u00f3n, revisi\u00f3n y actualizaci\u00f3n de acuerdos de servicios a\u00e9reos con diversos Estados.<\/p>\n<p>Durante el encuentro se firmar\u00e1n nuevos acuerdos con Om\u00e1n, Paraguay, El Salvador y Grecia; y se realizar\u00e1n negociaciones con Eswatini, Corea, Malasia, Hong Kong y los pa\u00edses escandinavos (Dinamarca, Noruega y Suecia), as\u00ed como con Zimbabwe y Ben\u00edn.<\/p>\n<p>Adem\u00e1s, se actualizar\u00e1n convenios vigentes con Austria, Italia y B\u00e9lgica, y se revisar\u00e1n los existentes con la Rep\u00fablica Checa y Polonia.<\/p>\n<p>La Rep\u00fablica Dominicana tambi\u00e9n liderar\u00e1 la negociaci\u00f3n de memorandos de entendimiento con Suiza y revisar\u00e1 su marco bilateral con Panam\u00e1.<\/p>\n<p>Trascendi\u00f3 que entre 2019 y 2024, el pa\u00eds ha suscrito 57 instrumentos bilaterales con otros Estados y territorios, incluidos 30 acuerdos de servicios a\u00e9reos y 17 memorandos de entendimiento.<\/p>\n<\/div>\n<\/div>\n<div class=\"elementor-element elementor-element-4f75016 elementor-widget elementor-widget-post-info\" data-id=\"4f75016\" data-element_type=\"widget\" data-widget_type=\"post-info.default\">\n<div class=\"elementor-widget-container\">\n<ul class=\"elementor-inline-items elementor-icon-list-items elementor-post-info\">\n<li class=\"elementor-icon-list-item elementor-repeater-item-17dda3e elementor-inline-item\"><em><span class=\"elementor-icon-list-text elementor-post-info__item elementor-post-info__item--type-custom\">#<a href=\"https:\/\/primermomento.com\/?p=455698\" rel=\"tag\">eeuu<\/a>\u00a0#<a href=\"https:\/\/primermomento.com\/?p=455698\" rel=\"tag\">JAC<\/a>\u00a0#<a href=\"https:\/\/primermomento.com\/?p=455698\" rel=\"tag\">turismo<\/a><\/span><\/em><\/li>\n<\/ul>\n<\/div>\n<\/div>\n","protected":false},"excerpt":{"rendered":"<p>Por Prensa Latina SANTO DOMINGO, Rep\u00fablica Dominicana.- El ministro dominicano de Turismo, David Collado, asegur\u00f3 que el cierre del gobierno en los Estados Unidos ocasiona afectaciones m\u00ednimas en la llegada de visitantes a este pa\u00eds. Asegur\u00f3 que pese a la cancelaci\u00f3n de m\u00e1s de mil vuelos en el pa\u00eds norte\u00f1o y al hecho de que [&hellip;]<\/p>\n","protected":false},"author":1,"featured_media":455699,"comment_status":"open","ping_status":"open","sticky":false,"template":"","format":"standard","meta":{"_bbp_topic_count":0,"_bbp_reply_count":0,"_bbp_total_topic_count":0,"_bbp_total_reply_count":0,"_bbp_voice_count":0,"_bbp_anonymous_reply_count":0,"_bbp_topic_count_hidden":0,"_bbp_reply_count_hidden":0,"_bbp_forum_subforum_count":0,"footnotes":""},"categories":[35],"tags":[],"class_list":{"0":"post-455698","1":"post","2":"type-post","3":"status-publish","4":"format-standard","5":"has-post-thumbnail","7":"category-economia"},"_links":{"self":[{"href":"https:\/\/primermomento.com\/index.php?rest_route=\/wp\/v2\/posts\/455698","targetHints":{"allow":["GET"]}}],"collection":[{"href":"https:\/\/primermomento.com\/index.php?rest_route=\/wp\/v2\/posts"}],"about":[{"href":"https:\/\/primermomento.com\/index.php?rest_route=\/wp\/v2\/types\/post"}],"author":[{"embeddable":true,"href":"https:\/\/primermomento.com\/index.php?rest_route=\/wp\/v2\/users\/1"}],"replies":[{"embeddable":true,"href":"https:\/\/primermomento.com\/index.php?rest_route=%2Fwp%2Fv2%2Fcomments&post=455698"}],"version-history":[{"count":1,"href":"https:\/\/primermomento.com\/index.php?rest_route=\/wp\/v2\/posts\/455698\/revisions"}],"predecessor-version":[{"id":455700,"href":"https:\/\/primermomento.com\/index.php?rest_route=\/wp\/v2\/posts\/455698\/revisions\/455700"}],"wp:featuredmedia":[{"embeddable":true,"href":"https:\/\/primermomento.com\/index.php?rest_route=\/wp\/v2\/media\/455699"}],"wp:attachment":[{"href":"https:\/\/primermomento.com\/index.php?rest_route=%2Fwp%2Fv2%2Fmedia&parent=455698"}],"wp:term":[{"taxonomy":"category","embeddable":true,"href":"https:\/\/primermomento.com\/index.php?rest_route=%2Fwp%2Fv2%2Fcategories&post=455698"},{"taxonomy":"post_tag","embeddable":true,"href":"https:\/\/primermomento.com\/index.php?rest_route=%2Fwp%2Fv2%2Ftags&post=455698"}],"curies":[{"name":"wp","href":"https:\/\/api.w.org\/{rel}","templated":true}]}}