{"id":455724,"date":"2025-11-11T05:16:38","date_gmt":"2025-11-11T10:16:38","guid":{"rendered":"https:\/\/primermomento.com\/?p=455724"},"modified":"2025-11-11T11:10:03","modified_gmt":"2025-11-11T16:10:03","slug":"dominicana-acogera-27-asamblea-general-de-la-onu-sobre-turismo","status":"publish","type":"post","link":"https:\/\/primermomento.com\/?p=455724","title":{"rendered":"Dominicana acoger\u00e1 27 Asamblea General de la ONU sobre Turismo"},"content":{"rendered":"<p><em><strong>Por <span style=\"color: #ff0000;\">Prensa Latina<\/span><\/strong><\/em><\/p>\n<p>SANTO DOMINGO, Rep\u00fablica Dominicana.- Por primera vez, la Rep\u00fablica Dominicana ser\u00e1 sede en el a\u00f1o 2027 de la Asamblea General de ONU Turismo, informaron hoy fuentes oficiales.<\/p>\n<div class=\"elementor-element elementor-element-0aea3a0 elementor-widget elementor-widget-theme-post-content\" data-id=\"0aea3a0\" data-element_type=\"widget\" data-widget_type=\"theme-post-content.default\">\n<div class=\"elementor-widget-container\">\n<p>La decisi\u00f3n fue adoptada mediante resoluci\u00f3n durante la 26 Asamblea General de las Naciones Unidas sobre Turismo, celebrada en Arabia Saudita, con la presencia de m\u00e1s de 160 delegaciones de Estados miembros.<\/p>\n<p>El ministro de Turismo dominicano, David Collado, agradeci\u00f3 la distinci\u00f3n y destac\u00f3 la importancia que tiene para su pa\u00eds la celebraci\u00f3n de la cita en este pa\u00eds.<\/p>\n<p>\u201cSer sede de la Asamblea General de la @UNWTO en 2027 no es solo un logro: es el reconocimiento a una gesti\u00f3n que transform\u00f3 la forma de hacer turismo en la regi\u00f3n\u201d, escribi\u00f3 Collado en sus redes sociales.<\/p>\n<p>El funcionario agreg\u00f3 que \u00abel liderazgo de Rep\u00fablica Dominicana sigue en ascenso en el turismo mundial\u00bb.<\/p>\n<p>Recientemente ONU Turismo reconoci\u00f3 a David Collado como el Ministro de Turismo de las Am\u00e9ricas, siendo la primera vez que el organismo de Naciones Unidas entrega esa distinci\u00f3n.<\/p>\n<p>En la 26 Asamblea, que concluy\u00f3 este martes, la Rep\u00fablica Dominicana estuvo representada por el viceministro de esa cartera, Carlos Peguero.<\/p>\n<\/div>\n<\/div>\n<div class=\"elementor-element elementor-element-4f75016 elementor-widget elementor-widget-post-info\" data-id=\"4f75016\" data-element_type=\"widget\" data-widget_type=\"post-info.default\">\n<div class=\"elementor-widget-container\">\n<ul class=\"elementor-inline-items elementor-icon-list-items elementor-post-info\">\n<li class=\"elementor-icon-list-item elementor-repeater-item-17dda3e elementor-inline-item\"><span class=\"elementor-icon-list-text elementor-post-info__item elementor-post-info__item--type-custom\">#<em><a href=\"https:\/\/primermomento.com\/?p=455724\" rel=\"tag\">Asamblea General ONU Turismo<\/a><\/em><\/span><\/li>\n<\/ul>\n<\/div>\n<\/div>\n","protected":false},"excerpt":{"rendered":"<p>Por Prensa Latina SANTO DOMINGO, Rep\u00fablica Dominicana.- Por primera vez, la Rep\u00fablica Dominicana ser\u00e1 sede en el a\u00f1o 2027 de la Asamblea General de ONU Turismo, informaron hoy fuentes oficiales. La decisi\u00f3n fue adoptada mediante resoluci\u00f3n durante la 26 Asamblea General de las Naciones Unidas sobre Turismo, celebrada en Arabia Saudita, con la presencia de [&hellip;]<\/p>\n","protected":false},"author":1,"featured_media":455725,"comment_status":"open","ping_status":"open","sticky":false,"template":"","format":"standard","meta":{"_bbp_topic_count":0,"_bbp_reply_count":0,"_bbp_total_topic_count":0,"_bbp_total_reply_count":0,"_bbp_voice_count":0,"_bbp_anonymous_reply_count":0,"_bbp_topic_count_hidden":0,"_bbp_reply_count_hidden":0,"_bbp_forum_subforum_count":0,"footnotes":""},"categories":[35],"tags":[],"class_list":{"0":"post-455724","1":"post","2":"type-post","3":"status-publish","4":"format-standard","5":"has-post-thumbnail","7":"category-economia"},"_links":{"self":[{"href":"https:\/\/primermomento.com\/index.php?rest_route=\/wp\/v2\/posts\/455724","targetHints":{"allow":["GET"]}}],"collection":[{"href":"https:\/\/primermomento.com\/index.php?rest_route=\/wp\/v2\/posts"}],"about":[{"href":"https:\/\/primermomento.com\/index.php?rest_route=\/wp\/v2\/types\/post"}],"author":[{"embeddable":true,"href":"https:\/\/primermomento.com\/index.php?rest_route=\/wp\/v2\/users\/1"}],"replies":[{"embeddable":true,"href":"https:\/\/primermomento.com\/index.php?rest_route=%2Fwp%2Fv2%2Fcomments&post=455724"}],"version-history":[{"count":1,"href":"https:\/\/primermomento.com\/index.php?rest_route=\/wp\/v2\/posts\/455724\/revisions"}],"predecessor-version":[{"id":455726,"href":"https:\/\/primermomento.com\/index.php?rest_route=\/wp\/v2\/posts\/455724\/revisions\/455726"}],"wp:featuredmedia":[{"embeddable":true,"href":"https:\/\/primermomento.com\/index.php?rest_route=\/wp\/v2\/media\/455725"}],"wp:attachment":[{"href":"https:\/\/primermomento.com\/index.php?rest_route=%2Fwp%2Fv2%2Fmedia&parent=455724"}],"wp:term":[{"taxonomy":"category","embeddable":true,"href":"https:\/\/primermomento.com\/index.php?rest_route=%2Fwp%2Fv2%2Fcategories&post=455724"},{"taxonomy":"post_tag","embeddable":true,"href":"https:\/\/primermomento.com\/index.php?rest_route=%2Fwp%2Fv2%2Ftags&post=455724"}],"curies":[{"name":"wp","href":"https:\/\/api.w.org\/{rel}","templated":true}]}}