{"id":455808,"date":"2025-11-12T12:48:06","date_gmt":"2025-11-12T17:48:06","guid":{"rendered":"https:\/\/primermomento.com\/?p=455808"},"modified":"2025-11-13T08:19:42","modified_gmt":"2025-11-13T13:19:42","slug":"ministro-de-hacienda-reafirma-compromiso-con-aumento-de-la-inversion-publica","status":"publish","type":"post","link":"https:\/\/primermomento.com\/?p=455808","title":{"rendered":"Ministro de Hacienda reafirma compromiso con aumento de la inversi\u00f3n p\u00fablica"},"content":{"rendered":"<p><strong><em>Por <span style=\"color: #ff0000;\">Prensa Latina<\/span><\/em><\/strong><\/p>\n<p>SANTO DOMINGO, Rep\u00fablica Dominicana.- El ministro de Hacienda y Econom\u00eda de la Rep\u00fablica Dominicana, Mag\u00edn D\u00edaz, reafirm\u00f3 hoy el compromiso del Gobierno con el incremento y la eficiencia de la inversi\u00f3n p\u00fablica.<\/p>\n<div class=\"elementor-element elementor-element-0aea3a0 elementor-widget elementor-widget-theme-post-content\" data-id=\"0aea3a0\" data-element_type=\"widget\" data-widget_type=\"theme-post-content.default\">\n<div class=\"elementor-widget-container\">\n<p>Como muestra de ello, cit\u00f3 la reformulaci\u00f3n del Presupuesto de 2025, en el que se incrementaron los recursos destinados a la inversi\u00f3n p\u00fablica, y explic\u00f3 que esta ser\u00e1 una tendencia en los pr\u00f3ximos a\u00f1os.<\/p>\n<p>As\u00ed lo expres\u00f3 durante la apertura del Foro Econ\u00f3mico elDinero 2025, celebrado bajo el tema \u201cRep\u00fablica Dominicana en el mapa log\u00edstico\u201d.<\/p>\n<p>En su intervenci\u00f3n, D\u00edaz resalt\u00f3 la estabilidad macroecon\u00f3mica que vive el pa\u00eds e indic\u00f3 que esta se mantiene cuando las principales relaciones econ\u00f3micas se encuentran en equilibrio.<\/p>\n<p>Entre ellas mencion\u00f3 la demanda dom\u00e9stica con la oferta, la balanza de pagos, los ingresos y gastos del Gobierno, el ahorro y la inversi\u00f3n.<\/p>\n<p>Se refiri\u00f3, adem\u00e1s, al crecimiento econ\u00f3mico con baja inflaci\u00f3n, as\u00ed como el esquema de metas de inflaci\u00f3n de 4.0 por ciento \u00b1 1.0 por ciento, implementado por el Banco Central desde 2012.<\/p>\n<p>El Foro Econ\u00f3mico elDinero se consolida como uno de los principales espacios de an\u00e1lisis econ\u00f3mico.<\/p>\n<p>Cada a\u00f1o re\u00fane a funcionarios y l\u00edderes del sector empresarial para debatir ideas de desarrollo y expansi\u00f3n para la Rep\u00fablica Dominicana.<\/p>\n<\/div>\n<\/div>\n<div class=\"elementor-element elementor-element-4f75016 elementor-widget elementor-widget-post-info\" data-id=\"4f75016\" data-element_type=\"widget\" data-widget_type=\"post-info.default\">\n<div class=\"elementor-widget-container\">\n<ul class=\"elementor-inline-items elementor-icon-list-items elementor-post-info\">\n<li class=\"elementor-icon-list-item elementor-repeater-item-17dda3e elementor-inline-item\"><span class=\"elementor-icon-list-text elementor-post-info__item elementor-post-info__item--type-custom\">#<em><a href=\"https:\/\/primermomento.com\/?p=455808\" rel=\"tag\">Hacienda y Econom\u00eda<\/a><\/em><\/span><\/li>\n<\/ul>\n<\/div>\n<\/div>\n","protected":false},"excerpt":{"rendered":"<p>Por Prensa Latina SANTO DOMINGO, Rep\u00fablica Dominicana.- El ministro de Hacienda y Econom\u00eda de la Rep\u00fablica Dominicana, Mag\u00edn D\u00edaz, reafirm\u00f3 hoy el compromiso del Gobierno con el incremento y la eficiencia de la inversi\u00f3n p\u00fablica. Como muestra de ello, cit\u00f3 la reformulaci\u00f3n del Presupuesto de 2025, en el que se incrementaron los recursos destinados a [&hellip;]<\/p>\n","protected":false},"author":1,"featured_media":455809,"comment_status":"open","ping_status":"open","sticky":false,"template":"","format":"standard","meta":{"_bbp_topic_count":0,"_bbp_reply_count":0,"_bbp_total_topic_count":0,"_bbp_total_reply_count":0,"_bbp_voice_count":0,"_bbp_anonymous_reply_count":0,"_bbp_topic_count_hidden":0,"_bbp_reply_count_hidden":0,"_bbp_forum_subforum_count":0,"footnotes":""},"categories":[35],"tags":[],"class_list":{"0":"post-455808","1":"post","2":"type-post","3":"status-publish","4":"format-standard","5":"has-post-thumbnail","7":"category-economia"},"_links":{"self":[{"href":"https:\/\/primermomento.com\/index.php?rest_route=\/wp\/v2\/posts\/455808","targetHints":{"allow":["GET"]}}],"collection":[{"href":"https:\/\/primermomento.com\/index.php?rest_route=\/wp\/v2\/posts"}],"about":[{"href":"https:\/\/primermomento.com\/index.php?rest_route=\/wp\/v2\/types\/post"}],"author":[{"embeddable":true,"href":"https:\/\/primermomento.com\/index.php?rest_route=\/wp\/v2\/users\/1"}],"replies":[{"embeddable":true,"href":"https:\/\/primermomento.com\/index.php?rest_route=%2Fwp%2Fv2%2Fcomments&post=455808"}],"version-history":[{"count":1,"href":"https:\/\/primermomento.com\/index.php?rest_route=\/wp\/v2\/posts\/455808\/revisions"}],"predecessor-version":[{"id":455810,"href":"https:\/\/primermomento.com\/index.php?rest_route=\/wp\/v2\/posts\/455808\/revisions\/455810"}],"wp:featuredmedia":[{"embeddable":true,"href":"https:\/\/primermomento.com\/index.php?rest_route=\/wp\/v2\/media\/455809"}],"wp:attachment":[{"href":"https:\/\/primermomento.com\/index.php?rest_route=%2Fwp%2Fv2%2Fmedia&parent=455808"}],"wp:term":[{"taxonomy":"category","embeddable":true,"href":"https:\/\/primermomento.com\/index.php?rest_route=%2Fwp%2Fv2%2Fcategories&post=455808"},{"taxonomy":"post_tag","embeddable":true,"href":"https:\/\/primermomento.com\/index.php?rest_route=%2Fwp%2Fv2%2Ftags&post=455808"}],"curies":[{"name":"wp","href":"https:\/\/api.w.org\/{rel}","templated":true}]}}