{"id":455869,"date":"2025-11-13T08:22:36","date_gmt":"2025-11-13T13:22:36","guid":{"rendered":"https:\/\/primermomento.com\/?p=455869"},"modified":"2025-11-13T14:31:46","modified_gmt":"2025-11-13T19:31:46","slug":"brasil-lanza-en-cop30-plan-mundial-de-salud","status":"publish","type":"post","link":"https:\/\/primermomento.com\/?p=455869","title":{"rendered":"Brasil lanza en COP30 plan mundial de salud"},"content":{"rendered":"<p><strong><em>Por <span style=\"color: #ff0000;\">Prensa Latina<\/span><\/em><\/strong><\/p>\n<p>Bel\u00e9m, BRASIL.- El ministro brasile\u00f1o de Sanidad, Alexandre Padilha, present\u00f3 hoy el denominado Plan de Acci\u00f3n de Salud de Bel\u00e9m, en el contexto de la cuarta jornada de la XXX Conferencia de Naciones Unidas sobre el Clima (COP30).<\/p>\n<div class=\"elementor-element elementor-element-0aea3a0 elementor-widget elementor-widget-theme-post-content\" data-id=\"0aea3a0\" data-element_type=\"widget\" data-widget_type=\"theme-post-content.default\">\n<div class=\"elementor-widget-container\">\n<p>Desarrollada en colaboraci\u00f3n con la Organizaci\u00f3n Mundial de la Salud, la iniciativa define directrices globales para preparar los sistemas de salud ante los efectos del cambio clim\u00e1tico y fortalecer la cooperaci\u00f3n internacional.<\/p>\n<p>El documento re\u00fane una serie de medidas que los pa\u00edses pueden adoptar para fortalecer sus sistemas sanitarios y prepararlos para los impactos del cambio clim\u00e1tico.<\/p>\n<p>\u00abLa crisis clim\u00e1tica es, ante todo, una crisis de salud p\u00fablica. Ya no nos enfrentamos a un riesgo futuro, sino a una realidad que ya est\u00e1 ejerciendo presi\u00f3n sobre los sistemas de salud, causando muertes y exacerbando las desigualdades\u00bb, afirm\u00f3 Padilha.<\/p>\n<p>Con un enfoque en las poblaciones m\u00e1s vulnerables, el proyecto prev\u00e9 la participaci\u00f3n voluntaria de gobiernos, instituciones internacionales, la sociedad civil, la academia, el sector privado y entidades filantr\u00f3picas.<\/p>\n<p>\u00abAqu\u00ed en Bel\u00e9m, en el coraz\u00f3n de la Amazon\u00eda, reafirmamos que la respuesta a esta crisis debe unir ciencia, cooperaci\u00f3n y humanidad. Brasil demuestra al mundo que la salud y el clima son agendas inseparables, y que adaptar nuestros sistemas es proteger vidas, comunidades y el futuro del planeta\u00bb, recalc\u00f3 el ministro.<\/p>\n<p>Tambi\u00e9n se\u00f1al\u00f3 que, con este plan, Brasil asume el liderazgo en la integraci\u00f3n entre salud, medio ambiente y justicia social.<\/p>\n<p>\u00abNuestro pa\u00eds, que ya ha demostrado su capacidad para enfrentar epidemias y construir el sistema de salud p\u00fablica m\u00e1s grande del mundo, ahora asume el liderazgo global en la integraci\u00f3n entre salud, medio ambiente y justicia social. No hay tiempo que perder; es hora de transformar los compromisos en resultados concretos\u00bb, refiri\u00f3.<\/p>\n<p>Respecto a la propuesta de salud de Brasil, aludi\u00f3 a palabras del presidente Luiz In\u00e1cio Lula da Silva, quien asegura que esta \u00abes la COP de la verdad: la verdad de la ciencia, la implementaci\u00f3n y la acci\u00f3n\u00bb.<\/p>\n<p>Para Padilha, el gigante sudamericano lleg\u00f3 al foro con la convicci\u00f3n de que enfrentar la crisis clim\u00e1tica exige valent\u00eda pol\u00edtica y un compromiso con la vida.<\/p>\n<p>Brasil tambi\u00e9n presentar\u00e1 el Plan Nacional de Adaptaci\u00f3n al Cambio Clim\u00e1tico (AdaptaSUS), desarrollado con amplia participaci\u00f3n social y di\u00e1logo federal.<\/p>\n<p>Es la propuesta de un pa\u00eds que se compromete con el di\u00e1logo y servir\u00e1 de ejemplo para las acciones que permitan afrontar y responder al impacto del cambio clim\u00e1tico en la salud de las poblaciones de todo el mundo.<\/p>\n<\/div>\n<\/div>\n<div class=\"elementor-element elementor-element-4f75016 elementor-widget elementor-widget-post-info\" data-id=\"4f75016\" data-element_type=\"widget\" data-widget_type=\"post-info.default\">\n<div class=\"elementor-widget-container\">\n<ul class=\"elementor-inline-items elementor-icon-list-items elementor-post-info\">\n<li class=\"elementor-icon-list-item elementor-repeater-item-17dda3e elementor-inline-item\"><em><span class=\"elementor-icon-list-text elementor-post-info__item elementor-post-info__item--type-custom\">#<a href=\"https:\/\/primermomento.com\/?p=455869\" rel=\"tag\">brasil<\/a>\u00a0#<a href=\"https:\/\/primermomento.com\/?p=455869\" rel=\"tag\">cop30<\/a>\u00a0#<a href=\"https:\/\/primermomento.com\/?p=455869\" rel=\"tag\">ministrom<\/a>\u00a0#<a href=\"https:\/\/primermomento.com\/?p=455869\" rel=\"tag\">plan<\/a>\u00a0#<a href=\"https:\/\/primermomento.com\/?p=455869\" rel=\"tag\">salud<\/a><\/span><\/em><\/li>\n<\/ul>\n<\/div>\n<\/div>\n","protected":false},"excerpt":{"rendered":"<p>Por Prensa Latina Bel\u00e9m, BRASIL.- El ministro brasile\u00f1o de Sanidad, Alexandre Padilha, present\u00f3 hoy el denominado Plan de Acci\u00f3n de Salud de Bel\u00e9m, en el contexto de la cuarta jornada de la XXX Conferencia de Naciones Unidas sobre el Clima (COP30). Desarrollada en colaboraci\u00f3n con la Organizaci\u00f3n Mundial de la Salud, la iniciativa define directrices [&hellip;]<\/p>\n","protected":false},"author":1,"featured_media":455870,"comment_status":"open","ping_status":"open","sticky":false,"template":"","format":"standard","meta":{"_bbp_topic_count":0,"_bbp_reply_count":0,"_bbp_total_topic_count":0,"_bbp_total_reply_count":0,"_bbp_voice_count":0,"_bbp_anonymous_reply_count":0,"_bbp_topic_count_hidden":0,"_bbp_reply_count_hidden":0,"_bbp_forum_subforum_count":0,"footnotes":""},"categories":[36],"tags":[],"class_list":{"0":"post-455869","1":"post","2":"type-post","3":"status-publish","4":"format-standard","5":"has-post-thumbnail","7":"category-salud"},"_links":{"self":[{"href":"https:\/\/primermomento.com\/index.php?rest_route=\/wp\/v2\/posts\/455869","targetHints":{"allow":["GET"]}}],"collection":[{"href":"https:\/\/primermomento.com\/index.php?rest_route=\/wp\/v2\/posts"}],"about":[{"href":"https:\/\/primermomento.com\/index.php?rest_route=\/wp\/v2\/types\/post"}],"author":[{"embeddable":true,"href":"https:\/\/primermomento.com\/index.php?rest_route=\/wp\/v2\/users\/1"}],"replies":[{"embeddable":true,"href":"https:\/\/primermomento.com\/index.php?rest_route=%2Fwp%2Fv2%2Fcomments&post=455869"}],"version-history":[{"count":1,"href":"https:\/\/primermomento.com\/index.php?rest_route=\/wp\/v2\/posts\/455869\/revisions"}],"predecessor-version":[{"id":455871,"href":"https:\/\/primermomento.com\/index.php?rest_route=\/wp\/v2\/posts\/455869\/revisions\/455871"}],"wp:featuredmedia":[{"embeddable":true,"href":"https:\/\/primermomento.com\/index.php?rest_route=\/wp\/v2\/media\/455870"}],"wp:attachment":[{"href":"https:\/\/primermomento.com\/index.php?rest_route=%2Fwp%2Fv2%2Fmedia&parent=455869"}],"wp:term":[{"taxonomy":"category","embeddable":true,"href":"https:\/\/primermomento.com\/index.php?rest_route=%2Fwp%2Fv2%2Fcategories&post=455869"},{"taxonomy":"post_tag","embeddable":true,"href":"https:\/\/primermomento.com\/index.php?rest_route=%2Fwp%2Fv2%2Ftags&post=455869"}],"curies":[{"name":"wp","href":"https:\/\/api.w.org\/{rel}","templated":true}]}}