{"id":455875,"date":"2025-11-13T14:41:35","date_gmt":"2025-11-13T19:41:35","guid":{"rendered":"https:\/\/primermomento.com\/?p=455875"},"modified":"2025-11-14T07:10:04","modified_gmt":"2025-11-14T12:10:04","slug":"dgii-y-dgcp-disponen-uso-obligatorio-de-facturacion-electronica-en-contrataciones-publicas","status":"publish","type":"post","link":"https:\/\/primermomento.com\/?p=455875","title":{"rendered":"DGII y DGCP disponen uso obligatorio de facturaci\u00f3n electr\u00f3nica en contrataciones p\u00fablicas"},"content":{"rendered":"<p dir=\"ltr\"><strong><em>Por <span style=\"color: #ff0000;\">Servicios de Primermomento.com<\/span><\/em><\/strong><\/p>\n<p dir=\"ltr\">SANTO DOMINGO, Rep\u00fablica Dominicana.- La Direcci\u00f3n General de Impuestos Internos (DGII)\u00a0y la Direcci\u00f3n General de Contrataciones P\u00fablicas\u00a0(DGCP)\u00a0emitieron una\u00a0circular conjunta\u00a0que ordena\u00a0emitir de manera electr\u00f3nica\u00a0las facturas derivadas de los procedimientos de contrataci\u00f3n p\u00fablica\u00a0para fines de pago.<\/p>\n<p dir=\"ltr\">En ese sentido, ambas instituciones exhortaron a los\u00a0proveedores del Estado a regularizar su estatus ante la DGII\u00a0y solicitar su autorizaci\u00f3n como\u00a0emisores electr\u00f3nicos, as\u00ed como a las instituciones contratantes a adaptar sus\u00a0pliegos de condiciones\u00a0para asegurar el cumplimiento de esta medida.<\/p>\n<p dir=\"ltr\">La disposici\u00f3n que da cumplimiento a lo establecido en la\u00a0Ley 32-23 de Facturaci\u00f3n Electr\u00f3nica y la Ley 340-06 de Contrataciones P\u00fablicas, fue dada a conocer durante el acto de firma de la circular encabezado por el director de la DGII,\u00a0Luis Valdez Veras,\u00a0y el director de la DGCP,\u00a0Carlos Pimentel Florenz\u00e1n.<\/p>\n<p dir=\"ltr\">Valdez Veras explic\u00f3 que actualmente\u00a0611 grandes contribuyentes\u00a0tienen la obligaci\u00f3n de emitir comprobantes fiscales electr\u00f3nicos, no s\u00f3lo para la DGII, sino tambi\u00e9n al momento de realizar operaciones con instituciones del Estado.<\/p>\n<p dir=\"ltr\">Destac\u00f3 que esta\u00a0obligatoriedad\u00a0tambi\u00e9n recae sobre\u00a0entidades p\u00fablicas\u00a0que deber\u00e1n exigir y gestionar la facturaci\u00f3n electr\u00f3nica en todos sus procesos de compras y contrataciones.<\/p>\n<p dir=\"ltr\">\u201cEsta circular que hoy firmamos reafirma el compromiso y consolida la coordinaci\u00f3n interinstitucional entre la DGII y DGCP con la aplicaci\u00f3n del marco normativo referente a la Ley 32-23 de Facturaci\u00f3n Electr\u00f3nica. Se trata de un paso importante porque dispone que todas las entidades p\u00fablicas deber\u00e1n incluir en sus pliegos de condiciones los requisitos sobre contrataci\u00f3n y pago de servicios, garantizando as\u00ed el cumplimiento de los plazos y procesos establecidos por esta ley\u201d,\u00a0enfatiz\u00f3 el director general de la DGII.<\/p>\n<p dir=\"ltr\">Pimentel afirm\u00f3 que la implementaci\u00f3n de la facturaci\u00f3n electr\u00f3nica en los procesos de contrataci\u00f3n p\u00fablica representa un paso firme hacia una\u00a0gesti\u00f3n m\u00e1s transparente, eficiente y trazable del gasto p\u00fablico.<\/p>\n<p dir=\"ltr\">\u201cCon esta medida fortalecemos la rendici\u00f3n de cuentas, facilitamos la interoperabilidad entre las instituciones y contribuimos a una Administraci\u00f3n p\u00fablica m\u00e1s moderna y responsable con los recursos del Estado\u201d,\u00a0expres\u00f3 el director general de Contrataciones P\u00fablicas.<\/p>\n<p dir=\"ltr\">La circular conjunta instruye a las instituciones contratantes a colocar en la\u00a0secci\u00f3n de \u201cCondiciones de Pago y retenciones\u201d\u00a0de sus pliegos de condiciones, la emisi\u00f3n de\u00a0facturas electr\u00f3nicas por parte de los proveedores, a fines de tramitar los pagos correspondientes a los bienes, servicios u obras contratados, en cumplimiento a lo previsto en el\u00a0art\u00edculo 20 de la Ley 340-06 de Contrataciones P\u00fablicas, as\u00ed como el\u00a0numeral 4 del art\u00edculo 3\u00a0que establece el\u00a0principio de econom\u00eda y flexibilidad.<\/p>\n<p dir=\"ltr\">\u201cPor consiguiente, tanto los proveedores del Estado como las instituciones contratantes deben asegurar la correcta emisi\u00f3n y recepci\u00f3n de las facturas electr\u00f3nicas, conforme a la normativa tributaria y de contrataci\u00f3n p\u00fablica vigente\u201d,\u00a0subraya la medida dada a conocer mediante una nota de prensa.<\/p>\n<p>Con esta circular conjunta,\u00a0disponible en la secci\u00f3n Circulares\u00a0del portal institucional de la DGCP https:\/\/www.dgcp.gob.do\/sobre-nosotros\/marco-legal\/circulares\/ ambas instituciones reafirman su compromiso con la transparencia, eficiencia y alineada con los\u00a0est\u00e1ndares internacionales de gobernanza.<\/p>\n","protected":false},"excerpt":{"rendered":"<p>Por Servicios de Primermomento.com SANTO DOMINGO, Rep\u00fablica Dominicana.- La Direcci\u00f3n General de Impuestos Internos (DGII)\u00a0y la Direcci\u00f3n General de Contrataciones P\u00fablicas\u00a0(DGCP)\u00a0emitieron una\u00a0circular conjunta\u00a0que ordena\u00a0emitir de manera electr\u00f3nica\u00a0las facturas derivadas de los procedimientos de contrataci\u00f3n p\u00fablica\u00a0para fines de pago. En ese sentido, ambas instituciones exhortaron a los\u00a0proveedores del Estado a regularizar su estatus ante la DGII\u00a0y [&hellip;]<\/p>\n","protected":false},"author":1,"featured_media":455876,"comment_status":"open","ping_status":"open","sticky":false,"template":"","format":"standard","meta":{"_bbp_topic_count":0,"_bbp_reply_count":0,"_bbp_total_topic_count":0,"_bbp_total_reply_count":0,"_bbp_voice_count":0,"_bbp_anonymous_reply_count":0,"_bbp_topic_count_hidden":0,"_bbp_reply_count_hidden":0,"_bbp_forum_subforum_count":0,"footnotes":""},"categories":[35],"tags":[],"class_list":{"0":"post-455875","1":"post","2":"type-post","3":"status-publish","4":"format-standard","5":"has-post-thumbnail","7":"category-economia"},"_links":{"self":[{"href":"https:\/\/primermomento.com\/index.php?rest_route=\/wp\/v2\/posts\/455875","targetHints":{"allow":["GET"]}}],"collection":[{"href":"https:\/\/primermomento.com\/index.php?rest_route=\/wp\/v2\/posts"}],"about":[{"href":"https:\/\/primermomento.com\/index.php?rest_route=\/wp\/v2\/types\/post"}],"author":[{"embeddable":true,"href":"https:\/\/primermomento.com\/index.php?rest_route=\/wp\/v2\/users\/1"}],"replies":[{"embeddable":true,"href":"https:\/\/primermomento.com\/index.php?rest_route=%2Fwp%2Fv2%2Fcomments&post=455875"}],"version-history":[{"count":1,"href":"https:\/\/primermomento.com\/index.php?rest_route=\/wp\/v2\/posts\/455875\/revisions"}],"predecessor-version":[{"id":455877,"href":"https:\/\/primermomento.com\/index.php?rest_route=\/wp\/v2\/posts\/455875\/revisions\/455877"}],"wp:featuredmedia":[{"embeddable":true,"href":"https:\/\/primermomento.com\/index.php?rest_route=\/wp\/v2\/media\/455876"}],"wp:attachment":[{"href":"https:\/\/primermomento.com\/index.php?rest_route=%2Fwp%2Fv2%2Fmedia&parent=455875"}],"wp:term":[{"taxonomy":"category","embeddable":true,"href":"https:\/\/primermomento.com\/index.php?rest_route=%2Fwp%2Fv2%2Fcategories&post=455875"},{"taxonomy":"post_tag","embeddable":true,"href":"https:\/\/primermomento.com\/index.php?rest_route=%2Fwp%2Fv2%2Ftags&post=455875"}],"curies":[{"name":"wp","href":"https:\/\/api.w.org\/{rel}","templated":true}]}}