{"id":455887,"date":"2025-11-13T08:24:26","date_gmt":"2025-11-13T13:24:26","guid":{"rendered":"https:\/\/primermomento.com\/?p=455887"},"modified":"2025-11-13T16:52:16","modified_gmt":"2025-11-13T21:52:16","slug":"ops-lanza-nuevos-recursos-para-diagnosticar-y-tratar-la-diabetes","status":"publish","type":"post","link":"https:\/\/primermomento.com\/?p=455887","title":{"rendered":"OPS lanza nuevos recursos para diagnosticar y tratar la diabetes"},"content":{"rendered":"<p><strong><em>Por <span style=\"color: #ff0000;\">Prensa Latina<\/span><\/em><\/strong><\/p>\n<p>Washington, EEUU.- La Organizaci\u00f3n Panamericana de la Salud (OPS) lanz\u00f3 hoy el curso \u201cCuidado de las personas con diabetes mellitus tipo 2 en la atenci\u00f3n primaria de salud\u201d, para fortalecer el diagn\u00f3stico, tratamiento y control de esta enfermedad.<\/p>\n<div class=\"elementor-element elementor-element-0aea3a0 elementor-widget elementor-widget-theme-post-content\" data-id=\"0aea3a0\" data-element_type=\"widget\" data-widget_type=\"theme-post-content.default\">\n<div class=\"elementor-widget-container\">\n<p>Se trata de una herramienta gratuita y de autoaprendizaje dise\u00f1ada para reforzar las capacidades de los equipos de salud en el primer nivel de atenci\u00f3n, acot\u00f3 la p\u00e1gina web de dicha organizaci\u00f3n.<\/p>\n<p>Durante el lanzamiento se presentaron los medicamentos y tecnolog\u00edas para el diagn\u00f3stico y manejo de la diabetes, disponibles a trav\u00e9s del Fondo Estrat\u00e9gico de la OPS; as\u00ed como otros recursos educativos para mejorar el autocuidado.<\/p>\n<p>Igualmente, se anunci\u00f3 la pr\u00f3xima publicaci\u00f3n de una nueva gu\u00eda de la Organizaci\u00f3n Mundial de la Salud sobre el manejo de diabetes gestacional.<\/p>\n<p>La diabetes es un desaf\u00edo creciente para la salud p\u00fablica y en la regi\u00f3n de las Am\u00e9ricas 112 millones de adultos (13 por ciento de la poblaci\u00f3n adulta) viven con esta enfermedad y solo el 58 por ciento de los mayores de 30 a\u00f1os reciben tratamiento.<\/p>\n<p>Dicha afecci\u00f3n es la sexta causa principal de muerte en la regi\u00f3n y si no se controla dejar\u00e1 a miles de personas m\u00e1s viviendo con complicaciones que afectan su vista, ri\u00f1ones o movilidad.<\/p>\n<p>\u201cEl fortalecimiento de las capacidades en la atenci\u00f3n primaria es esencial para mejorar la calidad del cuidado y avanzar hacia sistemas de salud m\u00e1s resolutivos y equitativos\u201d, se\u00f1al\u00f3 la doctora Carmen Antini, asesora para la Prevenci\u00f3n y Control de la Diabetes de la OPS.<\/p>\n<p>Este nuevo curso apoyar\u00e1 al personal de salud en el diagn\u00f3stico temprano, el tratamiento adecuado y el control de la diabetes tipo 2, una condici\u00f3n estrechamente vinculada con la obesidad, la alimentaci\u00f3n poco saludable y el sedentarismo, a\u00f1adi\u00f3.<\/p>\n<p>La iniciativa contribuye a la implementaci\u00f3n regional del Pacto Mundial contra la Diabetes de la OMS, cuyo objetivo es reducir el riesgo de diabetes y garantizar que todas las personas con la enfermedad tengan acceso a servicios equitativos, integrales, asequibles y de calidad.<\/p>\n<p>Una diabetes mal controlada es una de las principales causas de ceguera, insuficiencia renal, ataques card\u00edacos, accidentes cerebrovasculares y amputaci\u00f3n de miembros inferiores.<\/p>\n<p>Tambi\u00e9n duplica el riesgo de tuberculosis y aumenta la probabilidad de complicaciones graves durante su tratamiento.<\/p>\n<p>Aunque puede manejarse eficazmente mediante ex\u00e1menes y tratamientos regulares, poco m\u00e1s de la mitad de las personas con diabetes tipo 2 accede al tratamiento que necesita, debido a limitaciones en los sistemas de salud.<\/p>\n<p>El D\u00eda Mundial de la Diabetes cada 14 de noviembre tiene por tema este a\u00f1o \u201cDiabetes en las diferentes etapas de la vida\u201d, en busca de reforzar el compromiso de reducir el riesgo y garantizar que todas las personas diagnosticadas tengan acceso a una atenci\u00f3n integral, equitativa y de calidad.<\/p>\n<\/div>\n<\/div>\n<div class=\"elementor-element elementor-element-4f75016 elementor-widget elementor-widget-post-info\" data-id=\"4f75016\" data-element_type=\"widget\" data-widget_type=\"post-info.default\">\n<div class=\"elementor-widget-container\">\n<ul class=\"elementor-inline-items elementor-icon-list-items elementor-post-info\">\n<li class=\"elementor-icon-list-item elementor-repeater-item-17dda3e elementor-inline-item\"><em><span class=\"elementor-icon-list-text elementor-post-info__item elementor-post-info__item--type-custom\">#<a href=\"https:\/\/primermomento.com\/?p=455887\" rel=\"tag\">control<\/a>\u00a0#<a href=\"https:\/\/primermomento.com\/?p=455887\" rel=\"tag\">diabetes<\/a>\u00a0#<a href=\"https:\/\/primermomento.com\/?p=455887\" rel=\"tag\">OPS<\/a>\u00a0#<a href=\"https:\/\/primermomento.com\/?p=455887\" rel=\"tag\">Panamericana<\/a>\u00a0#<a href=\"https:\/\/primermomento.com\/?p=455887\" rel=\"tag\">salud<\/a>\u00a0#<a href=\"https:\/\/primermomento.com\/?p=455887\" rel=\"tag\">tratamiento<\/a><\/span><\/em><\/li>\n<\/ul>\n<\/div>\n<\/div>\n","protected":false},"excerpt":{"rendered":"<p>Por Prensa Latina Washington, EEUU.- La Organizaci\u00f3n Panamericana de la Salud (OPS) lanz\u00f3 hoy el curso \u201cCuidado de las personas con diabetes mellitus tipo 2 en la atenci\u00f3n primaria de salud\u201d, para fortalecer el diagn\u00f3stico, tratamiento y control de esta enfermedad. Se trata de una herramienta gratuita y de autoaprendizaje dise\u00f1ada para reforzar las capacidades [&hellip;]<\/p>\n","protected":false},"author":1,"featured_media":379222,"comment_status":"open","ping_status":"open","sticky":false,"template":"","format":"standard","meta":{"_bbp_topic_count":0,"_bbp_reply_count":0,"_bbp_total_topic_count":0,"_bbp_total_reply_count":0,"_bbp_voice_count":0,"_bbp_anonymous_reply_count":0,"_bbp_topic_count_hidden":0,"_bbp_reply_count_hidden":0,"_bbp_forum_subforum_count":0,"footnotes":""},"categories":[36],"tags":[],"class_list":{"0":"post-455887","1":"post","2":"type-post","3":"status-publish","4":"format-standard","5":"has-post-thumbnail","7":"category-salud"},"_links":{"self":[{"href":"https:\/\/primermomento.com\/index.php?rest_route=\/wp\/v2\/posts\/455887","targetHints":{"allow":["GET"]}}],"collection":[{"href":"https:\/\/primermomento.com\/index.php?rest_route=\/wp\/v2\/posts"}],"about":[{"href":"https:\/\/primermomento.com\/index.php?rest_route=\/wp\/v2\/types\/post"}],"author":[{"embeddable":true,"href":"https:\/\/primermomento.com\/index.php?rest_route=\/wp\/v2\/users\/1"}],"replies":[{"embeddable":true,"href":"https:\/\/primermomento.com\/index.php?rest_route=%2Fwp%2Fv2%2Fcomments&post=455887"}],"version-history":[{"count":1,"href":"https:\/\/primermomento.com\/index.php?rest_route=\/wp\/v2\/posts\/455887\/revisions"}],"predecessor-version":[{"id":455888,"href":"https:\/\/primermomento.com\/index.php?rest_route=\/wp\/v2\/posts\/455887\/revisions\/455888"}],"wp:featuredmedia":[{"embeddable":true,"href":"https:\/\/primermomento.com\/index.php?rest_route=\/wp\/v2\/media\/379222"}],"wp:attachment":[{"href":"https:\/\/primermomento.com\/index.php?rest_route=%2Fwp%2Fv2%2Fmedia&parent=455887"}],"wp:term":[{"taxonomy":"category","embeddable":true,"href":"https:\/\/primermomento.com\/index.php?rest_route=%2Fwp%2Fv2%2Fcategories&post=455887"},{"taxonomy":"post_tag","embeddable":true,"href":"https:\/\/primermomento.com\/index.php?rest_route=%2Fwp%2Fv2%2Ftags&post=455887"}],"curies":[{"name":"wp","href":"https:\/\/api.w.org\/{rel}","templated":true}]}}