{"id":455932,"date":"2025-11-14T04:55:45","date_gmt":"2025-11-14T09:55:45","guid":{"rendered":"https:\/\/primermomento.com\/?p=455932"},"modified":"2025-11-14T08:23:23","modified_gmt":"2025-11-14T13:23:23","slug":"testigo-del-tiempo-apagon-ineficiencia-y-accidentes","status":"publish","type":"post","link":"https:\/\/primermomento.com\/?p=455932","title":{"rendered":"Testigo del tiempo  | Apag\u00f3n, ineficiencia y accidentes"},"content":{"rendered":"<div dir=\"ltr\">\n<div><strong><em>Por<span style=\"color: #ff0000;\"> J.C. Malone<\/span><\/em><\/strong><\/div>\n<div><\/div>\n<div>Cruzando el p\u00f3rtico de Damasco, un rayo tumb\u00f3 a Saulo de Tarso del caballo, lo dej\u00f3 ciego; en esa oscuridad, \u201cvio la luz\u201d: vio a Jes\u00fas. Jes\u00fas convirti\u00f3 a Saulo en Pablo, el ap\u00f3stol de los gentiles; ah\u00ed comenz\u00f3 el cristianismo.<\/div>\n<div>\nSolo en la oscuridad podemos ver la luz, en la luz solo vemos objetos iluminados. En la oscuridad del apag\u00f3n general del mi\u00e9rcoles, vimos claramente que faltan tres tortuosos a\u00f1os, para terminar este gobierno.<\/div>\n<div>\n<figure id=\"attachment_442110\" aria-describedby=\"caption-attachment-442110\" style=\"width: 196px\" class=\"wp-caption alignleft\"><img loading=\"lazy\" decoding=\"async\" class=\"size-full wp-image-442110\" src=\"https:\/\/primermomento.com\/wp-content\/uploads\/2025\/05\/J.C.-Malone_Testigo-del-Tiempo.jpg\" alt=\"\" width=\"196\" height=\"244\" \/><figcaption id=\"caption-attachment-442110\" class=\"wp-caption-text\">J.C. Malone<br \/>Analista pol\u00edtico<\/figcaption><\/figure>\n<p>El gobierno del presidente Luis Abinader inici\u00f3 una r\u00e1pida espiral descendente, como la de los inodoros viejos, donde dan vueltas vertiginosas esc\u00e1ndalos de corrupci\u00f3n, narcotr\u00e1fico e ineficiencia.<\/p><\/div>\n<div>\nPrimero se derrumb\u00f3 un tanque de agua en el municipio Consuelo, San Pedro de Macor\u00eds; la comunidad no tiene agua. Abinader modific\u00f3 la ley org\u00e1nica del Instituto Nacional de Aguas Potables y Alcantarillados (INAPA) para designar a Wellington Arnauld, un abogado, en lugar de un ingeniero.<\/div>\n<div>\nArnauld gast\u00f3 RD$125 millones para \u201creconstruir\u201d un tanque que sirve de reservorio, pero lo remendaron tan mal que colaps\u00f3. Consuelo ten\u00eda agua, ahora no tiene; Abinader cumpli\u00f3 su promesa, eso es \u201ccambio\u201d.<\/div>\n<div>\nEl expresidente Danilo Medina construy\u00f3 la termoel\u00e9ctrica Punta Catalina, contra la oposici\u00f3n militante de Abinader, pero esa planta estabiliz\u00f3 la situaci\u00f3n energ\u00e9tica nacional. En 2020, Abinader recibi\u00f3 un pa\u00eds energ\u00e9ticamente estable.<\/div>\n<div>\nAbinader recicl\u00f3 a Celso Marranzini, al frente del sector el\u00e9ctrico, ah\u00ed iniciaron los problemas que culminaron en el apag\u00f3n nacional.<\/div>\n<div>\nEl gobierno le debe casi US$1.000 millones a las generadoras; esa es una crisis fabricada.<br \/>\nEl apag\u00f3n habr\u00eda sido provocado para avanzar en la privatizaci\u00f3n del sector el\u00e9ctrico y distraernos de un accidente, un desastre ecol\u00f3gico.<\/div>\n<div>\nUna tuber\u00eda de la minera Barrick Gold habr\u00eda reventado en Pueblo Viejo, a\u00fan vierte cianuro, contaminando r\u00edos y aguas soterradas. El gobierno no puede resolver eso quedando bien con la multinacional y los nacionales.<\/div>\n<div>\nLo \u00fanico que superar\u00e1 los esc\u00e1ndalos de corrupci\u00f3n, narcotr\u00e1fico e ineficiencia de hoy son los que vendr\u00e1n ma\u00f1ana. Apri\u00e9tense bien los cinturones, a este gobierno le quedan tres largos, tediosos y turbulentos a\u00f1os.<\/div>\n<\/div>\n<div>S\u00edgueme en Youtube&#8230;<\/p>\n<div><a href=\"https:\/\/www.youtube.com\/channel\/UCC_JSYrYV93iklTEhAjiBqQ?view_as=subscriber\" target=\"_blank\" rel=\"noopener\" data-saferedirecturl=\"https:\/\/www.google.com\/url?q=https:\/\/www.youtube.com\/channel\/UCC_JSYrYV93iklTEhAjiBqQ?view_as%3Dsubscriber&amp;source=gmail&amp;ust=1763211249380000&amp;usg=AOvVaw0snxH8s6bgGurbiCeSSzW8\">https:\/\/www.youtube.com\/<wbr \/>channel\/UCC_<wbr \/>JSYrYV93iklTEhAjiBqQ?view_as=<wbr \/>subscriber<\/a><\/div>\n<\/div>\n","protected":false},"excerpt":{"rendered":"<p>Por J.C. Malone Cruzando el p\u00f3rtico de Damasco, un rayo tumb\u00f3 a Saulo de Tarso del caballo, lo dej\u00f3 ciego; en esa oscuridad, \u201cvio la luz\u201d: vio a Jes\u00fas. Jes\u00fas convirti\u00f3 a Saulo en Pablo, el ap\u00f3stol de los gentiles; ah\u00ed comenz\u00f3 el cristianismo. Solo en la oscuridad podemos ver la luz, en la luz [&hellip;]<\/p>\n","protected":false},"author":1,"featured_media":432477,"comment_status":"open","ping_status":"open","sticky":false,"template":"","format":"standard","meta":{"_bbp_topic_count":0,"_bbp_reply_count":0,"_bbp_total_topic_count":0,"_bbp_total_reply_count":0,"_bbp_voice_count":0,"_bbp_anonymous_reply_count":0,"_bbp_topic_count_hidden":0,"_bbp_reply_count_hidden":0,"_bbp_forum_subforum_count":0,"footnotes":""},"categories":[33],"tags":[],"class_list":{"0":"post-455932","1":"post","2":"type-post","3":"status-publish","4":"format-standard","5":"has-post-thumbnail","7":"category-opinion"},"_links":{"self":[{"href":"https:\/\/primermomento.com\/index.php?rest_route=\/wp\/v2\/posts\/455932","targetHints":{"allow":["GET"]}}],"collection":[{"href":"https:\/\/primermomento.com\/index.php?rest_route=\/wp\/v2\/posts"}],"about":[{"href":"https:\/\/primermomento.com\/index.php?rest_route=\/wp\/v2\/types\/post"}],"author":[{"embeddable":true,"href":"https:\/\/primermomento.com\/index.php?rest_route=\/wp\/v2\/users\/1"}],"replies":[{"embeddable":true,"href":"https:\/\/primermomento.com\/index.php?rest_route=%2Fwp%2Fv2%2Fcomments&post=455932"}],"version-history":[{"count":1,"href":"https:\/\/primermomento.com\/index.php?rest_route=\/wp\/v2\/posts\/455932\/revisions"}],"predecessor-version":[{"id":455933,"href":"https:\/\/primermomento.com\/index.php?rest_route=\/wp\/v2\/posts\/455932\/revisions\/455933"}],"wp:featuredmedia":[{"embeddable":true,"href":"https:\/\/primermomento.com\/index.php?rest_route=\/wp\/v2\/media\/432477"}],"wp:attachment":[{"href":"https:\/\/primermomento.com\/index.php?rest_route=%2Fwp%2Fv2%2Fmedia&parent=455932"}],"wp:term":[{"taxonomy":"category","embeddable":true,"href":"https:\/\/primermomento.com\/index.php?rest_route=%2Fwp%2Fv2%2Fcategories&post=455932"},{"taxonomy":"post_tag","embeddable":true,"href":"https:\/\/primermomento.com\/index.php?rest_route=%2Fwp%2Fv2%2Ftags&post=455932"}],"curies":[{"name":"wp","href":"https:\/\/api.w.org\/{rel}","templated":true}]}}