{"id":456211,"date":"2025-11-18T03:50:31","date_gmt":"2025-11-18T08:50:31","guid":{"rendered":"https:\/\/primermomento.com\/?p=456211"},"modified":"2025-11-18T19:46:29","modified_gmt":"2025-11-19T00:46:29","slug":"la-necesidad-de-trascender-y-su-impacto-en-la-salud-mental","status":"publish","type":"post","link":"https:\/\/primermomento.com\/?p=456211","title":{"rendered":"La necesidad de trascender y su impacto en la salud mental"},"content":{"rendered":"<p><strong><em><span lang=\"ES-DO\">Por <span style=\"color: #ff0000;\">Ram\u00f3n Ceballo<\/span><\/span><\/em><\/strong><\/p>\n<p><span lang=\"ES-DO\">Escrib\u00ed este art\u00edculo como una\u00a0<strong>reflexi\u00f3n profunda<\/strong>\u00a0para explorar, desde un\u00a0<strong>an\u00e1lisis psicol\u00f3gico<\/strong>, c\u00f3mo el ser humano necesita un prop\u00f3sito para sostener su equilibrio emocional. Mi intenci\u00f3n es mostrar el\u00a0<strong>v\u00ednculo directo entre el sentido de vida y la salud mental<\/strong><b>,<\/b>\u00a0y c\u00f3mo su ausencia puede convertirse en una fuente silenciosa pero poderosa de sufrimiento.<\/span><\/p>\n<p><span lang=\"ES-DO\">En medio de una \u00e9poca marcada por la incertidumbre, la prisa y la fragmentaci\u00f3n de los v\u00ednculos humanos, muchas personas experimentan una sensaci\u00f3n de vac\u00edo interior dif\u00edcil de explicar. No se trata de hambre, ni de carencias materiales; es algo m\u00e1s profundo, la\u00a0necesidad de trascender, ese impulso interior de dar sentido a la existencia y de ir m\u00e1s all\u00e1 de uno mismo.<\/span><\/p>\n<figure id=\"attachment_435960\" aria-describedby=\"caption-attachment-435960\" style=\"width: 268px\" class=\"wp-caption alignright\"><img loading=\"lazy\" decoding=\"async\" class=\"size-full wp-image-435960\" src=\"https:\/\/primermomento.com\/wp-content\/uploads\/2025\/02\/Ramon-Ceballo-ultima-1.jpg\" alt=\"\" width=\"268\" height=\"243\" \/><figcaption id=\"caption-attachment-435960\" class=\"wp-caption-text\">Ram\u00f3n Ceballo<br \/>Sic\u00f3logo<\/figcaption><\/figure>\n<p><span lang=\"ES-DO\">Trascender significa\u00a0superar los l\u00edmites de lo inmediato. No es solo vivir, sino vivir con prop\u00f3sito. Implica dejar huella, conectar con algo m\u00e1s grande: una causa, un ideal, una fe, una creaci\u00f3n o una misi\u00f3n personal.<\/span><\/p>\n<p><span lang=\"ES-DO\">El psiquiatra Viktor Frankl, sobreviviente de los campos de concentraci\u00f3n nazis y fundador de la\u00a0<i>logoterapia<\/i>, sosten\u00eda que el ser humano no busca \u00fanicamente placer o poder, sino\u00a0sentido. Seg\u00fan \u00e9l, cuando una persona tiene un \u201cpor qu\u00e9\u201d, puede soportar casi cualquier \u201cc\u00f3mo\u201d. En otras palabras, encontrar un prop\u00f3sito da direcci\u00f3n, fuerza y estabilidad emocional.<\/span><\/p>\n<p><span lang=\"ES-DO\">La necesidad de trascender se manifiesta por la b\u00fasqueda de sentido y puede adoptar m\u00faltiples formas. Hay quienes la expresan a trav\u00e9s de la\u00a0espiritualidad o la fe, otros mediante el\u00a0arte, el conocimiento o el servicio a los dem\u00e1s. Tambi\u00e9n se manifiesta en el deseo de\u00a0formar familia, educar, crear, ense\u00f1ar o contribuir al bien com\u00fan.<\/span><\/p>\n<p><span lang=\"ES-DO\">Cuando esta necesidad est\u00e1 satisfecha, el individuo suele sentirse en armon\u00eda consigo mismo y con el entorno. Pero cuando se frustra o se ignora, aparece,\u00a0trastornos de salud mental manifestada por malestar existencial, apat\u00eda, ansiedad, y desmotivaci\u00f3n, \u00a0depresi\u00f3n, crisis de sentido o conductas autodestructivas.<\/span><\/p>\n<p><span lang=\"ES-DO\">La ciencia ya lo ha confirmado, la falta de prop\u00f3sito afecta la salud mental tanto como la soledad o el estr\u00e9s. De hecho, se ha comprobado que quienes sienten que su vida tiene un significado tienden a\u00a0padecer menos ansiedad, a recuperarse mejor de p\u00e9rdidas\u00a0y a tener\u00a0mayor resiliencia\u00a0frente a las dificultades.<\/span><\/p>\n<p><span lang=\"ES-DO\">Cultivar la trascendencia no exige fe religiosa, aunque puede incluirla; se trata de\u00a0conectar con lo que da sentido personal a la vida. Puede ser una vocaci\u00f3n, una causa social, el amor por la familia o el deseo de dejar un legado positivo.<\/span><\/p>\n<p><span lang=\"ES-DO\">Reconocer esa dimensi\u00f3n es tambi\u00e9n una estrategia de salud mental. Frankl dec\u00eda que el ser humano necesita mirar m\u00e1s all\u00e1 de s\u00ed mismo para no quedarse atrapado en el vac\u00edo del yo. Cuando la mirada se orienta hacia el servicio, la creaci\u00f3n o el amor, el sufrimiento se transforma en crecimiento.<\/span><\/p>\n<p><span lang=\"ES-DO\">En tiempos de inmediatez y consumo, donde todo parece medirse en resultados r\u00e1pidos,\u00a0la trascendencia se vuelve un acto de resistencia interior. No basta con existir: hay que encontrar razones para hacerlo. Quienes lo logran, aun en medio del dolor o la adversidad, descubren una fuente de equilibrio emocional que ninguna circunstancia puede arrebatarles.<\/span><\/p>\n<p><span lang=\"ES-DO\">La salud mental, al fin y al cabo, no depende solo de la ausencia de enfermedad, sino tambi\u00e9n de la\u00a0presencia de sentido. Y ese sentido se construye cada d\u00eda, con cada elecci\u00f3n, con cada gesto que deja huella m\u00e1s all\u00e1 de uno mismo.<\/span><\/p>\n","protected":false},"excerpt":{"rendered":"<p>Por Ram\u00f3n Ceballo Escrib\u00ed este art\u00edculo como una\u00a0reflexi\u00f3n profunda\u00a0para explorar, desde un\u00a0an\u00e1lisis psicol\u00f3gico, c\u00f3mo el ser humano necesita un prop\u00f3sito para sostener su equilibrio emocional. Mi intenci\u00f3n es mostrar el\u00a0v\u00ednculo directo entre el sentido de vida y la salud mental,\u00a0y c\u00f3mo su ausencia puede convertirse en una fuente silenciosa pero poderosa de sufrimiento. En medio [&hellip;]<\/p>\n","protected":false},"author":1,"featured_media":391776,"comment_status":"open","ping_status":"open","sticky":false,"template":"","format":"standard","meta":{"_bbp_topic_count":0,"_bbp_reply_count":0,"_bbp_total_topic_count":0,"_bbp_total_reply_count":0,"_bbp_voice_count":0,"_bbp_anonymous_reply_count":0,"_bbp_topic_count_hidden":0,"_bbp_reply_count_hidden":0,"_bbp_forum_subforum_count":0,"footnotes":""},"categories":[33],"tags":[],"class_list":{"0":"post-456211","1":"post","2":"type-post","3":"status-publish","4":"format-standard","5":"has-post-thumbnail","7":"category-opinion"},"_links":{"self":[{"href":"https:\/\/primermomento.com\/index.php?rest_route=\/wp\/v2\/posts\/456211","targetHints":{"allow":["GET"]}}],"collection":[{"href":"https:\/\/primermomento.com\/index.php?rest_route=\/wp\/v2\/posts"}],"about":[{"href":"https:\/\/primermomento.com\/index.php?rest_route=\/wp\/v2\/types\/post"}],"author":[{"embeddable":true,"href":"https:\/\/primermomento.com\/index.php?rest_route=\/wp\/v2\/users\/1"}],"replies":[{"embeddable":true,"href":"https:\/\/primermomento.com\/index.php?rest_route=%2Fwp%2Fv2%2Fcomments&post=456211"}],"version-history":[{"count":1,"href":"https:\/\/primermomento.com\/index.php?rest_route=\/wp\/v2\/posts\/456211\/revisions"}],"predecessor-version":[{"id":456212,"href":"https:\/\/primermomento.com\/index.php?rest_route=\/wp\/v2\/posts\/456211\/revisions\/456212"}],"wp:featuredmedia":[{"embeddable":true,"href":"https:\/\/primermomento.com\/index.php?rest_route=\/wp\/v2\/media\/391776"}],"wp:attachment":[{"href":"https:\/\/primermomento.com\/index.php?rest_route=%2Fwp%2Fv2%2Fmedia&parent=456211"}],"wp:term":[{"taxonomy":"category","embeddable":true,"href":"https:\/\/primermomento.com\/index.php?rest_route=%2Fwp%2Fv2%2Fcategories&post=456211"},{"taxonomy":"post_tag","embeddable":true,"href":"https:\/\/primermomento.com\/index.php?rest_route=%2Fwp%2Fv2%2Ftags&post=456211"}],"curies":[{"name":"wp","href":"https:\/\/api.w.org\/{rel}","templated":true}]}}