{"id":456249,"date":"2025-11-19T06:30:35","date_gmt":"2025-11-19T11:30:35","guid":{"rendered":"https:\/\/primermomento.com\/?p=456249"},"modified":"2025-11-19T12:41:40","modified_gmt":"2025-11-19T17:41:40","slug":"las-mujeres-culpables-malvadas-o-estupidas","status":"publish","type":"post","link":"https:\/\/primermomento.com\/?p=456249","title":{"rendered":"Las mujeres: \u00bfculpables, malvadas o est\u00fapidas?"},"content":{"rendered":"<p><strong><em>Por <span style=\"color: #ff0000;\">Rosario Espinal<\/span><\/em><\/strong><\/p>\n<p>Actualmente, hay una fuerte tendencia a diluir o negar el t\u00e9rmino feminicidio. La raz\u00f3n es que dicho t\u00e9rmino nombr\u00f3 una cruda realidad que durante la historia de la humanidad no se acept\u00f3: muchas mujeres sufren violencia severa, incluida la muerte, en manos de hombres; con frecuencia, hombres con quienes tienen o han tenido una relaci\u00f3n \u00edntima.<\/p>\n<p>El auge del t\u00e9rmino feminicidio en d\u00e9cadas recientes posibilit\u00f3 no solo nombrar esa realidad, sino tambi\u00e9n indagar por qu\u00e9 ocurren tantas muertes de mujeres en manos de hombres y c\u00f3mo podr\u00eda enfrentarse el problema.<\/p>\n<figure id=\"attachment_308326\" aria-describedby=\"caption-attachment-308326\" style=\"width: 145px\" class=\"wp-caption alignleft\"><img loading=\"lazy\" decoding=\"async\" class=\"size-full wp-image-308326\" src=\"https:\/\/primermomento.com\/wp-content\/uploads\/2018\/08\/rosario-espinal1.jpg\" alt=\"\" width=\"145\" height=\"145\" srcset=\"https:\/\/primermomento.com\/wp-content\/uploads\/2018\/08\/rosario-espinal1.jpg 145w, https:\/\/primermomento.com\/wp-content\/uploads\/2018\/08\/rosario-espinal1-50x50.jpg 50w, https:\/\/primermomento.com\/wp-content\/uploads\/2018\/08\/rosario-espinal1-118x118.jpg 118w, https:\/\/primermomento.com\/wp-content\/uploads\/2018\/08\/rosario-espinal1-30x30.jpg 30w\" sizes=\"auto, (max-width: 145px) 100vw, 145px\" \/><figcaption id=\"caption-attachment-308326\" class=\"wp-caption-text\">Rosario Espinal<br \/>Polit\u00f3loga<\/figcaption><\/figure>\n<p>Pero, ante la persistente tendencia a cometer actos feminicidas, vino la contraofensiva masculina: negar que los hombres matan mujeres por ser mujeres, la idea clave en la construcci\u00f3n del concepto de feminicidio.<\/p>\n<p>Las huestes contra los derechos de las mujeres que han crecido en el mundo (la Rep\u00fablica Dominicana incluida) emplean diversas t\u00e1cticas para diluir el problema de la agresi\u00f3n masculina hacia las mujeres.<\/p>\n<p>Acuden a argumentos acusatorios como, por ejemplo, que las mujeres son culpables de los problemas de pareja porque han abandonado sus roles familiares tradicionales de cuidado. Esta l\u00ednea de argumentaci\u00f3n la usan mucho las iglesias, instituciones jer\u00e1rquicas, donde mantener a las mujeres subordinadas es crucial para contar con una feligres\u00eda leal.<\/p>\n<p>Otra l\u00ednea argumentativa es que los hombres no matan mujeres por ser mujeres, sino que las matan porque tienen alg\u00fan problema mental como la depresi\u00f3n, o alguna adicci\u00f3n como el alcohol. Este argumento no resiste preguntas elementales: \u00bfcu\u00e1ntos casos se reportan de mujeres que mataron a sus parejas? \u00a1Pocos! \u00bfQuiere decir eso que las mujeres no sufren de depresi\u00f3n ni adicci\u00f3n? \u00a1No!<\/p>\n<p>La definici\u00f3n del feminicidio enfatiza que el crimen se comete contra la mujer por ser mujer; que no media otra raz\u00f3n m\u00e1s all\u00e1 del sentido masculino de posesi\u00f3n.<\/p>\n<p>Esa definici\u00f3n asume que hay una relaci\u00f3n de poder entre el matador y la v\u00edctima, y que esa relaci\u00f3n se fundamenta en el sentido de dominio que culturalmente asume el hombre sobre la mujer y ejerce incluso a trav\u00e9s del dominio f\u00edsico.<\/p>\n<p>El machismo es una condici\u00f3n cultural que consiste en la asunci\u00f3n del poder de los hombres sobre las mujeres en base a una supuesta mayor capacidad mental, fuerza f\u00edsica y, por ende, mayor derecho a dominar.<\/p>\n<p>Una vez anclada culturalmente esta concepci\u00f3n, hay diversidad de aplicaci\u00f3n, desde el machismo leve hasta el excesivamente fuerte. Es un continuo, y cada hombre se coloca en alg\u00fan punto con diferentes manifestaciones. De hecho, es m\u00e1s com\u00fan ejercer el machismo a nivel psicol\u00f3gico que f\u00edsico.<\/p>\n<p>El peso cultural a favor del dominio de los hombres hace muy vulnerables a las mujeres, y en particular a las abusadas. No les creen, y si les creen, les exigen que perdonen y olviden por el bien de la familia; un constante borr\u00f3n y cuenta nueva.<\/p>\n<p>Ante los abusos psicol\u00f3gicos y f\u00edsicos, las mujeres quedan entre la espada y la pared. Si denuncian, son definidas como aguerridas y malvadas, y si callan, como est\u00fapidas o c\u00f3mplices. La empat\u00eda hacia la mujer abusada es pasajera.<\/p>\n<p>As\u00ed llegamos a otro noviembre.<\/p>\n","protected":false},"excerpt":{"rendered":"<p>Por Rosario Espinal Actualmente, hay una fuerte tendencia a diluir o negar el t\u00e9rmino feminicidio. La raz\u00f3n es que dicho t\u00e9rmino nombr\u00f3 una cruda realidad que durante la historia de la humanidad no se acept\u00f3: muchas mujeres sufren violencia severa, incluida la muerte, en manos de hombres; con frecuencia, hombres con quienes tienen o han [&hellip;]<\/p>\n","protected":false},"author":1,"featured_media":410905,"comment_status":"open","ping_status":"open","sticky":false,"template":"","format":"standard","meta":{"_bbp_topic_count":0,"_bbp_reply_count":0,"_bbp_total_topic_count":0,"_bbp_total_reply_count":0,"_bbp_voice_count":0,"_bbp_anonymous_reply_count":0,"_bbp_topic_count_hidden":0,"_bbp_reply_count_hidden":0,"_bbp_forum_subforum_count":0,"footnotes":""},"categories":[33],"tags":[],"class_list":{"0":"post-456249","1":"post","2":"type-post","3":"status-publish","4":"format-standard","5":"has-post-thumbnail","7":"category-opinion"},"_links":{"self":[{"href":"https:\/\/primermomento.com\/index.php?rest_route=\/wp\/v2\/posts\/456249","targetHints":{"allow":["GET"]}}],"collection":[{"href":"https:\/\/primermomento.com\/index.php?rest_route=\/wp\/v2\/posts"}],"about":[{"href":"https:\/\/primermomento.com\/index.php?rest_route=\/wp\/v2\/types\/post"}],"author":[{"embeddable":true,"href":"https:\/\/primermomento.com\/index.php?rest_route=\/wp\/v2\/users\/1"}],"replies":[{"embeddable":true,"href":"https:\/\/primermomento.com\/index.php?rest_route=%2Fwp%2Fv2%2Fcomments&post=456249"}],"version-history":[{"count":1,"href":"https:\/\/primermomento.com\/index.php?rest_route=\/wp\/v2\/posts\/456249\/revisions"}],"predecessor-version":[{"id":456250,"href":"https:\/\/primermomento.com\/index.php?rest_route=\/wp\/v2\/posts\/456249\/revisions\/456250"}],"wp:featuredmedia":[{"embeddable":true,"href":"https:\/\/primermomento.com\/index.php?rest_route=\/wp\/v2\/media\/410905"}],"wp:attachment":[{"href":"https:\/\/primermomento.com\/index.php?rest_route=%2Fwp%2Fv2%2Fmedia&parent=456249"}],"wp:term":[{"taxonomy":"category","embeddable":true,"href":"https:\/\/primermomento.com\/index.php?rest_route=%2Fwp%2Fv2%2Fcategories&post=456249"},{"taxonomy":"post_tag","embeddable":true,"href":"https:\/\/primermomento.com\/index.php?rest_route=%2Fwp%2Fv2%2Ftags&post=456249"}],"curies":[{"name":"wp","href":"https:\/\/api.w.org\/{rel}","templated":true}]}}