{"id":456251,"date":"2025-11-19T06:33:59","date_gmt":"2025-11-19T11:33:59","guid":{"rendered":"https:\/\/primermomento.com\/?p=456251"},"modified":"2025-11-19T12:44:49","modified_gmt":"2025-11-19T17:44:49","slug":"chile-votar-por-miedo-no-resuelve-nada","status":"publish","type":"post","link":"https:\/\/primermomento.com\/?p=456251","title":{"rendered":"Chile, votar por miedo no resuelve nada"},"content":{"rendered":"<p><strong><em>Por<span style=\"color: #ff0000;\"> C\u00e9sar P\u00e9rez<\/span><\/em><\/strong><\/p>\n<p>Los resultados de las pasadas elecciones en Chile, en sentido general, confirman lo que vaticinaban las encuestas y los l\u00edderes de opini\u00f3n: Jeannette Jara, candidata de la izquierda en primer lugar y Jos\u00e9 A. A Katz, de la ultraderecha, en segundo lugar. El vaticinio para la segunda es que este \u00faltimo ser\u00e1 el vencedor. La abrumadora cantidad de votos obtenidos por el populismo ultraderechista y la derecha tradicional as\u00ed lo indican. El discurso del miedo, m\u00e1s que nada, ha calado en la poblaci\u00f3n y se ha materializado con una impresionante votaci\u00f3n favorable a esos sectores y, en gran medida, en uno de los peores resultados para la izquierda en toda su historia. Esto \u00faltimo llama a ese sector a una seria reflexi\u00f3n sobre las causas que han determinado esos resultados. Tambi\u00e9n a sus pares o cercanos m\u00e1s all\u00e1 de ese pa\u00eds.<\/p>\n<figure id=\"attachment_378785\" aria-describedby=\"caption-attachment-378785\" style=\"width: 300px\" class=\"wp-caption alignleft\"><img loading=\"lazy\" decoding=\"async\" class=\"size-medium wp-image-378785\" src=\"https:\/\/primermomento.com\/wp-content\/uploads\/2023\/02\/cesar-perez-1-300x200.jpeg\" alt=\"\" width=\"300\" height=\"200\" \/><figcaption id=\"caption-attachment-378785\" class=\"wp-caption-text\">C\u00e9sar P\u00e9rez<br \/>Soci\u00f3logo<\/figcaption><\/figure>\n<p>La media de homicidio en Am\u00e9rica Latina por cada 100 000 habitantes es alrededor de un 21%, la de Chile se mantiene en torno al 3%. Sin embargo, algunas mediciones, entre otras la BBC Mundo, registran una percepci\u00f3n de inseguridad en ese pa\u00eds que llega al 63%, igualando y hasta superando pr\u00e1cticamente a pa\u00edses como M\u00e9xico y Colombia que en algunas mediciones se sit\u00faan ligeramente por debajo de ese rango, pero que superan con creces a Chile en cuanto a tasas de homicidios (entre el 20\/25%). Todos sabemos que no existe una relaci\u00f3n necesariamente vinculante entre percepci\u00f3n de criminalidad y realidad. La precepci\u00f3n, en gran medida, se construye con fines diversos\/pedrversos. Entre otros, pol\u00edticos, electorales, desestabilizadores, guerra comercial\/ tur\u00edstica, etc., y el principal recurso es el miedo.<\/p>\n<p>Ese fue caballo de batalla de la ultraderecha chilena, en el mismo que esta corriente cabalga de la generalidad de los pa\u00edses. El nuestro incluido. Fue el arma con la que construy\u00f3 su discurso de campa\u00f1a. Pero ser\u00eda un reduccionismo decir que ese fue el \u00fanico factor determinante de su alta votaci\u00f3n, la situaci\u00f3n en que discurri\u00f3 el gobierno del cual fue parte Jeannette Lara y los resultados exhibidos al final de su mandato tambi\u00e9n fueron factores. Ella pag\u00f3 el precio de ser la candidata de un gobierno que, independientemente de su real desempe\u00f1o, ten\u00eda una tasa de rechazo cercana al 70%, seg\u00fan diversas mediciones. A veces el rechazo a un gobierno se le endosa a su candidato. Es un peso muerto que quiebra cualquier candidatura.<\/p>\n<p>El otro factor es que, si bien ella era candidata de una alianza de diversas fuerzas de izquierda, algo que enaltece a todas por ser un ejemplo de pr\u00e1ctica de pluralismo pol\u00edtico, ella es militante del Partido Comunista. Algo que hoy no es poca cosa, por razones subjetivas y objetivas. Esto la situaba en primera vuelta y lo ser\u00e1 m\u00e1s a\u00fan en la segunda en una situaci\u00f3n en que deb\u00eda responder a preguntas generalmente capciosas y no pocas veces embarazosas a las que las respuestas deb\u00edan ser calibradas antes de darlas. Sus principales contrincantes iban c\u00f3modos, sus discursos eran b\u00e1sicamente simplistas: recurr\u00edan al fantasma de la inseguridad y de la migraci\u00f3n. Ella tiene que explicar su condici\u00f3n de comunista, al tiempo de defender el gobierno del cual fue Ministra de Trabajo y con alta valoraci\u00f3n.<\/p>\n<p>Pero carg\u00f3 tambi\u00e9n con la torpe presi\u00f3n de sectores ultraconservadores de su propio partido, defensores de experiencias de gobiernos fuera de Chile que no seducen a nadie, sobre todo a los j\u00f3venes. A los referidos sectores, no pocas veces ha tenido que enmendarles la plana, record\u00e1ndoles que ella era candidata de una pluralidad de fuerzas pol\u00edticas, no de una en particular, por m\u00e1s simb\u00f3lica y leg\u00edtima que esta pudiera ser. Igualmente, afecta a la Jara, algunos errores de su gobierno, fundamentalmente los cometidos en el discurrir de la discusi\u00f3n de la Constituyente, donde se cometieron infantilismos que a la postre asustaron la poblaci\u00f3n, que la rechaz\u00f3 abrumadoramente en el plebiscito para su aprobaci\u00f3n. Sin olvidar que el gobierno no pudo realizar una necesaria reforma fiscal.<\/p>\n<p>El rechazo a la Constituyente marc\u00f3 un irreparable punto de inflexi\u00f3n para un gobierno que puso en ella la esperanza para la aplicaci\u00f3n de su programa. Y es que ninguna Constituyente es una varita m\u00e1gica, tampoco siempre viable. Ni la revoluci\u00f3n bolchevique pudo culminar el proceso constituyente que inici\u00f3 para legitimarse. Todas esas variables se conjugan, constituyendo la base de los vaticinios para la segunda vuelta.<\/p>\n<div class=\"banner-box\">La alta votaci\u00f3n del populismo derechista en primera vuelta teniendo el miedo como recurso de campa\u00f1a es lo mismo que tratar\u00e1 de hacer en la segunda. Pero, el miedo no es un programa pol\u00edtico, es una herramienta con la que nada bueno se construye. Mucho menos en Chile, para muchos el pa\u00eds de las instituciones m\u00e1s s\u00f3lidas del continente<\/div>\n<p>De ganar la ultraderecha en segunda vuelta, como parece, a la poblaci\u00f3n chilena le espera otra decepci\u00f3n. No obstante, su triunfo envalentona el populismo derechista que a nivel mundial no cesa de obtener buenos resultados electorales, pero que, cuando lo es, sus gobiernos tienen fatales consecuencias. La izquierda chilena tiene que reinventarse para, como siempre, jugar su clave papel en la defensa de los derechos fundamentales de su pueblo.<\/p>\n","protected":false},"excerpt":{"rendered":"<p>Por C\u00e9sar P\u00e9rez Los resultados de las pasadas elecciones en Chile, en sentido general, confirman lo que vaticinaban las encuestas y los l\u00edderes de opini\u00f3n: Jeannette Jara, candidata de la izquierda en primer lugar y Jos\u00e9 A. A Katz, de la ultraderecha, en segundo lugar. El vaticinio para la segunda es que este \u00faltimo ser\u00e1 [&hellip;]<\/p>\n","protected":false},"author":1,"featured_media":386145,"comment_status":"open","ping_status":"open","sticky":false,"template":"","format":"standard","meta":{"_bbp_topic_count":0,"_bbp_reply_count":0,"_bbp_total_topic_count":0,"_bbp_total_reply_count":0,"_bbp_voice_count":0,"_bbp_anonymous_reply_count":0,"_bbp_topic_count_hidden":0,"_bbp_reply_count_hidden":0,"_bbp_forum_subforum_count":0,"footnotes":""},"categories":[33],"tags":[],"class_list":{"0":"post-456251","1":"post","2":"type-post","3":"status-publish","4":"format-standard","5":"has-post-thumbnail","7":"category-opinion"},"_links":{"self":[{"href":"https:\/\/primermomento.com\/index.php?rest_route=\/wp\/v2\/posts\/456251","targetHints":{"allow":["GET"]}}],"collection":[{"href":"https:\/\/primermomento.com\/index.php?rest_route=\/wp\/v2\/posts"}],"about":[{"href":"https:\/\/primermomento.com\/index.php?rest_route=\/wp\/v2\/types\/post"}],"author":[{"embeddable":true,"href":"https:\/\/primermomento.com\/index.php?rest_route=\/wp\/v2\/users\/1"}],"replies":[{"embeddable":true,"href":"https:\/\/primermomento.com\/index.php?rest_route=%2Fwp%2Fv2%2Fcomments&post=456251"}],"version-history":[{"count":1,"href":"https:\/\/primermomento.com\/index.php?rest_route=\/wp\/v2\/posts\/456251\/revisions"}],"predecessor-version":[{"id":456252,"href":"https:\/\/primermomento.com\/index.php?rest_route=\/wp\/v2\/posts\/456251\/revisions\/456252"}],"wp:featuredmedia":[{"embeddable":true,"href":"https:\/\/primermomento.com\/index.php?rest_route=\/wp\/v2\/media\/386145"}],"wp:attachment":[{"href":"https:\/\/primermomento.com\/index.php?rest_route=%2Fwp%2Fv2%2Fmedia&parent=456251"}],"wp:term":[{"taxonomy":"category","embeddable":true,"href":"https:\/\/primermomento.com\/index.php?rest_route=%2Fwp%2Fv2%2Fcategories&post=456251"},{"taxonomy":"post_tag","embeddable":true,"href":"https:\/\/primermomento.com\/index.php?rest_route=%2Fwp%2Fv2%2Ftags&post=456251"}],"curies":[{"name":"wp","href":"https:\/\/api.w.org\/{rel}","templated":true}]}}