{"id":456278,"date":"2025-11-19T19:27:59","date_gmt":"2025-11-20T00:27:59","guid":{"rendered":"https:\/\/primermomento.com\/?p=456278"},"modified":"2025-11-20T08:43:43","modified_gmt":"2025-11-20T13:43:43","slug":"alertan-alza-de-precios-golpea-a-pequenos-comerciantes-en-dominicana","status":"publish","type":"post","link":"https:\/\/primermomento.com\/?p=456278","title":{"rendered":"Alertan alza de precios golpea a peque\u00f1os comerciantes en Dominicana"},"content":{"rendered":"<p><strong><em>Por<span style=\"color: #ff0000;\"> Prensa Latina<\/span><\/em><\/strong><\/p>\n<p>SANTO DOMINGO, Rep\u00fablica Dominicana.- La Federaci\u00f3n Nacional de Comerciantes Detallistas de Provisiones (Fenacodep) de la Rep\u00fablica Dominicana calific\u00f3 hoy como preocupante el aumento de precios en los productos que integran la canasta b\u00e1sica familiar.<\/p>\n<div class=\"elementor-element elementor-element-0aea3a0 elementor-widget elementor-widget-theme-post-content\" data-id=\"0aea3a0\" data-element_type=\"widget\" data-widget_type=\"theme-post-content.default\">\n<div class=\"elementor-widget-container\">\n<p>El vocero de la entidad, Antonio Tejada, advirti\u00f3 que esta situaci\u00f3n genera una crisis entre los peque\u00f1os comerciantes y explic\u00f3 que la p\u00e9rdida del poder adquisitivo de los consumidores obliga a los detallistas a absorber parte de los incrementos que la clientela no puede asumir, lo que reduce sus m\u00e1rgenes de ganancia.<\/p>\n<p>Se\u00f1al\u00f3 que productos como el caldo de pollo registran un alza de casi el 25 por ciento, mientras que art\u00edculos agr\u00edcolas, como el pl\u00e1tano, se venden entre 30 (0.47 d\u00f3lares) y 40 (0.63) pesos la unidad, con una posible subida a 50 pesos (0.78 d\u00f3lares) en diciembre.<\/p>\n<p>Indic\u00f3, adem\u00e1s, que la lechuga se comercializa entre 80 pesos (1.25 d\u00f3lares) y 100 pesos (1.56 d\u00f3lares), los tomates superan esos valores y los aj\u00edes rondan entre 110 (1.72) y 120 pesos (1.88 aproximadamente).<\/p>\n<p>El presidente de Fenacodep, H\u00e9ctor Julio Nieves, afirm\u00f3 que este panorama complica cada vez m\u00e1s la operaci\u00f3n de los negocios detallistas, que deben ajustar precios pese a la resistencia de los consumidores y el riesgo de p\u00e9rdidas en sus ingresos.<\/p>\n<p>Seg\u00fan datos del Banco Central, la canasta b\u00e1sica promedio alcanz\u00f3 en agosto un costo de 47 mil 374.60 pesos (unos 740 d\u00f3lares), unos 953 pesos (casi 15 d\u00f3lares) m\u00e1s que en enero de este a\u00f1o.<\/p>\n<p>En su informe del \u00cdndice de Precios al Consumidor, la entidad se\u00f1al\u00f3 que los alimentos y las bebidas no alcoh\u00f3licas fueron los grupos de mayor incidencia inflacionaria en ese mes, con una variaci\u00f3n de 1.24 por ciento.<\/p>\n<p>Fenacodep atribuy\u00f3 tambi\u00e9n la situaci\u00f3n al incremento del d\u00f3lar, que \u2014seg\u00fan explic\u00f3 Tejeda\u2014 obliga a los importadores a trabajar con una tasa de referencia m\u00e1s alta, lo que se refleja directamente en los importes de los productos importados que llegan al comercio detallista.<\/p>\n<p>En cuanto al servicio energ\u00e9tico, la federaci\u00f3n denunci\u00f3 que el alto costo de la electricidad y los constantes apagones provocan p\u00e9rdidas y gastos adicionales.<\/p>\n<p>Julio Nieves inst\u00f3 al presidente Luis Abinader a incluir a Fenacodep en la mesa de negociaci\u00f3n donde se discuten los temas relacionados con la comercializaci\u00f3n, para presentar propuestas desde el sector.<\/p>\n<p>ro\/mpv<\/p>\n<\/div>\n<\/div>\n<div class=\"elementor-element elementor-element-4f75016 elementor-widget elementor-widget-post-info\" data-id=\"4f75016\" data-element_type=\"widget\" data-widget_type=\"post-info.default\">\n<div class=\"elementor-widget-container\">\n<ul class=\"elementor-inline-items elementor-icon-list-items elementor-post-info\">\n<li class=\"elementor-icon-list-item elementor-repeater-item-17dda3e elementor-inline-item\"><span class=\"elementor-icon-list-text elementor-post-info__item elementor-post-info__item--type-custom\">#<a href=\"https:\/\/www.prensa-latina.cu\/etiqueta\/comercio\/\" rel=\"tag\">comercio<\/a>\u00a0#<a href=\"https:\/\/www.prensa-latina.cu\/etiqueta\/sector-detallista\/\" rel=\"tag\">sector detallista<\/a><\/span><\/li>\n<\/ul>\n<\/div>\n<\/div>\n","protected":false},"excerpt":{"rendered":"<p>Por Prensa Latina SANTO DOMINGO, Rep\u00fablica Dominicana.- La Federaci\u00f3n Nacional de Comerciantes Detallistas de Provisiones (Fenacodep) de la Rep\u00fablica Dominicana calific\u00f3 hoy como preocupante el aumento de precios en los productos que integran la canasta b\u00e1sica familiar. El vocero de la entidad, Antonio Tejada, advirti\u00f3 que esta situaci\u00f3n genera una crisis entre los peque\u00f1os comerciantes [&hellip;]<\/p>\n","protected":false},"author":1,"featured_media":456279,"comment_status":"open","ping_status":"open","sticky":false,"template":"","format":"standard","meta":{"_bbp_topic_count":0,"_bbp_reply_count":0,"_bbp_total_topic_count":0,"_bbp_total_reply_count":0,"_bbp_voice_count":0,"_bbp_anonymous_reply_count":0,"_bbp_topic_count_hidden":0,"_bbp_reply_count_hidden":0,"_bbp_forum_subforum_count":0,"footnotes":""},"categories":[35],"tags":[],"class_list":{"0":"post-456278","1":"post","2":"type-post","3":"status-publish","4":"format-standard","5":"has-post-thumbnail","7":"category-economia"},"_links":{"self":[{"href":"https:\/\/primermomento.com\/index.php?rest_route=\/wp\/v2\/posts\/456278","targetHints":{"allow":["GET"]}}],"collection":[{"href":"https:\/\/primermomento.com\/index.php?rest_route=\/wp\/v2\/posts"}],"about":[{"href":"https:\/\/primermomento.com\/index.php?rest_route=\/wp\/v2\/types\/post"}],"author":[{"embeddable":true,"href":"https:\/\/primermomento.com\/index.php?rest_route=\/wp\/v2\/users\/1"}],"replies":[{"embeddable":true,"href":"https:\/\/primermomento.com\/index.php?rest_route=%2Fwp%2Fv2%2Fcomments&post=456278"}],"version-history":[{"count":1,"href":"https:\/\/primermomento.com\/index.php?rest_route=\/wp\/v2\/posts\/456278\/revisions"}],"predecessor-version":[{"id":456280,"href":"https:\/\/primermomento.com\/index.php?rest_route=\/wp\/v2\/posts\/456278\/revisions\/456280"}],"wp:featuredmedia":[{"embeddable":true,"href":"https:\/\/primermomento.com\/index.php?rest_route=\/wp\/v2\/media\/456279"}],"wp:attachment":[{"href":"https:\/\/primermomento.com\/index.php?rest_route=%2Fwp%2Fv2%2Fmedia&parent=456278"}],"wp:term":[{"taxonomy":"category","embeddable":true,"href":"https:\/\/primermomento.com\/index.php?rest_route=%2Fwp%2Fv2%2Fcategories&post=456278"},{"taxonomy":"post_tag","embeddable":true,"href":"https:\/\/primermomento.com\/index.php?rest_route=%2Fwp%2Fv2%2Ftags&post=456278"}],"curies":[{"name":"wp","href":"https:\/\/api.w.org\/{rel}","templated":true}]}}