{"id":456566,"date":"2025-11-24T05:07:50","date_gmt":"2025-11-24T10:07:50","guid":{"rendered":"https:\/\/primermomento.com\/?p=456566"},"modified":"2025-11-24T10:54:06","modified_gmt":"2025-11-24T15:54:06","slug":"la-demencia-apaga-la-memoria-y-derrumba-el-hogar","status":"publish","type":"post","link":"https:\/\/primermomento.com\/?p=456566","title":{"rendered":"La demencia apaga la memoria y derrumba el hogar"},"content":{"rendered":"<p><strong><span lang=\"ES-DO\"><em>Por <span style=\"color: #ff0000;\">Ram\u00f3n Ceballo<\/span><\/em><\/span><\/strong><\/p>\n<p><span lang=\"ES-DO\">El prop\u00f3sito de escribir este art\u00edculo es motivar a una reflexi\u00f3n urgente, porque detr\u00e1s de cada diagn\u00f3stico, hay un hogar que se fractura, un cuidador que se agota en silencio y un Estado que a\u00fan mira hacia otro lado. Hablar de demencia es, hoy m\u00e1s que nunca, un acto de responsabilidad colectiva.<\/span><\/p>\n<p><span lang=\"ES-DO\">Es hora de que nos preguntemos, \u00bfqu\u00e9 estamos haciendo como sociedad frente a un problema que crece a un ritmo alarmante? \u00bfD\u00f3nde est\u00e1n las pol\u00edticas de prevenci\u00f3n, los programas de apoyo al cuidador, la inversi\u00f3n en centros de atenci\u00f3n y en investigaci\u00f3n?<\/span><\/p>\n<figure id=\"attachment_435960\" aria-describedby=\"caption-attachment-435960\" style=\"width: 268px\" class=\"wp-caption alignright\"><img loading=\"lazy\" decoding=\"async\" class=\"size-full wp-image-435960\" src=\"https:\/\/primermomento.com\/wp-content\/uploads\/2025\/02\/Ramon-Ceballo-ultima-1.jpg\" alt=\"\" width=\"268\" height=\"243\" \/><figcaption id=\"caption-attachment-435960\" class=\"wp-caption-text\">Ram\u00f3n Ceballo<br \/>Sic\u00f3logo<\/figcaption><\/figure>\n<p><span lang=\"ES-DO\">\u00bfPor qu\u00e9 seguimos permitiendo que una enfermedad tan devastadora sea enfrentada casi exclusivamente por las familias, sin el respaldo estatal que tanto necesitan? La demencia no solo apaga memorias, derrumba hogares enteros.<\/span><\/p>\n<p><span lang=\"ES-DO\">La demencia avanza en silencio mientras las sociedades, incluida la nuestra, contin\u00faan actuando como si se tratara de un problema individual y no de un fen\u00f3meno sanitario, social y econ\u00f3mico que amenaza con desbordarnos.<\/span><\/p>\n<p><span lang=\"ES-DO\">No estamos hablando de olvidos propios de la edad, sino de un deterioro progresivo que arrebata identidades, destruye familias y empobrece emocional y financieramente a quienes cuidan a los pacientes.<\/span><\/p>\n<p><span lang=\"ES-DO\">La demencia no es solo una condici\u00f3n m\u00e9dica, es un espejo de nuestras fallas como pa\u00eds en planificaci\u00f3n, salud p\u00fablica y pol\u00edticas de cuidado.<br \/>\nEn la Rep\u00fablica Dominicana, donde la atenci\u00f3n primaria a\u00fan navega entre discursos y promesas, esta enfermedad encuentra terreno f\u00e9rtil.<\/span><\/p>\n<p><span lang=\"ES-DO\">La falta de tamizajes sistem\u00e1ticos, la poca educaci\u00f3n sobre s\u00edntomas iniciales y la escasez de servicios especializados convierten el diagn\u00f3stico temprano en un privilegio y no en un derecho.<br \/>\nY eso es grave, porque detectar la demencia a tiempo puede significar a\u00f1os adicionales de autonom\u00eda, funcionalidad y calidad de vida.<\/span><\/p>\n<p><span lang=\"ES-DO\">Los signos est\u00e1n ah\u00ed: p\u00e9rdida de memoria reciente, dificultades para organizar tareas b\u00e1sicas, cambios en la personalidad, problemas del lenguaje, desorientaci\u00f3n.<br \/>\nPero sin un sistema que eduque, acompa\u00f1e y supervise, esos signos se normalizan o se atribuyen a la edad, retrasando el diagn\u00f3stico hasta que la persona ya est\u00e1 severamente afectada.<\/span><\/p>\n<p><span lang=\"ES-DO\">Mientras tanto, los cuidadores, casi siempre mujeres, cargan con la responsabilidad emocional y econ\u00f3mica sin soporte institucional.<\/span><\/p>\n<p><span lang=\"ES-DO\">Las causas de la demencia son tan diversas como implacables, la enfermedad de Alzheimer, los accidentes cerebrovasculares, la demencia frontotemporal, los cuerpos de Lewy, las deficiencias nutricionales prolongadas o el alcoholismo cr\u00f3nico.<br \/>\nPero la sociedad dominicana insiste en reducirlo todo a \u201cse est\u00e1 poniendo viejo\u201d. Ese reduccionismo no solo es ignorante, es cruel.<\/span><\/p>\n<p><span lang=\"ES-DO\">Existe tratamiento. No cura, pero s\u00ed ofrece retraso, alivio y estructura. Medicamentos como los inhibidores de la acetilcolinesterasa o la memantina pueden mejorar s\u00edntomas o ralentizar el deterioro.<br \/>\nLas terapias cognitivas, la actividad f\u00edsica y la intervenci\u00f3n multidisciplinaria prolongan la independencia del paciente. La clave est\u00e1 en intervenir temprano.<\/span><\/p>\n<p><span lang=\"ES-DO\">La demencia deber\u00eda ser ya un tema central en la agenda p\u00fablica nacional. No podemos esperar a que la pir\u00e1mide poblacional siga envejeciendo para improvisar soluciones.<br \/>\nSe requieren campa\u00f1as educativas, cl\u00ednicas especializadas, programas comunitarios de apoyo al cuidador y un redise\u00f1o real de la atenci\u00f3n primaria.<\/span><\/p>\n<p><span lang=\"ES-DO\">Antes de hablar de modernidad, debemos garantizar lo b\u00e1sico, que nuestros adultos mayores puedan envejecer sin que su deterioro sea invisibilizado y sin que sus familias colapsen en silencio.<\/span><\/p>\n<p><span lang=\"ES-DO\">Cada d\u00eda que pasa sin pol\u00edticas claras, sin presupuesto, sin voluntad, nuevas familias se derrumban en silencio. No basta con reconocer el problema, hay que actuar. Si como sociedad somos incapaces de proteger a quienes nos dieron la vida, entonces estamos fallando en lo m\u00e1s elemental.<\/span><\/p>\n<p><span lang=\"ES-DO\">La dignidad de nuestros adultos mayores no puede seguir siendo una deuda pendiente. La demencia no espera, no se detiene y no perdona. Nosotros tampoco deber\u00edamos hacerlo.<\/span><\/p>\n<p><span lang=\"ES-DO\">La demencia es un enemigo silencioso. Pero el verdadero esc\u00e1ndalo es nuestro silencio como pa\u00eds. Romperlo es el primer paso para enfrentar una enfermedad que ya est\u00e1 tocando demasiadas puertas y que, si no actuamos, terminar\u00e1 derrumbando muchas m\u00e1s.<\/span><b><\/b><\/p>\n<p><span lang=\"ES-DO\">Es hora de que el Estado responda con la misma urgencia con la que esta enfermedad destruye hogares.<\/span><\/p>\n","protected":false},"excerpt":{"rendered":"<p>Por Ram\u00f3n Ceballo El prop\u00f3sito de escribir este art\u00edculo es motivar a una reflexi\u00f3n urgente, porque detr\u00e1s de cada diagn\u00f3stico, hay un hogar que se fractura, un cuidador que se agota en silencio y un Estado que a\u00fan mira hacia otro lado. Hablar de demencia es, hoy m\u00e1s que nunca, un acto de responsabilidad colectiva. [&hellip;]<\/p>\n","protected":false},"author":1,"featured_media":351413,"comment_status":"open","ping_status":"open","sticky":false,"template":"","format":"standard","meta":{"_bbp_topic_count":0,"_bbp_reply_count":0,"_bbp_total_topic_count":0,"_bbp_total_reply_count":0,"_bbp_voice_count":0,"_bbp_anonymous_reply_count":0,"_bbp_topic_count_hidden":0,"_bbp_reply_count_hidden":0,"_bbp_forum_subforum_count":0,"footnotes":""},"categories":[33],"tags":[],"class_list":{"0":"post-456566","1":"post","2":"type-post","3":"status-publish","4":"format-standard","5":"has-post-thumbnail","7":"category-opinion"},"_links":{"self":[{"href":"https:\/\/primermomento.com\/index.php?rest_route=\/wp\/v2\/posts\/456566","targetHints":{"allow":["GET"]}}],"collection":[{"href":"https:\/\/primermomento.com\/index.php?rest_route=\/wp\/v2\/posts"}],"about":[{"href":"https:\/\/primermomento.com\/index.php?rest_route=\/wp\/v2\/types\/post"}],"author":[{"embeddable":true,"href":"https:\/\/primermomento.com\/index.php?rest_route=\/wp\/v2\/users\/1"}],"replies":[{"embeddable":true,"href":"https:\/\/primermomento.com\/index.php?rest_route=%2Fwp%2Fv2%2Fcomments&post=456566"}],"version-history":[{"count":1,"href":"https:\/\/primermomento.com\/index.php?rest_route=\/wp\/v2\/posts\/456566\/revisions"}],"predecessor-version":[{"id":456567,"href":"https:\/\/primermomento.com\/index.php?rest_route=\/wp\/v2\/posts\/456566\/revisions\/456567"}],"wp:featuredmedia":[{"embeddable":true,"href":"https:\/\/primermomento.com\/index.php?rest_route=\/wp\/v2\/media\/351413"}],"wp:attachment":[{"href":"https:\/\/primermomento.com\/index.php?rest_route=%2Fwp%2Fv2%2Fmedia&parent=456566"}],"wp:term":[{"taxonomy":"category","embeddable":true,"href":"https:\/\/primermomento.com\/index.php?rest_route=%2Fwp%2Fv2%2Fcategories&post=456566"},{"taxonomy":"post_tag","embeddable":true,"href":"https:\/\/primermomento.com\/index.php?rest_route=%2Fwp%2Fv2%2Ftags&post=456566"}],"curies":[{"name":"wp","href":"https:\/\/api.w.org\/{rel}","templated":true}]}}