{"id":456637,"date":"2025-11-25T16:59:13","date_gmt":"2025-11-25T21:59:13","guid":{"rendered":"https:\/\/primermomento.com\/?p=456637"},"modified":"2025-11-26T07:15:53","modified_gmt":"2025-11-26T12:15:53","slug":"violencia-contra-mujeres-sigue-siendo-grave-en-america-afirma-ops","status":"publish","type":"post","link":"https:\/\/primermomento.com\/?p=456637","title":{"rendered":"Violencia contra mujeres sigue siendo grave en Am\u00e9rica, afirma OPS"},"content":{"rendered":"<p><strong><em>Por <span style=\"color: #ff0000;\">Prensa Latina<\/span><\/em><\/strong><\/p>\n<p>Washington, EEUU.- Una de cada tres mujeres de 15 a\u00f1os o m\u00e1s en las Am\u00e9ricas ha sufrido violencia f\u00edsica o sexual en alg\u00fan momento de su vida, se\u00f1alan estimaciones de la Organizaci\u00f3n Panamericana de la Salud (OPS).<\/p>\n<div class=\"elementor-element elementor-element-0aea3a0 elementor-widget elementor-widget-theme-post-content\" data-id=\"0aea3a0\" data-element_type=\"widget\" data-widget_type=\"theme-post-content.default\">\n<div class=\"elementor-widget-container\">\n<p>De acuerdo con esta oficina de ONU, la violencia contra las mujeres y las adolescentes contin\u00faa siendo un problema grave y persistente en la regi\u00f3n de las Am\u00e9ricas.<\/p>\n<p>Las nuevas estimaciones sobre el tema fueron presentadas este mes por la Organizaci\u00f3n Mundial de la Salud (OMS), a prop\u00f3sito del D\u00eda Internacional para la Eliminaci\u00f3n de la Violencia contra la Mujer, que se conmemora el 25 de noviembre.<\/p>\n<p>Los datos (recopilados desde 2000 hasta el 2023) indican que los avances para reducir la violencia contra las mujeres han sido lentos, pese a que existe una mayor concientizaci\u00f3n y hay pol\u00edticas multisectoriales nacionales e intervenciones desde los servicios de salud.<\/p>\n<p>La violencia infligida por la pareja sigue siendo la forma m\u00e1s com\u00fan de abuso, y en las \u00faltimas dos d\u00e9cadas, las tasas de prevalencia de violencia por parte de la pareja pr\u00e1cticamente no han cambiado<\/p>\n<p>Seg\u00fan se\u00f1al\u00f3 Britta Baer, asesora de la OPS, \u201cla verg\u00fcenza y el estigma asociados con la violencia sexual dificultan la denuncia, lo que sugiere que las cifras reales son probablemente mucho m\u00e1s altas\u201d.<\/p>\n<p>Las cifras apuntan que una de cada cuatro mujeres de entre 15 y 49 a\u00f1os ha sufrido violencia f\u00edsica o sexual por parte de su pareja, mientras que una de cada ocho ha experimentado violencia sexual por parte de otra persona que no es su pareja.<\/p>\n<p>Las mujeres j\u00f3venes se enfrentan a riesgos tempranos, ya que el 21 por ciento de las adolescentes entre 15 y 19 a\u00f1os ha experimentado violencia por parte de su pareja antes de cumplir los 20.<\/p>\n<p>Las mujeres mayores tampoco est\u00e1n exentas: el 23 por ciento de las mujeres de 65 a\u00f1os o m\u00e1s denuncia haber sufrido este tipo de violencia.<\/p>\n<p>OPS\/OMS enfatizan que la violencia contra las mujeres tiene consecuencias graves y duraderas, como lesiones f\u00edsicas, infecciones de transmisi\u00f3n sexual, embarazos no deseados, depresi\u00f3n y, en los casos m\u00e1s extremos, femicidio.<\/p>\n<p>Los ni\u00f1os y ni\u00f1as expuestos a este flagelo en el hogar tienen mayor probabilidad de sufrir o cometer abuso cuando son adultos, lo que perpet\u00faa el ciclo de violencia.<\/p>\n<\/div>\n<\/div>\n<div class=\"elementor-element elementor-element-4f75016 elementor-widget elementor-widget-post-info\" data-id=\"4f75016\" data-element_type=\"widget\" data-widget_type=\"post-info.default\">\n<div class=\"elementor-widget-container\">\n<ul class=\"elementor-inline-items elementor-icon-list-items elementor-post-info\">\n<li class=\"elementor-icon-list-item elementor-repeater-item-17dda3e elementor-inline-item\"><em><span class=\"elementor-icon-list-text elementor-post-info__item elementor-post-info__item--type-custom\">#<a href=\"https:\/\/primermomento.com\/?p=456637\" rel=\"tag\">Mujeres<\/a>\u00a0#<a href=\"https:\/\/primermomento.com\/?p=456637\" rel=\"tag\">OPS<\/a>\u00a0#<a href=\"https:\/\/primermomento.com\/?p=456637\" rel=\"tag\">violencia<\/a><\/span><\/em><\/li>\n<\/ul>\n<\/div>\n<\/div>\n","protected":false},"excerpt":{"rendered":"<p>Por Prensa Latina Washington, EEUU.- Una de cada tres mujeres de 15 a\u00f1os o m\u00e1s en las Am\u00e9ricas ha sufrido violencia f\u00edsica o sexual en alg\u00fan momento de su vida, se\u00f1alan estimaciones de la Organizaci\u00f3n Panamericana de la Salud (OPS). De acuerdo con esta oficina de ONU, la violencia contra las mujeres y las adolescentes [&hellip;]<\/p>\n","protected":false},"author":1,"featured_media":408487,"comment_status":"open","ping_status":"open","sticky":false,"template":"","format":"standard","meta":{"_bbp_topic_count":0,"_bbp_reply_count":0,"_bbp_total_topic_count":0,"_bbp_total_reply_count":0,"_bbp_voice_count":0,"_bbp_anonymous_reply_count":0,"_bbp_topic_count_hidden":0,"_bbp_reply_count_hidden":0,"_bbp_forum_subforum_count":0,"footnotes":""},"categories":[36],"tags":[],"class_list":{"0":"post-456637","1":"post","2":"type-post","3":"status-publish","4":"format-standard","5":"has-post-thumbnail","7":"category-salud"},"_links":{"self":[{"href":"https:\/\/primermomento.com\/index.php?rest_route=\/wp\/v2\/posts\/456637","targetHints":{"allow":["GET"]}}],"collection":[{"href":"https:\/\/primermomento.com\/index.php?rest_route=\/wp\/v2\/posts"}],"about":[{"href":"https:\/\/primermomento.com\/index.php?rest_route=\/wp\/v2\/types\/post"}],"author":[{"embeddable":true,"href":"https:\/\/primermomento.com\/index.php?rest_route=\/wp\/v2\/users\/1"}],"replies":[{"embeddable":true,"href":"https:\/\/primermomento.com\/index.php?rest_route=%2Fwp%2Fv2%2Fcomments&post=456637"}],"version-history":[{"count":1,"href":"https:\/\/primermomento.com\/index.php?rest_route=\/wp\/v2\/posts\/456637\/revisions"}],"predecessor-version":[{"id":456638,"href":"https:\/\/primermomento.com\/index.php?rest_route=\/wp\/v2\/posts\/456637\/revisions\/456638"}],"wp:featuredmedia":[{"embeddable":true,"href":"https:\/\/primermomento.com\/index.php?rest_route=\/wp\/v2\/media\/408487"}],"wp:attachment":[{"href":"https:\/\/primermomento.com\/index.php?rest_route=%2Fwp%2Fv2%2Fmedia&parent=456637"}],"wp:term":[{"taxonomy":"category","embeddable":true,"href":"https:\/\/primermomento.com\/index.php?rest_route=%2Fwp%2Fv2%2Fcategories&post=456637"},{"taxonomy":"post_tag","embeddable":true,"href":"https:\/\/primermomento.com\/index.php?rest_route=%2Fwp%2Fv2%2Ftags&post=456637"}],"curies":[{"name":"wp","href":"https:\/\/api.w.org\/{rel}","templated":true}]}}