{"id":456722,"date":"2025-11-26T06:45:20","date_gmt":"2025-11-26T11:45:20","guid":{"rendered":"https:\/\/primermomento.com\/?p=456722"},"modified":"2025-11-26T19:55:32","modified_gmt":"2025-11-27T00:55:32","slug":"deberes-que-no-hemos-hecho","status":"publish","type":"post","link":"https:\/\/primermomento.com\/?p=456722","title":{"rendered":"Deberes que no hemos hecho"},"content":{"rendered":"<p><strong><em>Por <span style=\"color: #ff0000;\">C\u00e9sar P\u00e9rez<\/span><\/em><\/strong><\/p>\n<p>En medio de la conmemoraci\u00f3n de los cincuenta a\u00f1os de la muerte de Franco, y con ella el inicio del final de su prolongada dictadura, una breve nota period\u00edstica en un reputado peri\u00f3dico local destacaba lo mucho que ha avanzado Espa\u00f1a en t\u00e9rminos de transformaciones sociales e institucionales, en comparaci\u00f3n con lo relativamente poco que en ese aspecto hemos avanzado nosotros despu\u00e9s del final de la dictadura de Trujillo. En general, pienso que la referida nota da cuenta de una irrefutable verdad, y es que tenemos un d\u00e9ficit de desarrollo institucional que est\u00e1 lejos de corresponderse con lo deseable y posible despu\u00e9s de 64 a\u00f1os del final de la dictadura trujillista.<\/p>\n<figure id=\"attachment_378785\" aria-describedby=\"caption-attachment-378785\" style=\"width: 300px\" class=\"wp-caption alignleft\"><img loading=\"lazy\" decoding=\"async\" class=\"size-medium wp-image-378785\" src=\"https:\/\/primermomento.com\/wp-content\/uploads\/2023\/02\/cesar-perez-1-300x200.jpeg\" alt=\"\" width=\"300\" height=\"200\" \/><figcaption id=\"caption-attachment-378785\" class=\"wp-caption-text\">C\u00e9sar P\u00e9rez<br \/>Soci\u00f3logo<\/figcaption><\/figure>\n<p>Espa\u00f1a, a la ca\u00edda de la dictadura, en t\u00e9rminos hist\u00f3ricos, geogr\u00e1ficos, poblacional, capital social, etc., nos superaba ampliamente. Por eso, en lo relativo a posesi\u00f3n de las condiciones b\u00e1sicas para el cambio social somos dos realidades dif\u00edcilmente comparables. Comparar fen\u00f3menos de caracter\u00edsticas en extremo diferentes no produce resultados objetivos. Sin embargo, la nota tiene el valor de que, en su apreciaci\u00f3n de nuestro d\u00e9ficit institucional, como pa\u00eds, pone en dedo en la llaga en lo que a mi modo de ver constituye una materia en la que la clase pol\u00edtica dominicana se ha \u201cquemado\u201d clamorosamente. Por consiguiente, entiendo, la pertinencia de esa nota. Otro valor, es que permite plantear la discusi\u00f3n, independientemente del car\u00e1cter de la comparaci\u00f3n, el papel de la geopol\u00edtica, los actores sociales y pol\u00edticos en los cambios sociales.<\/p>\n<p>Tambi\u00e9n, permite plantear la institucionalidad como factor indispensable para el desarrollo humano de tener el desarrollo econ\u00f3mico. Dos a\u00f1os despu\u00e9s de la muerte de Franco, se firm\u00f3 del Pacto de la Moncloa basado en acuerdos en los \u00f3rdenes econ\u00f3micos y pol\u00edticos. Espa\u00f1a tuvo la ventaja de tener en sus confines a Europa, la cual estaba empe\u00f1ada en fortalecer el sistema democr\u00e1tico como algo imprescindible para la expansi\u00f3n del desarrollo econ\u00f3mico del continente. Aqu\u00ed ten\u00edamos a los Estados Unidos como cont\u00e9n de la expansi\u00f3n del pluralismo y respeto a derechos democr\u00e1ticos esenciales y que propici\u00f3 un golpe de Estado al primer gobierno elegido democr\u00e1ticamente e invadi\u00f3 nuestro pa\u00eds para impedir el restablecimiento de ese gobierno.<\/p>\n<p>Durante la dictadura franquista, internamente hubo un activismo gremial y sindical que nunca dejaron de luchar por sus derechos y en exterior, con incursiones hac\u00edan lo interior, lo hac\u00edan los Partido Comunista y el PSOE, vinculados a esos sectores, cuyos dirigentes al regreso del exilio, con madurez y s\u00f3lida preparaci\u00f3n comprendi\u00f3 la necesidad de participar en una amplia unidad nacional y contribuir de manera decidida y decisiva en la redacci\u00f3n de una constituci\u00f3n para la transici\u00f3n. Aqu\u00ed la oligarqu\u00eda constituy\u00f3 un freno para la realizaci\u00f3n de cualquier pacto hacia transici\u00f3n democr\u00e1tica. Se apoder\u00f3\/saque\u00f3 de los bienes del Estado que estaban en manos Trujillo, sus familiares y allegados y se ali\u00f3 a una figura clave de ese r\u00e9gimen.<\/p>\n<p>El espectro de las fuerzas progresistas era d\u00e9bil, no pod\u00edan estar en otra situaci\u00f3n, pues el trujillismo tuvo efecto invernadero para sociedad dominicana en lo social, cultural y pol\u00edtico. El atraso en esas esferas constituyo un lastre irremediable. Sin embargo, a pesar de esas diferencias, de esos h\u00e1ndicaps de nuestro pa\u00eds, el comportamiento de la clase pol\u00edtica dominicana ante su responsabilidad de impulsar un proceso de institucionalizaci\u00f3n durante los primeros a\u00f1os de la ca\u00edda de la dictadura, y a lo largo de 64 a\u00f1os que nos separan de esa tragedia, ha sido pol\u00edtica y moralmente inaceptable. Condenable. En esencia, han dejado que nuestro sistema educativo se mantenga no s\u00f3lo rezagado, sino que sea uno de los peores de la regi\u00f3n. La educaci\u00f3n constituye la instituci\u00f3n b\u00e1sica para el desarrollo de otras instituciones.<\/p>\n<p>A los dos a\u00f1os de la ca\u00edda de Franco, Espa\u00f1a se dot\u00f3 de una legislaci\u00f3n b\u00e1sica del r\u00e9gimen municipal que establec\u00eda la descentralizaci\u00f3n del Estado y el municipio como uno de los pilares de la democratizaci\u00f3n y el del desarrollo econ\u00f3mico todos sus territorios. Nuestra clase pol\u00edtica no ha calibrado en su justa medida el papel de la municipalidad como la base de la institucionalidad del pa\u00eds. En los \u00faltimos tiempos ha apostado al turismo como pilar para el desarrollo econ\u00f3mico, pero no ha sabido situar el urbanismo, la ciudad como ejes centrales de ese desarrollo. Ha dejado que la prime inmediatez en nuestra cultura pol\u00edtica, descuidando la gesti\u00f3n del territorio pivote de la institucionalizaci\u00f3n de todo pa\u00eds.<\/p>\n<p>Durante d\u00e9cadas, en lo esencial, el sector privado ha tenido en sus manos la forma c\u00f3mo y hacia donde crecen territorialmente las ciudades. Durante d\u00e9cadas ha sido pasivo ante el proceso de debilitamiento de la educaci\u00f3n que es la instituci\u00f3n base de toda sociedad. No puede haber institucionalidad sin capacidad de llegar a acuerdos pol\u00edticos que definan la sociedad que queremos. No podemos seguir la mala costumbre de ponernos de acuerdo en determinados temas sin que podamos ponernos de acuerdo sobre c\u00f3mo materializar lo acordado. En ese sentido la clase pol\u00edtica dominicana ha faltado en el cumplimiento de deberes que son las base para el desarrollo de la naci\u00f3n, en primer lugar; la institucionalizaci\u00f3n.<\/p>\n","protected":false},"excerpt":{"rendered":"<p>Por C\u00e9sar P\u00e9rez En medio de la conmemoraci\u00f3n de los cincuenta a\u00f1os de la muerte de Franco, y con ella el inicio del final de su prolongada dictadura, una breve nota period\u00edstica en un reputado peri\u00f3dico local destacaba lo mucho que ha avanzado Espa\u00f1a en t\u00e9rminos de transformaciones sociales e institucionales, en comparaci\u00f3n con lo [&hellip;]<\/p>\n","protected":false},"author":1,"featured_media":391458,"comment_status":"open","ping_status":"open","sticky":false,"template":"","format":"standard","meta":{"_bbp_topic_count":0,"_bbp_reply_count":0,"_bbp_total_topic_count":0,"_bbp_total_reply_count":0,"_bbp_voice_count":0,"_bbp_anonymous_reply_count":0,"_bbp_topic_count_hidden":0,"_bbp_reply_count_hidden":0,"_bbp_forum_subforum_count":0,"footnotes":""},"categories":[33],"tags":[],"class_list":{"0":"post-456722","1":"post","2":"type-post","3":"status-publish","4":"format-standard","5":"has-post-thumbnail","7":"category-opinion"},"_links":{"self":[{"href":"https:\/\/primermomento.com\/index.php?rest_route=\/wp\/v2\/posts\/456722","targetHints":{"allow":["GET"]}}],"collection":[{"href":"https:\/\/primermomento.com\/index.php?rest_route=\/wp\/v2\/posts"}],"about":[{"href":"https:\/\/primermomento.com\/index.php?rest_route=\/wp\/v2\/types\/post"}],"author":[{"embeddable":true,"href":"https:\/\/primermomento.com\/index.php?rest_route=\/wp\/v2\/users\/1"}],"replies":[{"embeddable":true,"href":"https:\/\/primermomento.com\/index.php?rest_route=%2Fwp%2Fv2%2Fcomments&post=456722"}],"version-history":[{"count":1,"href":"https:\/\/primermomento.com\/index.php?rest_route=\/wp\/v2\/posts\/456722\/revisions"}],"predecessor-version":[{"id":456723,"href":"https:\/\/primermomento.com\/index.php?rest_route=\/wp\/v2\/posts\/456722\/revisions\/456723"}],"wp:featuredmedia":[{"embeddable":true,"href":"https:\/\/primermomento.com\/index.php?rest_route=\/wp\/v2\/media\/391458"}],"wp:attachment":[{"href":"https:\/\/primermomento.com\/index.php?rest_route=%2Fwp%2Fv2%2Fmedia&parent=456722"}],"wp:term":[{"taxonomy":"category","embeddable":true,"href":"https:\/\/primermomento.com\/index.php?rest_route=%2Fwp%2Fv2%2Fcategories&post=456722"},{"taxonomy":"post_tag","embeddable":true,"href":"https:\/\/primermomento.com\/index.php?rest_route=%2Fwp%2Fv2%2Ftags&post=456722"}],"curies":[{"name":"wp","href":"https:\/\/api.w.org\/{rel}","templated":true}]}}