{"id":456803,"date":"2025-11-27T12:30:49","date_gmt":"2025-11-27T17:30:49","guid":{"rendered":"https:\/\/primermomento.com\/?p=456803"},"modified":"2025-11-27T19:23:51","modified_gmt":"2025-11-28T00:23:51","slug":"dos-mil-97-tecnicos-se-incorporaran-al-mercado-laboral-en-dominicana","status":"publish","type":"post","link":"https:\/\/primermomento.com\/?p=456803","title":{"rendered":"Dos mil 97 t\u00e9cnicos se incorporar\u00e1n al mercado laboral en Dominicana"},"content":{"rendered":"<p><strong><em>Por <span style=\"color: #ff0000;\">Prensa Latina<\/span><\/em><\/strong><\/p>\n<p>SANTO DOMINGO, Rep\u00fablica Dominicana.- El Instituto dominicano de Formaci\u00f3n T\u00e9cnico Profesional (Infotep) gradu\u00f3 hoy dos mil 97 educandos del Gran Santo Domingo y Monte Plata, quienes se incorporar\u00e1n al mercado laboral tras capacitarse en m\u00e1s de 60 \u00e1reas de alta demanda.<\/p>\n<div class=\"elementor-element elementor-element-0aea3a0 elementor-widget elementor-widget-theme-post-content\" data-id=\"0aea3a0\" data-element_type=\"widget\" data-widget_type=\"theme-post-content.default\">\n<div class=\"elementor-widget-container\">\n<p>El director general del Infotep, Rafael Santos Bad\u00eda, defini\u00f3 este logro como \u201cuna inyecci\u00f3n directa de productividad, innovaci\u00f3n y dinamismo para la econom\u00eda dominicana\u201d.<\/p>\n<p>Al pronunciar el discurso central, Santos Bad\u00eda destac\u00f3 el impacto socioecon\u00f3mico de esta cohorte.<\/p>\n<p>Afirm\u00f3 que la formaci\u00f3n t\u00e9cnico-profesional impulsa la competitividad, eleva la calidad de los servicios, fomenta la innovaci\u00f3n y fortalece el capital humano, pilares del crecimiento sostenido del pa\u00eds.<\/p>\n<p>Se\u00f1al\u00f3 que estos profesionales fortalecer\u00e1n sectores como la industria, los servicios, la tecnolog\u00eda, la salud y, de forma especial, la econom\u00eda creativa y el cine, un sector en plena expansi\u00f3n que requiere talento t\u00e9cnico especializado, puntualiz\u00f3.<\/p>\n<p>Del total de egresados, el 64.1 por ciento son mujeres y el 35.9 por ciento hombres.<\/p>\n<p>Trascendi\u00f3 que los nuevos t\u00e9cnicos ingresan a un mercado laboral que demanda personal calificado en manufactura, log\u00edstica, salud, servicios, tecnolog\u00eda, industrias creativas y econom\u00eda digital.<\/p>\n<p>Los 194 t\u00e9cnicos para la industria cinematogr\u00e1fica fueron adiestrados mediante un acuerdo con la Direcci\u00f3n General de Cine y el Ministerio de Trabajo.<\/p>\n<p>El director resalt\u00f3 tambi\u00e9n los convenios interinstitucionales que han permitido avances significativos en la formaci\u00f3n superior.<\/p>\n<p>En ese sentido, precis\u00f3 que 63 participantes completaron su primer a\u00f1o de estudios en la Pontificia Universidad Cat\u00f3lica Madre y Maestra en carreras como Desarrollo de Aplicaciones Multiplataformas, Dise\u00f1o Gr\u00e1fico, Log\u00edstica, Publicidad y Medios Digitales, y Redes y Comunicaci\u00f3n de Datos.<\/p>\n<p>Otros 40 j\u00f3venes cursaron programas ofertados a trav\u00e9s del Instituto Polit\u00e9cnico Loyola, en \u00e1reas como Redes y Seguridad Inform\u00e1tica, Electricidad Industrial, Procesamiento de Alimentos, Mecatr\u00f3nica y Desarrollo de Software.<\/p>\n<p>Gracias a estos acuerdos, los egresados podr\u00e1n continuar sus estudios en las mismas instituciones hasta obtener el t\u00edtulo de T\u00e9cnico Superior.<\/p>\n<p>El directivo subray\u00f3 que el Infotep ampl\u00eda su cobertura con 63 centros propios, m\u00e1s de 50 talleres m\u00f3viles y m\u00e1s de 200 Centros Operativos del Sistema.<\/p>\n<p>El Instituto celebr\u00f3 la graduaci\u00f3n ordinaria de la Regional Cibao el 12 de noviembre pasado y tiene programadas las ceremonias correspondientes a las Regionales Sur y Este.<\/p>\n<\/div>\n<\/div>\n<div class=\"elementor-element elementor-element-4f75016 elementor-widget elementor-widget-post-info\" data-id=\"4f75016\" data-element_type=\"widget\" data-widget_type=\"post-info.default\">\n<div class=\"elementor-widget-container\">\n<ul class=\"elementor-inline-items elementor-icon-list-items elementor-post-info\">\n<li class=\"elementor-icon-list-item elementor-repeater-item-17dda3e elementor-inline-item\"><span class=\"elementor-icon-list-text elementor-post-info__item elementor-post-info__item--type-custom\">#<em><a href=\"https:\/\/primermomento.com\/?p=456803\" rel=\"tag\">Infotep<\/a><\/em><\/span><\/li>\n<\/ul>\n<\/div>\n<\/div>\n","protected":false},"excerpt":{"rendered":"<p>Por Prensa Latina SANTO DOMINGO, Rep\u00fablica Dominicana.- El Instituto dominicano de Formaci\u00f3n T\u00e9cnico Profesional (Infotep) gradu\u00f3 hoy dos mil 97 educandos del Gran Santo Domingo y Monte Plata, quienes se incorporar\u00e1n al mercado laboral tras capacitarse en m\u00e1s de 60 \u00e1reas de alta demanda. El director general del Infotep, Rafael Santos Bad\u00eda, defini\u00f3 este logro [&hellip;]<\/p>\n","protected":false},"author":1,"featured_media":456804,"comment_status":"open","ping_status":"open","sticky":false,"template":"","format":"standard","meta":{"_bbp_topic_count":0,"_bbp_reply_count":0,"_bbp_total_topic_count":0,"_bbp_total_reply_count":0,"_bbp_voice_count":0,"_bbp_anonymous_reply_count":0,"_bbp_topic_count_hidden":0,"_bbp_reply_count_hidden":0,"_bbp_forum_subforum_count":0,"footnotes":""},"categories":[35],"tags":[],"class_list":{"0":"post-456803","1":"post","2":"type-post","3":"status-publish","4":"format-standard","5":"has-post-thumbnail","7":"category-economia"},"_links":{"self":[{"href":"https:\/\/primermomento.com\/index.php?rest_route=\/wp\/v2\/posts\/456803","targetHints":{"allow":["GET"]}}],"collection":[{"href":"https:\/\/primermomento.com\/index.php?rest_route=\/wp\/v2\/posts"}],"about":[{"href":"https:\/\/primermomento.com\/index.php?rest_route=\/wp\/v2\/types\/post"}],"author":[{"embeddable":true,"href":"https:\/\/primermomento.com\/index.php?rest_route=\/wp\/v2\/users\/1"}],"replies":[{"embeddable":true,"href":"https:\/\/primermomento.com\/index.php?rest_route=%2Fwp%2Fv2%2Fcomments&post=456803"}],"version-history":[{"count":1,"href":"https:\/\/primermomento.com\/index.php?rest_route=\/wp\/v2\/posts\/456803\/revisions"}],"predecessor-version":[{"id":456805,"href":"https:\/\/primermomento.com\/index.php?rest_route=\/wp\/v2\/posts\/456803\/revisions\/456805"}],"wp:featuredmedia":[{"embeddable":true,"href":"https:\/\/primermomento.com\/index.php?rest_route=\/wp\/v2\/media\/456804"}],"wp:attachment":[{"href":"https:\/\/primermomento.com\/index.php?rest_route=%2Fwp%2Fv2%2Fmedia&parent=456803"}],"wp:term":[{"taxonomy":"category","embeddable":true,"href":"https:\/\/primermomento.com\/index.php?rest_route=%2Fwp%2Fv2%2Fcategories&post=456803"},{"taxonomy":"post_tag","embeddable":true,"href":"https:\/\/primermomento.com\/index.php?rest_route=%2Fwp%2Fv2%2Ftags&post=456803"}],"curies":[{"name":"wp","href":"https:\/\/api.w.org\/{rel}","templated":true}]}}