{"id":456844,"date":"2025-11-28T05:27:53","date_gmt":"2025-11-28T10:27:53","guid":{"rendered":"https:\/\/primermomento.com\/?p=456844"},"modified":"2025-11-28T10:57:06","modified_gmt":"2025-11-28T15:57:06","slug":"testigo-del-tiempo-abinader-entrego-rd-a-eeuu","status":"publish","type":"post","link":"https:\/\/primermomento.com\/?p=456844","title":{"rendered":"Testigo del Tiempo | Abinader entreg\u00f3 RD a EEUU"},"content":{"rendered":"<p><strong><em>Por <span style=\"color: #ff0000;\">J.C. Malone<\/span><\/em><\/strong><\/p>\n<p>La reciente reuni\u00f3n del presidente Luis Abinader y el secretario de Guerra de los Estados Unidos, Pete Hegseth, fue un \u201ccambio de mando pac\u00edfico\u201d.<\/p>\n<p>Abinader autoriz\u00f3 que Washington controlara nuestra \u00fanica base a\u00e9rea militar, San Isidro, y nuestro principal aeropuerto civil, Las Am\u00e9ricas. La presidenta de M\u00e9xico, Claudia Sheinbaum, se neg\u00f3 a eso; y \u201csurgieron levantamientos\u201d contra su gobierno, como la \u201cRevoluci\u00f3n de Colores\u201d de Ucrania, en 2014.<\/p>\n<figure id=\"attachment_442110\" aria-describedby=\"caption-attachment-442110\" style=\"width: 196px\" class=\"wp-caption alignleft\"><img loading=\"lazy\" decoding=\"async\" class=\"size-full wp-image-442110\" src=\"https:\/\/primermomento.com\/wp-content\/uploads\/2025\/05\/J.C.-Malone_Testigo-del-Tiempo.jpg\" alt=\"\" width=\"196\" height=\"244\" \/><figcaption id=\"caption-attachment-442110\" class=\"wp-caption-text\">J.C. Malone<br \/>Analista pol\u00edtico<\/figcaption><\/figure>\n<p>Abinader dijo que \u201ctodos los gobiernos dominicanos\u201d comparten la lucha contra el narcotr\u00e1fico. Reconoci\u00f3 a los expresidentes Leonel Fern\u00e1ndez, Danilo Medina e Hip\u00f3lito Mej\u00eda, quienes callaron ante Washington controlando el pa\u00eds, \u00bfpor qu\u00e9?.<\/p>\n<p>En la \u201ccumbre hist\u00f3rica\u201d de mayo, los \u201cencumbrados\u201d, habr\u00edan acordado \u201centregar el pa\u00eds\u201d, todos callan porque su temor a Washington supera su dominicanidad.<\/p>\n<p>Washington convoc\u00f3 la reuni\u00f3n, donde Abinader habr\u00eda anunciado: \u00a0\u201cIntervendr\u00e1n en el pa\u00eds y Uds., mantendr\u00e1n sus lenguas donde no brille el sol\u201d.<\/p>\n<p>Ante Hegseth, Abinader se felicit\u00f3: \u201cEn los \u00faltimos cinco a\u00f1os hemos decomisado casi 10 veces m\u00e1s drogas por a\u00f1o, que en la d\u00e9cada anterior\u201d.<\/p>\n<p>Si demostr\u00f3 \u201ctanta eficiencia\u201d, \u00bfpor qu\u00e9 intervienen nuestros aeropuertos?<\/p>\n<p>Abinader anunci\u00f3 que Washington controlar\u00e1 \u201ctemporalmente\u201d nuestros aeropuertos civiles y militares. Eso puede dividir su gobierno, pocos se \u201centregar\u00e1n\u201d, como sugiri\u00f3 el ministro Jos\u00e9 Ignacio Paliza, defender\u00e1n la \u201csoberan\u00eda nacional\u201d.<\/p>\n<p>\u00bfHasta cu\u00e1ndo ser\u00e1 el control \u201ctemporal\u201d? En 1971, Richard Nixon suspendi\u00f3 \u201ctemporalmente\u201d el oro como reserva monetaria; 54 a\u00f1os despu\u00e9s, sigue \u201csuspendido\u201d. Seamos pacientes, esto reci\u00e9n empieza.<\/p>\n<p>El secretario Hegseth se\u00f1al\u00f3 nuestras cosas comunes. Tenemos tres cruces entre escudo y bandera, somos \u201ctrinitarios\u201d, \u00e9l tiene cinco tatuadas en el pecho, dirige el Pent\u00e1gono; somos hermanos en Cristo.<\/p>\n<p>Hegseth elogi\u00f3 a soldados estadounidenses de origen dominicano, y la hermosura de un sal\u00f3n palaciego, elogiando el fino gusto de Trujillo, su constructor.<\/p>\n<p>\u201cEste hermoso sal\u00f3n\u2026. el presidente Trump amar\u00eda este sal\u00f3n\u201d, dijo Hegseth maravillado, invitando a Trump al pa\u00eds, \u00a0esp\u00e9renlo.<\/p>\n<p>Facundo Cabral explic\u00f3 los elogios de Hegseth, diciendo: \u201cQuien acepta un halago, empieza a ser dominado, el hombre le hace caricias al caballo, pa\u2019 montarlo\u201d. Y despu\u00e9s clavarle las espuelas.<\/p>\n","protected":false},"excerpt":{"rendered":"<p>Por J.C. Malone La reciente reuni\u00f3n del presidente Luis Abinader y el secretario de Guerra de los Estados Unidos, Pete Hegseth, fue un \u201ccambio de mando pac\u00edfico\u201d. Abinader autoriz\u00f3 que Washington controlara nuestra \u00fanica base a\u00e9rea militar, San Isidro, y nuestro principal aeropuerto civil, Las Am\u00e9ricas. La presidenta de M\u00e9xico, Claudia Sheinbaum, se neg\u00f3 a [&hellip;]<\/p>\n","protected":false},"author":1,"featured_media":456693,"comment_status":"open","ping_status":"open","sticky":false,"template":"","format":"standard","meta":{"_bbp_topic_count":0,"_bbp_reply_count":0,"_bbp_total_topic_count":0,"_bbp_total_reply_count":0,"_bbp_voice_count":0,"_bbp_anonymous_reply_count":0,"_bbp_topic_count_hidden":0,"_bbp_reply_count_hidden":0,"_bbp_forum_subforum_count":0,"footnotes":""},"categories":[33],"tags":[],"class_list":{"0":"post-456844","1":"post","2":"type-post","3":"status-publish","4":"format-standard","5":"has-post-thumbnail","7":"category-opinion"},"_links":{"self":[{"href":"https:\/\/primermomento.com\/index.php?rest_route=\/wp\/v2\/posts\/456844","targetHints":{"allow":["GET"]}}],"collection":[{"href":"https:\/\/primermomento.com\/index.php?rest_route=\/wp\/v2\/posts"}],"about":[{"href":"https:\/\/primermomento.com\/index.php?rest_route=\/wp\/v2\/types\/post"}],"author":[{"embeddable":true,"href":"https:\/\/primermomento.com\/index.php?rest_route=\/wp\/v2\/users\/1"}],"replies":[{"embeddable":true,"href":"https:\/\/primermomento.com\/index.php?rest_route=%2Fwp%2Fv2%2Fcomments&post=456844"}],"version-history":[{"count":1,"href":"https:\/\/primermomento.com\/index.php?rest_route=\/wp\/v2\/posts\/456844\/revisions"}],"predecessor-version":[{"id":456845,"href":"https:\/\/primermomento.com\/index.php?rest_route=\/wp\/v2\/posts\/456844\/revisions\/456845"}],"wp:featuredmedia":[{"embeddable":true,"href":"https:\/\/primermomento.com\/index.php?rest_route=\/wp\/v2\/media\/456693"}],"wp:attachment":[{"href":"https:\/\/primermomento.com\/index.php?rest_route=%2Fwp%2Fv2%2Fmedia&parent=456844"}],"wp:term":[{"taxonomy":"category","embeddable":true,"href":"https:\/\/primermomento.com\/index.php?rest_route=%2Fwp%2Fv2%2Fcategories&post=456844"},{"taxonomy":"post_tag","embeddable":true,"href":"https:\/\/primermomento.com\/index.php?rest_route=%2Fwp%2Fv2%2Ftags&post=456844"}],"curies":[{"name":"wp","href":"https:\/\/api.w.org\/{rel}","templated":true}]}}