{"id":456871,"date":"2025-11-28T16:28:53","date_gmt":"2025-11-28T21:28:53","guid":{"rendered":"https:\/\/primermomento.com\/?p=456871"},"modified":"2025-11-30T12:09:29","modified_gmt":"2025-11-30T17:09:29","slug":"presidente-abinader-celebra-llegada-de-dos-cruceros-a-pedernales","status":"publish","type":"post","link":"https:\/\/primermomento.com\/?p=456871","title":{"rendered":"Presidente Abinader celebra llegada de dos cruceros a Pedernales"},"content":{"rendered":"<p><strong><em>Por <span style=\"color: #ff0000;\">Prensa Latina<\/span><\/em><\/strong><\/p>\n<p>SANTO DOMINGO, Rep\u00fablica Dominicana.- El presidente dominicano, Luis Abinader, inform\u00f3 hoy la llegada simult\u00e1nea de dos cruceros al puerto de Cabo Rojo, en Pedernales, con cuatro mil 679 pasajeros, quienes conocer\u00e1n la oferta cultural, hist\u00f3rica y comunitaria de la provincia.<\/p>\n<div class=\"elementor-element elementor-element-0aea3a0 elementor-widget elementor-widget-theme-post-content\" data-id=\"0aea3a0\" data-element_type=\"widget\" data-widget_type=\"theme-post-content.default\">\n<div class=\"elementor-widget-container\">\n<p>A trav\u00e9s de su cuenta en X, el mandatario celebr\u00f3 el acontecimiento como \u201cun d\u00eda hist\u00f3rico para Pedernales\u201d, al dar la bienvenida a los cruceros Aida Sol y Brilliance of the Seas, los primeros en coincidir de manera conjunta desde la apertura de la terminal tur\u00edstica.<\/p>\n<p>El jefe de Estado resalt\u00f3 que este suceso confirma el avance del desarrollo tur\u00edstico de la regi\u00f3n sur y el impacto positivo del proyecto Cabo Rojo, que posiciona a Pedernales (en el suroeste del pa\u00eds) como un nuevo polo de crecimiento y oportunidades para sus habitantes.<\/p>\n<p>Se trata de un programa que busca transformar a Cabo Rojo en una zona tur\u00edstica de alcance internacional, impulsado mediante inversi\u00f3n p\u00fablica y privada, con la promesa de generar miles de empleos y revitalizar una regi\u00f3n que durante d\u00e9cadas ha permanecido marginada.<\/p>\n<\/div>\n<\/div>\n<div class=\"elementor-element elementor-element-4f75016 elementor-widget elementor-widget-post-info\" data-id=\"4f75016\" data-element_type=\"widget\" data-widget_type=\"post-info.default\">\n<div class=\"elementor-widget-container\">\n<ul class=\"elementor-inline-items elementor-icon-list-items elementor-post-info\">\n<li class=\"elementor-icon-list-item elementor-repeater-item-17dda3e elementor-inline-item\"><em><span class=\"elementor-icon-list-text elementor-post-info__item elementor-post-info__item--type-custom\">#<a href=\"https:\/\/primermomento.com\/?p=456871\" rel=\"tag\">cruceros<\/a>\u00a0#<a href=\"https:\/\/primermomento.com\/?p=456871\" rel=\"tag\">pedernales<\/a><\/span><\/em><\/li>\n<\/ul>\n<\/div>\n<\/div>\n","protected":false},"excerpt":{"rendered":"<p>Por Prensa Latina SANTO DOMINGO, Rep\u00fablica Dominicana.- El presidente dominicano, Luis Abinader, inform\u00f3 hoy la llegada simult\u00e1nea de dos cruceros al puerto de Cabo Rojo, en Pedernales, con cuatro mil 679 pasajeros, quienes conocer\u00e1n la oferta cultural, hist\u00f3rica y comunitaria de la provincia. A trav\u00e9s de su cuenta en X, el mandatario celebr\u00f3 el acontecimiento [&hellip;]<\/p>\n","protected":false},"author":1,"featured_media":456872,"comment_status":"open","ping_status":"open","sticky":false,"template":"","format":"standard","meta":{"_bbp_topic_count":0,"_bbp_reply_count":0,"_bbp_total_topic_count":0,"_bbp_total_reply_count":0,"_bbp_voice_count":0,"_bbp_anonymous_reply_count":0,"_bbp_topic_count_hidden":0,"_bbp_reply_count_hidden":0,"_bbp_forum_subforum_count":0,"footnotes":""},"categories":[35],"tags":[],"class_list":{"0":"post-456871","1":"post","2":"type-post","3":"status-publish","4":"format-standard","5":"has-post-thumbnail","7":"category-economia"},"_links":{"self":[{"href":"https:\/\/primermomento.com\/index.php?rest_route=\/wp\/v2\/posts\/456871","targetHints":{"allow":["GET"]}}],"collection":[{"href":"https:\/\/primermomento.com\/index.php?rest_route=\/wp\/v2\/posts"}],"about":[{"href":"https:\/\/primermomento.com\/index.php?rest_route=\/wp\/v2\/types\/post"}],"author":[{"embeddable":true,"href":"https:\/\/primermomento.com\/index.php?rest_route=\/wp\/v2\/users\/1"}],"replies":[{"embeddable":true,"href":"https:\/\/primermomento.com\/index.php?rest_route=%2Fwp%2Fv2%2Fcomments&post=456871"}],"version-history":[{"count":1,"href":"https:\/\/primermomento.com\/index.php?rest_route=\/wp\/v2\/posts\/456871\/revisions"}],"predecessor-version":[{"id":456873,"href":"https:\/\/primermomento.com\/index.php?rest_route=\/wp\/v2\/posts\/456871\/revisions\/456873"}],"wp:featuredmedia":[{"embeddable":true,"href":"https:\/\/primermomento.com\/index.php?rest_route=\/wp\/v2\/media\/456872"}],"wp:attachment":[{"href":"https:\/\/primermomento.com\/index.php?rest_route=%2Fwp%2Fv2%2Fmedia&parent=456871"}],"wp:term":[{"taxonomy":"category","embeddable":true,"href":"https:\/\/primermomento.com\/index.php?rest_route=%2Fwp%2Fv2%2Fcategories&post=456871"},{"taxonomy":"post_tag","embeddable":true,"href":"https:\/\/primermomento.com\/index.php?rest_route=%2Fwp%2Fv2%2Ftags&post=456871"}],"curies":[{"name":"wp","href":"https:\/\/api.w.org\/{rel}","templated":true}]}}