{"id":456913,"date":"2025-11-30T17:34:30","date_gmt":"2025-11-30T22:34:30","guid":{"rendered":"https:\/\/primermomento.com\/?p=456913"},"modified":"2025-12-01T07:40:14","modified_gmt":"2025-12-01T12:40:14","slug":"plantean-pacto-fiscal-integrado-moderno-y-responsable-que-amplie-la-base-tributaria","status":"publish","type":"post","link":"https:\/\/primermomento.com\/?p=456913","title":{"rendered":"Plantean \u201cpacto fiscal integrado, moderno y responsable\u201d que ampl\u00ede la base tributaria"},"content":{"rendered":"<p><strong><em>Por <span style=\"color: #ff0000;\">Servicios de Primermomento.com<\/span><\/em><\/strong><\/p>\n<p><span lang=\"es\">SANTIAGO, Rep\u00fablica Dominicana.- Durante la celebraci\u00f3n de su 64. \u00b0 aniversario, la Asociaci\u00f3n de Comerciantes e Industriales\u00a0(ACIS)\u00a0present\u00f3 propuestas concretas para impulsar el\u00a0desarrollo nacional, en un acto que cont\u00f3 con la participaci\u00f3n del\u00a0presidente de la Rep\u00fablica, Luis Abinader,\u00a0como conferencista magistral.<\/span><\/p>\n<p><span lang=\"es\">El presidente de la ACIS,\u00a0Marcos Santana,\u00a0propuso la creaci\u00f3n de un<\/span><em><span lang=\"es\">\u00a0\u201cpacto fiscal integrado, moderno y responsable\u201d<\/span><\/em><span lang=\"es\">\u00a0que garantice un Estado financieramente\u00a0fuerte y sostenible.\u00a0<\/span><\/p>\n<p><span lang=\"es\">\u201cEste pacto debe ampliar la base tributaria sin afectar la productividad, promover la formalidad y asegurar que cada ciudadano contribuya conforme a su capacidad real\u201d,<\/span><span lang=\"es\">\u00a0explic\u00f3 Santana.<\/span><\/p>\n<p><span lang=\"es\"><strong>Carretera de San Francisco hasta Santiago<\/strong><\/span><\/p>\n<p><span lang=\"es\">Hizo un llamado directo a los empresarios de\u00a0San Francisco de Macor\u00eds, Tenares, Salcedo, Moca y Santiago\u00a0para unirse en una<\/span><span lang=\"es\">\u00a0\u201cmesa estrat\u00e9gica que impulse la carretera de cuatro carriles, desde San Francisco de Macor\u00eds hasta Santiago\u201d,<\/span><span lang=\"es\">\u00a0obra que calific\u00f3 como\u00a0<\/span><span lang=\"es\">\u201cindispensable para fortalecer el corredor productivo del noroeste\u201d.<\/span><\/p>\n<p><span lang=\"es\">El evento, celebrado en el campus de la Pontificia Universidad Cat\u00f3lica Madre y Maestra (PUCMM), reuni\u00f3 a los principales l\u00edderes empresariales y autoridades de la\u00a0<strong>regi\u00f3n Norte<\/strong>.<\/span><\/p>\n<p><span lang=\"es\"><strong>Inversi\u00f3n estrat\u00e9gica de Fondos de Pensiones<\/strong><\/span><\/p>\n<p><span lang=\"es\">Santana destac\u00f3 la necesidad de una\u00a0<\/span><span lang=\"es\">\u201cgesti\u00f3n responsable y diversificada de las inversiones de los fondos de pensiones\u201d,<\/span><span lang=\"es\">\u00a0se\u00f1alando que\u00a0<\/span><span lang=\"es\">\u201cestos recursos deben crecer y rendir m\u00e1s con garant\u00eda y seguridad\u201d.\u00a0<\/span><\/p>\n<p><span lang=\"es\">Sugiri\u00f3 sectores como la vivienda como oportunidad de inversi\u00f3n que ofrece\u00a0<\/span><span lang=\"es\">\u201crentabilidad superior, genera miles de empleos y ayuda a reducir el d\u00e9ficit habitacional\u201d.<\/span><\/p>\n<p><span lang=\"es\"><strong>Unidad empresarial para obras estrat\u00e9gicas<\/strong><\/span><\/p>\n<p><span lang=\"es\">El l\u00edder empresarial enfatiz\u00f3 el poder de la unidad empresarial, citando como ejemplo la\u00a0autopista del \u00c1mbar, actualmente en\u00a0fase de licitaci\u00f3n.\u00a0<\/span><\/p>\n<p><span lang=\"es\"><strong>Compromiso con la descentralizaci\u00f3n<\/strong><\/span><\/p>\n<p><span lang=\"es\">Al referirse al modelo de gesti\u00f3n del Estado, Santana se\u00f1al\u00f3 que<\/span><span lang=\"es\">\u00a0\u201cla Rep\u00fablica Dominicana necesita avanzar hacia un modelo m\u00e1s equilibrado donde las regiones tengan mayor participaci\u00f3n y autonom\u00eda\u201d,<\/span><span lang=\"es\">\u00a0reiterando el compromiso de la ACIS con un\u00a0desarrollo territorial arm\u00f3nico.<\/span><\/p>\n<p><span lang=\"es\"><strong>Compromiso institucional<\/strong><\/span><\/p>\n<p><span lang=\"es\">Al concluir, el presidente de la ACIS reafirm\u00f3 el compromiso de la instituci\u00f3n con\u00a0<\/span><span lang=\"es\">\u201cla democracia, la libre empresa y el desarrollo econ\u00f3mico sostenible\u201d,<\/span><span lang=\"es\">\u00a0asegurando que la asociaci\u00f3n seguir\u00e1 siendo\u00a0<\/span><span lang=\"es\">\u201cun espacio donde cada empresa, sin importar su tama\u00f1o, tiene voz y valor en la construcci\u00f3n del futuro del pa\u00eds\u201d.<\/span><\/p>\n","protected":false},"excerpt":{"rendered":"<p>Por Servicios de Primermomento.com SANTIAGO, Rep\u00fablica Dominicana.- Durante la celebraci\u00f3n de su 64. \u00b0 aniversario, la Asociaci\u00f3n de Comerciantes e Industriales\u00a0(ACIS)\u00a0present\u00f3 propuestas concretas para impulsar el\u00a0desarrollo nacional, en un acto que cont\u00f3 con la participaci\u00f3n del\u00a0presidente de la Rep\u00fablica, Luis Abinader,\u00a0como conferencista magistral. El presidente de la ACIS,\u00a0Marcos Santana,\u00a0propuso la creaci\u00f3n de un\u00a0\u201cpacto fiscal integrado, [&hellip;]<\/p>\n","protected":false},"author":1,"featured_media":456914,"comment_status":"open","ping_status":"open","sticky":false,"template":"","format":"standard","meta":{"_bbp_topic_count":0,"_bbp_reply_count":0,"_bbp_total_topic_count":0,"_bbp_total_reply_count":0,"_bbp_voice_count":0,"_bbp_anonymous_reply_count":0,"_bbp_topic_count_hidden":0,"_bbp_reply_count_hidden":0,"_bbp_forum_subforum_count":0,"footnotes":""},"categories":[35],"tags":[],"class_list":["post-456913","post","type-post","status-publish","format-standard","has-post-thumbnail","category-economia"],"_links":{"self":[{"href":"https:\/\/primermomento.com\/index.php?rest_route=\/wp\/v2\/posts\/456913","targetHints":{"allow":["GET"]}}],"collection":[{"href":"https:\/\/primermomento.com\/index.php?rest_route=\/wp\/v2\/posts"}],"about":[{"href":"https:\/\/primermomento.com\/index.php?rest_route=\/wp\/v2\/types\/post"}],"author":[{"embeddable":true,"href":"https:\/\/primermomento.com\/index.php?rest_route=\/wp\/v2\/users\/1"}],"replies":[{"embeddable":true,"href":"https:\/\/primermomento.com\/index.php?rest_route=%2Fwp%2Fv2%2Fcomments&post=456913"}],"version-history":[{"count":1,"href":"https:\/\/primermomento.com\/index.php?rest_route=\/wp\/v2\/posts\/456913\/revisions"}],"predecessor-version":[{"id":456915,"href":"https:\/\/primermomento.com\/index.php?rest_route=\/wp\/v2\/posts\/456913\/revisions\/456915"}],"wp:featuredmedia":[{"embeddable":true,"href":"https:\/\/primermomento.com\/index.php?rest_route=\/wp\/v2\/media\/456914"}],"wp:attachment":[{"href":"https:\/\/primermomento.com\/index.php?rest_route=%2Fwp%2Fv2%2Fmedia&parent=456913"}],"wp:term":[{"taxonomy":"category","embeddable":true,"href":"https:\/\/primermomento.com\/index.php?rest_route=%2Fwp%2Fv2%2Fcategories&post=456913"},{"taxonomy":"post_tag","embeddable":true,"href":"https:\/\/primermomento.com\/index.php?rest_route=%2Fwp%2Fv2%2Ftags&post=456913"}],"curies":[{"name":"wp","href":"https:\/\/api.w.org\/{rel}","templated":true}]}}