{"id":456967,"date":"2025-12-01T11:27:52","date_gmt":"2025-12-01T16:27:52","guid":{"rendered":"https:\/\/primermomento.com\/?p=456967"},"modified":"2025-12-01T16:43:39","modified_gmt":"2025-12-01T21:43:39","slug":"gracia-navidena-exonera-a-residentes-en-el-exterior-impuesto-hasta-usd-5500-00","status":"publish","type":"post","link":"https:\/\/primermomento.com\/?p=456967","title":{"rendered":"Gracia navide\u00f1a exonera a residentes en el exterior impuesto de hasta USD 5,500.00"},"content":{"rendered":"<p dir=\"ltr\"><strong><em>Por <span style=\"color: #ff0000;\">Servicios de Primermomento.com<\/span><\/em><\/strong><\/p>\n<p dir=\"ltr\">SANTO DOMINGO, Rep\u00fablica Dominicana.- El director general de Aduanas, Eduardo Sanz Lovat\u00f3n, anunci\u00f3 que la\u00a0gracia navide\u00f1a\u00a0correspondiente al\u00a0a\u00f1o 2025\u00a0ascender\u00e1 a\u00a0USD 5,500, el\u00a0valor m\u00e1s alto\u00a0registrado en la historia, seg\u00fan las instrucciones del\u00a0presidente Luis Abinader, en reconocimiento a los aportes que realizan los dominicanos residentes en el exterior.<\/p>\n<p dir=\"ltr\">Desde el 1 de diciembre de 2025 hasta el 15 de enero de 2026, los dominicanos que arriben al pa\u00eds por motivo de la Navidad, podr\u00e1n traer a sus familiares\u00a0regalos exonerados del pago de impuestos, por valores que alcancen hasta el monto indicado.<\/p>\n<p dir=\"ltr\">La facilidad aplica para los nacionales dominicanos que ingresen al pa\u00eds tanto por\u00a0v\u00eda a\u00e9rea, como por la\u00a0mar\u00edtima, siempre que el valor FOB de los bienes transportados no sea superior al monto establecido ni art\u00edculos en cantidades comerciales.<\/p>\n<p dir=\"ltr\">Se inform\u00f3 adem\u00e1s que\u00a0esta exoneraci\u00f3n se aplicar\u00e1 por familia\u00a0y para aquellas que tienen al menos\u00a0seis meses sin venir al pa\u00eds.<\/p>\n<p dir=\"ltr\">Detallaron que se permitir\u00e1\u00a0una unidad de cada tipo de mercanc\u00eda, especialmente en el caso de los electrodom\u00e9sticos.<\/p>\n<p dir=\"ltr\">La entidad tambi\u00e9n explic\u00f3 que la decisi\u00f3n de exonerar de aranceles los regalos que traen consigo los dominicanos que llegan al pa\u00eds, es una\u00a0iniciativa alineada a la visi\u00f3n del gobierno\u00a0que encabeza el presidente Luis Abinader, de\u00a0gratificar a los dominicanos residentes en el exterior\u00a0por sus aportes y arraigo al pa\u00eds desde tierras extranjeras.<\/p>\n<p dir=\"ltr\">Bajo la administraci\u00f3n que encabeza Yayo Sanz Lovat\u00f3n en la Direcci\u00f3n General de Aduanas, el monto de la gracia navide\u00f1a pas\u00f3 de USD 3,000 d\u00f3lares a USD 5,500.00 para\u00a0un incremento de USD 2,500.00 en cinco a\u00f1os.<\/p>\n<p>Asimismo, ha sido incrementado el\u00a0periodo\u00a0de aplicaci\u00f3n de la gracia,\u00a0pasando de 38 d\u00edas a 45 d\u00edas.<\/p>\n","protected":false},"excerpt":{"rendered":"<p>Por Servicios de Primermomento.com SANTO DOMINGO, Rep\u00fablica Dominicana.- El director general de Aduanas, Eduardo Sanz Lovat\u00f3n, anunci\u00f3 que la\u00a0gracia navide\u00f1a\u00a0correspondiente al\u00a0a\u00f1o 2025\u00a0ascender\u00e1 a\u00a0USD 5,500, el\u00a0valor m\u00e1s alto\u00a0registrado en la historia, seg\u00fan las instrucciones del\u00a0presidente Luis Abinader, en reconocimiento a los aportes que realizan los dominicanos residentes en el exterior. Desde el 1 de diciembre de [&hellip;]<\/p>\n","protected":false},"author":1,"featured_media":456968,"comment_status":"open","ping_status":"open","sticky":false,"template":"","format":"standard","meta":{"_bbp_topic_count":0,"_bbp_reply_count":0,"_bbp_total_topic_count":0,"_bbp_total_reply_count":0,"_bbp_voice_count":0,"_bbp_anonymous_reply_count":0,"_bbp_topic_count_hidden":0,"_bbp_reply_count_hidden":0,"_bbp_forum_subforum_count":0,"footnotes":""},"categories":[35],"tags":[],"class_list":{"0":"post-456967","1":"post","2":"type-post","3":"status-publish","4":"format-standard","5":"has-post-thumbnail","7":"category-economia"},"_links":{"self":[{"href":"https:\/\/primermomento.com\/index.php?rest_route=\/wp\/v2\/posts\/456967","targetHints":{"allow":["GET"]}}],"collection":[{"href":"https:\/\/primermomento.com\/index.php?rest_route=\/wp\/v2\/posts"}],"about":[{"href":"https:\/\/primermomento.com\/index.php?rest_route=\/wp\/v2\/types\/post"}],"author":[{"embeddable":true,"href":"https:\/\/primermomento.com\/index.php?rest_route=\/wp\/v2\/users\/1"}],"replies":[{"embeddable":true,"href":"https:\/\/primermomento.com\/index.php?rest_route=%2Fwp%2Fv2%2Fcomments&post=456967"}],"version-history":[{"count":2,"href":"https:\/\/primermomento.com\/index.php?rest_route=\/wp\/v2\/posts\/456967\/revisions"}],"predecessor-version":[{"id":456970,"href":"https:\/\/primermomento.com\/index.php?rest_route=\/wp\/v2\/posts\/456967\/revisions\/456970"}],"wp:featuredmedia":[{"embeddable":true,"href":"https:\/\/primermomento.com\/index.php?rest_route=\/wp\/v2\/media\/456968"}],"wp:attachment":[{"href":"https:\/\/primermomento.com\/index.php?rest_route=%2Fwp%2Fv2%2Fmedia&parent=456967"}],"wp:term":[{"taxonomy":"category","embeddable":true,"href":"https:\/\/primermomento.com\/index.php?rest_route=%2Fwp%2Fv2%2Fcategories&post=456967"},{"taxonomy":"post_tag","embeddable":true,"href":"https:\/\/primermomento.com\/index.php?rest_route=%2Fwp%2Fv2%2Ftags&post=456967"}],"curies":[{"name":"wp","href":"https:\/\/api.w.org\/{rel}","templated":true}]}}