{"id":457000,"date":"2025-12-01T09:00:42","date_gmt":"2025-12-01T14:00:42","guid":{"rendered":"https:\/\/primermomento.com\/?p=457000"},"modified":"2025-12-01T19:14:02","modified_gmt":"2025-12-02T00:14:02","slug":"vinculan-insomnio-y-apnea-del-sueno-con-mala-memoria-en-mujeres","status":"publish","type":"post","link":"https:\/\/primermomento.com\/?p=457000","title":{"rendered":"Vinculan insomnio y apnea del sue\u00f1o con mala memoria en mujeres"},"content":{"rendered":"<p><strong><em>Por <span style=\"color: #ff0000;\">Prensa Latina<\/span><\/em><\/strong><\/p>\n<p>Washington, EEUU.- Una investigaci\u00f3n realizada en adultos mayores con apnea del sue\u00f1o revela que el rendimiento de la memoria verbal es significativamente peor en las mujeres que tambi\u00e9n padecen insomnio, public\u00f3 el Journal of Clinical Sleep Medicine.<\/p>\n<div class=\"elementor-element elementor-element-0aea3a0 elementor-widget elementor-widget-theme-post-content\" data-id=\"0aea3a0\" data-element_type=\"widget\" data-widget_type=\"theme-post-content.default\">\n<div class=\"elementor-widget-container\">\n<p>Los resultados muestran que los adultos mayores con insomnio y apnea del sue\u00f1o com\u00f3rbidos (Comisa) mostraron un peor rendimiento de memoria que aquellos con solo apnea del sue\u00f1o.<\/p>\n<p>Esta interacci\u00f3n se mantuvo significativa incluso despu\u00e9s de ajustar por edad, \u00edndice de masa corporal, gravedad de la apnea del sue\u00f1o y educaci\u00f3n.<\/p>\n<p>Sin embargo, al analizar por sexo, Comisa se asoci\u00f3 significativamente con peores resultados de memoria verbal en las mujeres, pero no en los hombres.<\/p>\n<p>\u201cEsper\u00e1bamos que padecer insomnio y apnea del sue\u00f1o empeorar\u00eda la memoria en todos, pero solo las mujeres mayores mostraron esta vulnerabilidad\u201d, afirm\u00f3 la autora principal, Breanna Holloway, doctora en psicolog\u00eda cl\u00ednica y medicina conductual e investigadora postdoctoral en la Facultad de Medicina de la Universidad de California.<\/p>\n<p>La investigaci\u00f3n involucr\u00f3 a 110 adultos mayores de entre 65 y 83 a\u00f1os diagnosticados con apnea obstructiva del sue\u00f1o.<\/p>\n<p>Completaron un estudio del sue\u00f1o nocturno y pruebas cognitivas, y se evaluaron el insomnio y la memoria verbal mediante herramientas validadas, resultando que Comisa estuvo presente en el 37 por ciento de los participantes.<\/p>\n<p>Estos resultados apuntan a un riesgo que se pasa por alto en mujeres con insomnio y apnea del sue\u00f1o, afirm\u00f3 Holloway.<\/p>\n<p>\u201cDado que las mujeres son m\u00e1s propensas a padecer insomnio y a menudo no reciben un diagn\u00f3stico de apnea del sue\u00f1o, reconocer y tratar Comisa de forma temprana podr\u00eda ayudar a proteger la memoria y reducir el riesgo de demencia\u201d, asever\u00f3 la especialista.<\/p>\n<\/div>\n<\/div>\n<div class=\"elementor-element elementor-element-4f75016 elementor-widget elementor-widget-post-info\" data-id=\"4f75016\" data-element_type=\"widget\" data-widget_type=\"post-info.default\">\n<div class=\"elementor-widget-container\">\n<ul class=\"elementor-inline-items elementor-icon-list-items elementor-post-info\">\n<li class=\"elementor-icon-list-item elementor-repeater-item-17dda3e elementor-inline-item\"><em><span class=\"elementor-icon-list-text elementor-post-info__item elementor-post-info__item--type-custom\">#<a href=\"https:\/\/primermomento.com\/?p=457000\" rel=\"tag\">insomnio<\/a>\u00a0#<a href=\"https:\/\/primermomento.com\/?p=457000\" rel=\"tag\">Mujeres<\/a>\u00a0#<a href=\"https:\/\/primermomento.com\/?p=457000\" rel=\"tag\">salud<\/a><\/span><\/em><\/li>\n<\/ul>\n<\/div>\n<\/div>\n","protected":false},"excerpt":{"rendered":"<p>Por Prensa Latina Washington, EEUU.- Una investigaci\u00f3n realizada en adultos mayores con apnea del sue\u00f1o revela que el rendimiento de la memoria verbal es significativamente peor en las mujeres que tambi\u00e9n padecen insomnio, public\u00f3 el Journal of Clinical Sleep Medicine. Los resultados muestran que los adultos mayores con insomnio y apnea del sue\u00f1o com\u00f3rbidos (Comisa) [&hellip;]<\/p>\n","protected":false},"author":1,"featured_media":400669,"comment_status":"open","ping_status":"open","sticky":false,"template":"","format":"standard","meta":{"_bbp_topic_count":0,"_bbp_reply_count":0,"_bbp_total_topic_count":0,"_bbp_total_reply_count":0,"_bbp_voice_count":0,"_bbp_anonymous_reply_count":0,"_bbp_topic_count_hidden":0,"_bbp_reply_count_hidden":0,"_bbp_forum_subforum_count":0,"footnotes":""},"categories":[36],"tags":[],"class_list":{"0":"post-457000","1":"post","2":"type-post","3":"status-publish","4":"format-standard","5":"has-post-thumbnail","7":"category-salud"},"_links":{"self":[{"href":"https:\/\/primermomento.com\/index.php?rest_route=\/wp\/v2\/posts\/457000","targetHints":{"allow":["GET"]}}],"collection":[{"href":"https:\/\/primermomento.com\/index.php?rest_route=\/wp\/v2\/posts"}],"about":[{"href":"https:\/\/primermomento.com\/index.php?rest_route=\/wp\/v2\/types\/post"}],"author":[{"embeddable":true,"href":"https:\/\/primermomento.com\/index.php?rest_route=\/wp\/v2\/users\/1"}],"replies":[{"embeddable":true,"href":"https:\/\/primermomento.com\/index.php?rest_route=%2Fwp%2Fv2%2Fcomments&post=457000"}],"version-history":[{"count":1,"href":"https:\/\/primermomento.com\/index.php?rest_route=\/wp\/v2\/posts\/457000\/revisions"}],"predecessor-version":[{"id":457001,"href":"https:\/\/primermomento.com\/index.php?rest_route=\/wp\/v2\/posts\/457000\/revisions\/457001"}],"wp:featuredmedia":[{"embeddable":true,"href":"https:\/\/primermomento.com\/index.php?rest_route=\/wp\/v2\/media\/400669"}],"wp:attachment":[{"href":"https:\/\/primermomento.com\/index.php?rest_route=%2Fwp%2Fv2%2Fmedia&parent=457000"}],"wp:term":[{"taxonomy":"category","embeddable":true,"href":"https:\/\/primermomento.com\/index.php?rest_route=%2Fwp%2Fv2%2Fcategories&post=457000"},{"taxonomy":"post_tag","embeddable":true,"href":"https:\/\/primermomento.com\/index.php?rest_route=%2Fwp%2Fv2%2Ftags&post=457000"}],"curies":[{"name":"wp","href":"https:\/\/api.w.org\/{rel}","templated":true}]}}