{"id":457051,"date":"2025-12-02T15:00:08","date_gmt":"2025-12-02T20:00:08","guid":{"rendered":"https:\/\/primermomento.com\/?p=457051"},"modified":"2025-12-02T17:42:25","modified_gmt":"2025-12-02T22:42:25","slug":"lula-hablo-con-trump-sobre-reduccion-de-aranceles-y-crimen-organizado","status":"publish","type":"post","link":"https:\/\/primermomento.com\/?p=457051","title":{"rendered":"Lula habl\u00f3 con Trump sobre reducci\u00f3n de aranceles y crimen organizado"},"content":{"rendered":"<p><strong><em>Por <span style=\"color: #ff0000;\">Prensa Latina<\/span><\/em><\/strong><\/p>\n<p>Brasilia, BRASIL.- El presidente brasile\u00f1o, Luiz In\u00e1cio Lula da Silva, convers\u00f3 hoy por tel\u00e9fono con su hom\u00f3logo estadounidense, Donald Trump, sobre los aranceles impuestos a las exportaciones nacionales y temas como el combate al crimen organizado.<\/p>\n<div class=\"elementor-element elementor-element-0aea3a0 elementor-widget elementor-widget-theme-post-content\" data-id=\"0aea3a0\" data-element_type=\"widget\" data-widget_type=\"theme-post-content.default\">\n<div class=\"elementor-widget-container\">\n<p>Al menos 40 minutos dur\u00f3 la llamada, seg\u00fan el Palacio de Planalto, sede del Poder Ejecutivo, que calific\u00f3 la conversaci\u00f3n de \u00abmuy productiva\u00bb.<\/p>\n<p>Lula elogi\u00f3 la decisi\u00f3n de la Casa Blanca de eliminar el gravamen adicional del 40 por ciento impuesto a algunas mercanc\u00edas brasile\u00f1as, como la carne, el caf\u00e9 y la fruta.<\/p>\n<p>Enfatiz\u00f3, seg\u00fan la fuente, que a\u00fan hay otros productos con aranceles que deben ser discutidos entre ambos pa\u00edses y que Brasil desea avanzar r\u00e1pidamente en estas negociaciones.<\/p>\n<p>Otro asunto abordado fue la cooperaci\u00f3n en el combate al crimen organizado internacional.<\/p>\n<p>De acuerdo con el Gobierno, el fundador del Partido de los Trabajadores detall\u00f3 acciones recientes de la Polic\u00eda Federal (PF), como la Operaci\u00f3n Carb\u00f3n Oculto.<\/p>\n<p>Tal maniobra busca combatir las actividades de organizaciones criminales en el mercado financiero y el contrabando de combustible, con ramificaciones en el extranjero.<\/p>\n<p>\u00abEl presidente Trump reiter\u00f3 su plena disposici\u00f3n a colaborar con Brasil y su pleno apoyo a las iniciativas conjuntas entre ambos pa\u00edses para combatir a estas organizaciones criminales\u00bb, indic\u00f3 la administraci\u00f3n de Lula.<\/p>\n<p>Asegur\u00f3 que ambos mandatarios acordaron volver a hablar pronto sobre el progreso de estas iniciativas.<\/p>\n<p>La cita telef\u00f3nica representa un paso m\u00e1s en el acercamiento entre los dos jefes de Estado, quienes hablaron por primera vez a finales de septiembre durante la Asamblea General de Naciones Unidas en Nueva York.<\/p>\n<p>Posteriormente, mantuvieron una primera conversaci\u00f3n telef\u00f3nica el 6 de octubre y se reunieron en persona el 26 del mismo mes en Malasia.<\/p>\n<p>Si bien Washington elimin\u00f3 la mayor\u00eda de los aranceles sobre los productos nacionales, Brasil a\u00fan busca la derogaci\u00f3n de los recargos restantes.<\/p>\n<p>El vicepresidente Geraldo Alckmin, quien lidera las negociaciones por la parte brasile\u00f1a, expres\u00f3 su inter\u00e9s en avanzar en la agenda.<\/p>\n<p>Trump declar\u00f3 el 22 de noviembre que la detenci\u00f3n del expresidente Jair Bolsonaro por intento de golpe de Estado era una verg\u00fcenza. Raz\u00f3n que esgrimi\u00f3 para los subir los tributos al gigante sudamericano.<\/p>\n<p>Por esta causa, Bolsonaro fue condenado a 27 a\u00f1os y tres meses de c\u00e1rcel y cumple la pena en la sede de la Superintendencia de la PF en esta capital.<\/p>\n<p>En respuesta, Lula afirm\u00f3 que el gobernante republicano necesita \u00absaber que somos un pa\u00eds soberano\u00bb.<\/p>\n<\/div>\n<\/div>\n<div class=\"elementor-element elementor-element-4f75016 elementor-widget elementor-widget-post-info\" data-id=\"4f75016\" data-element_type=\"widget\" data-widget_type=\"post-info.default\">\n<div class=\"elementor-widget-container\">\n<ul class=\"elementor-inline-items elementor-icon-list-items elementor-post-info\">\n<li class=\"elementor-icon-list-item elementor-repeater-item-17dda3e elementor-inline-item\"><em><span class=\"elementor-icon-list-text elementor-post-info__item elementor-post-info__item--type-custom\">#<a href=\"https:\/\/primermomento.com\/?p=457051\" rel=\"tag\">aranceles<\/a>\u00a0#<a href=\"https:\/\/primermomento.com\/?p=457051\" rel=\"tag\">brasil<\/a>\u00a0#<a href=\"https:\/\/primermomento.com\/?p=457051\" rel=\"tag\">crimenorganizado<\/a>\u00a0#<a href=\"https:\/\/primermomento.com\/?p=457051\" rel=\"tag\">lula<\/a>\u00a0#<a href=\"https:\/\/primermomento.com\/?p=457051\" rel=\"tag\">trump<\/a><\/span><\/em><\/li>\n<\/ul>\n<\/div>\n<\/div>\n","protected":false},"excerpt":{"rendered":"<p>Por Prensa Latina Brasilia, BRASIL.- El presidente brasile\u00f1o, Luiz In\u00e1cio Lula da Silva, convers\u00f3 hoy por tel\u00e9fono con su hom\u00f3logo estadounidense, Donald Trump, sobre los aranceles impuestos a las exportaciones nacionales y temas como el combate al crimen organizado. Al menos 40 minutos dur\u00f3 la llamada, seg\u00fan el Palacio de Planalto, sede del Poder Ejecutivo, [&hellip;]<\/p>\n","protected":false},"author":1,"featured_media":457052,"comment_status":"open","ping_status":"open","sticky":false,"template":"","format":"standard","meta":{"_bbp_topic_count":0,"_bbp_reply_count":0,"_bbp_total_topic_count":0,"_bbp_total_reply_count":0,"_bbp_voice_count":0,"_bbp_anonymous_reply_count":0,"_bbp_topic_count_hidden":0,"_bbp_reply_count_hidden":0,"_bbp_forum_subforum_count":0,"footnotes":""},"categories":[35],"tags":[],"class_list":{"0":"post-457051","1":"post","2":"type-post","3":"status-publish","4":"format-standard","5":"has-post-thumbnail","7":"category-economia"},"_links":{"self":[{"href":"https:\/\/primermomento.com\/index.php?rest_route=\/wp\/v2\/posts\/457051","targetHints":{"allow":["GET"]}}],"collection":[{"href":"https:\/\/primermomento.com\/index.php?rest_route=\/wp\/v2\/posts"}],"about":[{"href":"https:\/\/primermomento.com\/index.php?rest_route=\/wp\/v2\/types\/post"}],"author":[{"embeddable":true,"href":"https:\/\/primermomento.com\/index.php?rest_route=\/wp\/v2\/users\/1"}],"replies":[{"embeddable":true,"href":"https:\/\/primermomento.com\/index.php?rest_route=%2Fwp%2Fv2%2Fcomments&post=457051"}],"version-history":[{"count":1,"href":"https:\/\/primermomento.com\/index.php?rest_route=\/wp\/v2\/posts\/457051\/revisions"}],"predecessor-version":[{"id":457053,"href":"https:\/\/primermomento.com\/index.php?rest_route=\/wp\/v2\/posts\/457051\/revisions\/457053"}],"wp:featuredmedia":[{"embeddable":true,"href":"https:\/\/primermomento.com\/index.php?rest_route=\/wp\/v2\/media\/457052"}],"wp:attachment":[{"href":"https:\/\/primermomento.com\/index.php?rest_route=%2Fwp%2Fv2%2Fmedia&parent=457051"}],"wp:term":[{"taxonomy":"category","embeddable":true,"href":"https:\/\/primermomento.com\/index.php?rest_route=%2Fwp%2Fv2%2Fcategories&post=457051"},{"taxonomy":"post_tag","embeddable":true,"href":"https:\/\/primermomento.com\/index.php?rest_route=%2Fwp%2Fv2%2Ftags&post=457051"}],"curies":[{"name":"wp","href":"https:\/\/api.w.org\/{rel}","templated":true}]}}