{"id":457123,"date":"2025-12-03T06:00:24","date_gmt":"2025-12-03T11:00:24","guid":{"rendered":"https:\/\/primermomento.com\/?p=457123"},"modified":"2025-12-03T15:07:24","modified_gmt":"2025-12-03T20:07:24","slug":"el-bullying-una-amenaza-silenciosa-que-destruye-vidas","status":"publish","type":"post","link":"https:\/\/primermomento.com\/?p=457123","title":{"rendered":"El Bullying una amenaza silenciosa que destruye vidas"},"content":{"rendered":"<p><em><b><span lang=\"ES-DO\">Por <span style=\"color: #ff0000;\">Ram\u00f3nCeballo<\/span><\/span><\/b><\/em><\/p>\n<p><span lang=\"ES-DO\">La motivaci\u00f3n de escribir este art\u00edculo surge a ra\u00edz de la solicitud de varios medios de comunicaci\u00f3n de la Rep\u00fablica Dominicana que han requerido mi opini\u00f3n sobre un tema que, nuevamente, sacude la sensibilidad nacional.<\/span><\/p>\n<p><span lang=\"ES-DO\">En d\u00edas recientes han circulado rumores sobre la muerte por ahogamiento de una estudiante, y se presume que detr\u00e1s de este tr\u00e1gico hecho podr\u00eda haber existido alg\u00fan tipo de acoso por parte de compa\u00f1eros de clase.<\/span><\/p>\n<figure id=\"attachment_435960\" aria-describedby=\"caption-attachment-435960\" style=\"width: 268px\" class=\"wp-caption alignright\"><img loading=\"lazy\" decoding=\"async\" class=\"size-full wp-image-435960\" src=\"https:\/\/primermomento.com\/wp-content\/uploads\/2025\/02\/Ramon-Ceballo-ultima-1.jpg\" alt=\"\" width=\"268\" height=\"243\" \/><figcaption id=\"caption-attachment-435960\" class=\"wp-caption-text\">Ram\u00f3n Ceballo<br \/>Sic\u00f3logo<\/figcaption><\/figure>\n<p><span lang=\"ES-DO\">Ante la gravedad de estas versiones y la necesidad de aportar claridad y contexto a un fen\u00f3meno que afecta profundamente a nuestra juventud, me veo en la obligaci\u00f3n moral y profesional de ofrecer este an\u00e1lisis.<\/span><\/p>\n<p><span lang=\"ES-DO\">El bullying es una forma de violencia sistem\u00e1tica, repetida y deliberada contra una persona percibida como vulnerable. Se manifiesta en burlas, exclusi\u00f3n, amenazas, agresi\u00f3n f\u00edsica o verbal y, en la era digital, en el ciberacoso.<\/span><\/p>\n<p><span lang=\"ES-DO\">Lejos de ser \u201ccosas de muchachos\u201d, sus efectos son profundos y duraderos; trastornos de ansiedad, depresi\u00f3n, fracaso escolar, conductas autolesivas e, incluso, muertes asociadas a la conducta suicida o a circunstancias extremas derivadas del acoso.<\/span><\/p>\n<p><b><span lang=\"ES-DO\">La realidad dominicana obliga a actuar<\/span><\/b><\/p>\n<p><span lang=\"ES-DO\">Los estudios y diagn\u00f3sticos se\u00f1alan que el problema es grave en nuestro pa\u00eds. Informes nacionales y regionales muestran altos niveles de acoso escolar y exclusi\u00f3n entre estudiantes, cerca de cuatro de cada diez alumnos han declarado sentirse excluidos o marginados en el centro escolar, una cifra que exige atenci\u00f3n.<\/span><\/p>\n<p><span lang=\"ES-DO\">Adem\u00e1s, el an\u00e1lisis regional coloc\u00f3 a Rep\u00fablica Dominicana entre los pa\u00edses con mayor nivel de bullying en escolares de 12 a\u00f1os en la comparaci\u00f3n con otras naciones de la regi\u00f3n. Estos indicadores describen un panorama de vulnerabilidad emocional que tiene consecuencias tangibles en la salud mental juvenil.<\/span><\/p>\n<p><span lang=\"ES-DO\">En respuesta a esta situaci\u00f3n, el Senado aprob\u00f3 en junio de 2024 la incorporaci\u00f3n al C\u00f3digo de Ni\u00f1os, Ni\u00f1as y Adolescentes de una disposici\u00f3n que proh\u00edbe el acoso o intimidaci\u00f3n escolar (\u201cbullying\u201d) y que obliga a establecer protocolos de denuncia y protecci\u00f3n en los centros educativos.<\/span><\/p>\n<p><span lang=\"ES-DO\">\u00a0Esa decisi\u00f3n legislativa es un paso necesario, pero no suficiente si no se acompa\u00f1a de recursos, formaci\u00f3n y supervisi\u00f3n efectiva.<\/span><\/p>\n<p><b><span lang=\"ES-DO\">Un caso reciente que conmueve y exige respuestas<\/span><\/b><\/p>\n<p><span lang=\"ES-DO\">La semana pasada, la muerte por ahogamiento de una ni\u00f1a de 11 a\u00f1os durante una excursi\u00f3n escolar reabri\u00f3 este debate en voz alta, la familia de la menor denuncia que la v\u00edctima hab\u00eda sufrido acoso en la escuela, y reclama explicaciones sobre las circunstancias del hecho y el acceso a las pruebas audiovisuales del momento.<\/span><\/p>\n<p><span lang=\"ES-DO\">Casos como este, cuando se vinculan a presuntas situaciones de bullying, muestran c\u00f3mo la indiferencia institucional y la demora en investigar pueden transformarse en agravantes del da\u00f1o. Las autoridades deben investigar con rapidez, transparencia y garant\u00edas de protecci\u00f3n para la familia y los testigos.<\/span><\/p>\n<p><span lang=\"ES-DO\">Los datos nacionales sobre suicidio en adolescentes y j\u00f3venes revelan una realidad alarmante, en los \u00faltimos a\u00f1os la tasa de suicidios ha mostrado cifras que obligan a tomar medidas integrales de salud p\u00fablica.<\/span><\/p>\n<p><span lang=\"ES-DO\">La evidencia internacional y local vincula el acoso sostenido con ideaci\u00f3n suicida, autolesiones y empeoramiento de trastornos mentales en j\u00f3venes. Ignorar la relaci\u00f3n entre bullying y salud mental equivale a normalizar una cadena de da\u00f1os que puede terminar en p\u00e9rdida de vidas<\/span><\/p>\n<p><span lang=\"ES-DO\">El abordaje exige acciones simult\u00e1neas y sostenidas. Entre las medidas urgentes y pr\u00e1cticas que deben desplegarse se destacan:<\/span><\/p>\n<ol start=\"1\" type=\"1\">\n<li><span lang=\"ES-DO\">Protocolos obligatorios y vigentes en todas las escuelas (p\u00fablicas y privadas) para detecci\u00f3n, denuncia y protecci\u00f3n de v\u00edctimas.<\/span><\/li>\n<li><span lang=\"ES-DO\">Formaci\u00f3n permanente a docentes, directores y personal de apoyo para identificar se\u00f1ales de acoso y atender crisis emocionales.<\/span><\/li>\n<li><span lang=\"ES-DO\">Programas de intervenci\u00f3n psicosocial en los centros, equipos de orientaci\u00f3n escolar, psic\u00f3logos y trabajadores sociales accesibles para alumnos y familias.<\/span><\/li>\n<li><span lang=\"ES-DO\">Campa\u00f1as p\u00fablicas de sensibilizaci\u00f3n dirigidas a estudiantes, padres y comunidad educativa que deslegitimen la violencia como ocio o \u201cbromas\u201d.<\/span><\/li>\n<li><span lang=\"ES-DO\">Mecanismos de denuncia seguros y an\u00f3nimos, con seguimiento p\u00fablico y sanciones claras para agresores (restaurativas y, cuando proceda, sanciones legales).<\/span><\/li>\n<li><span lang=\"ES-DO\">Incorporaci\u00f3n del bullying en las agendas de salud mental, inversi\u00f3n en prevenci\u00f3n y tratamiento, l\u00edneas de ayuda y atenci\u00f3n 24\/7 para j\u00f3venes en crisis.<\/span><\/li>\n<li><span lang=\"ES-DO\">Supervisi\u00f3n y evaluaci\u00f3n de la aplicaci\u00f3n de la ley aprobada en 2024, fondos, indicadores y rendici\u00f3n de cuentas.<b><\/b><\/span><\/li>\n<\/ol>\n<p><span lang=\"ES-DO\">La respuesta es colectiva. Las familias deben mirar con atenci\u00f3n, sin culpar a la v\u00edctima, y buscar ayuda profesional ante se\u00f1ales de aislamiento, cambios de conducta o autolesiones. Las escuelas deben actuar como garantes del ambiente seguro.<\/span><\/p>\n<p><span lang=\"ES-DO\">Los medios y las redes deben evitar la estigmatizaci\u00f3n y exigir investigaciones responsables, la informaci\u00f3n puede proteger o revictimizar; elegir el camino responsable es una obligaci\u00f3n \u00e9tica.<\/span><\/p>\n<p><span lang=\"ES-DO\">El bullying no es una an\u00e9cdota ni una fase pasajera, es una falla del tejido social que fractura trayectorias vitales y deja marcas imposibles de borrar. Las recientes tragedias y las cifras nacionales obligan a una reacci\u00f3n decidida, leyes, presupuesto, formaci\u00f3n, atenci\u00f3n psicol\u00f3gica y, sobre todo, una cultura que no tolere la violencia.<\/span><\/p>\n<p><span lang=\"ES-DO\">No es suficiente aprobar normas, debemos implementarlas con rigor. Si seguimos esperando, corremos el riesgo de normalizar m\u00e1s p\u00e9rdidas.\u00a0<\/span>No podemos permitirlo.<\/p>\n","protected":false},"excerpt":{"rendered":"<p>Por Ram\u00f3nCeballo La motivaci\u00f3n de escribir este art\u00edculo surge a ra\u00edz de la solicitud de varios medios de comunicaci\u00f3n de la Rep\u00fablica Dominicana que han requerido mi opini\u00f3n sobre un tema que, nuevamente, sacude la sensibilidad nacional. En d\u00edas recientes han circulado rumores sobre la muerte por ahogamiento de una estudiante, y se presume que [&hellip;]<\/p>\n","protected":false},"author":1,"featured_media":457124,"comment_status":"open","ping_status":"open","sticky":false,"template":"","format":"standard","meta":{"_bbp_topic_count":0,"_bbp_reply_count":0,"_bbp_total_topic_count":0,"_bbp_total_reply_count":0,"_bbp_voice_count":0,"_bbp_anonymous_reply_count":0,"_bbp_topic_count_hidden":0,"_bbp_reply_count_hidden":0,"_bbp_forum_subforum_count":0,"footnotes":""},"categories":[33],"tags":[],"class_list":{"0":"post-457123","1":"post","2":"type-post","3":"status-publish","4":"format-standard","5":"has-post-thumbnail","7":"category-opinion"},"_links":{"self":[{"href":"https:\/\/primermomento.com\/index.php?rest_route=\/wp\/v2\/posts\/457123","targetHints":{"allow":["GET"]}}],"collection":[{"href":"https:\/\/primermomento.com\/index.php?rest_route=\/wp\/v2\/posts"}],"about":[{"href":"https:\/\/primermomento.com\/index.php?rest_route=\/wp\/v2\/types\/post"}],"author":[{"embeddable":true,"href":"https:\/\/primermomento.com\/index.php?rest_route=\/wp\/v2\/users\/1"}],"replies":[{"embeddable":true,"href":"https:\/\/primermomento.com\/index.php?rest_route=%2Fwp%2Fv2%2Fcomments&post=457123"}],"version-history":[{"count":1,"href":"https:\/\/primermomento.com\/index.php?rest_route=\/wp\/v2\/posts\/457123\/revisions"}],"predecessor-version":[{"id":457125,"href":"https:\/\/primermomento.com\/index.php?rest_route=\/wp\/v2\/posts\/457123\/revisions\/457125"}],"wp:featuredmedia":[{"embeddable":true,"href":"https:\/\/primermomento.com\/index.php?rest_route=\/wp\/v2\/media\/457124"}],"wp:attachment":[{"href":"https:\/\/primermomento.com\/index.php?rest_route=%2Fwp%2Fv2%2Fmedia&parent=457123"}],"wp:term":[{"taxonomy":"category","embeddable":true,"href":"https:\/\/primermomento.com\/index.php?rest_route=%2Fwp%2Fv2%2Fcategories&post=457123"},{"taxonomy":"post_tag","embeddable":true,"href":"https:\/\/primermomento.com\/index.php?rest_route=%2Fwp%2Fv2%2Ftags&post=457123"}],"curies":[{"name":"wp","href":"https:\/\/api.w.org\/{rel}","templated":true}]}}