{"id":457132,"date":"2025-12-03T06:02:57","date_gmt":"2025-12-03T11:02:57","guid":{"rendered":"https:\/\/primermomento.com\/?p=457132"},"modified":"2025-12-03T17:38:08","modified_gmt":"2025-12-03T22:38:08","slug":"con-que-fuerza-se-casa-un-guardia","status":"publish","type":"post","link":"https:\/\/primermomento.com\/?p=457132","title":{"rendered":"\u00a1Con qu\u00e9 fuerza se casa un guardia!"},"content":{"rendered":"<p><em><strong>Por<span style=\"color: #ff0000;\"> Rosario Espinal<\/span><\/strong><\/em><\/p>\n<p>La expresi\u00f3n proviene de la \u00e9poca en que\u00a0un guardia raso ganaba poco dinero\u00a0(y no hab\u00eda sobornos) para sostener una familia. En esta ocasi\u00f3n la uso para referirme a algo muy distinto: la soberan\u00eda nacional y la relaci\u00f3n entre pa\u00edses con poder muy dis\u00edmil.<\/p>\n<p>El tema surge por la\u00a0visita del secretario de Guerra de los Estados Unidos\u00a0a la Rep\u00fablica Dominicana para la firma de un acuerdo de uso estrat\u00e9gico-militar de dos aeropuertos dominicanos.<\/p>\n<figure id=\"attachment_308326\" aria-describedby=\"caption-attachment-308326\" style=\"width: 145px\" class=\"wp-caption alignleft\"><img loading=\"lazy\" decoding=\"async\" class=\"size-full wp-image-308326\" src=\"https:\/\/primermomento.com\/wp-content\/uploads\/2018\/08\/rosario-espinal1.jpg\" alt=\"\" width=\"145\" height=\"145\" srcset=\"https:\/\/primermomento.com\/wp-content\/uploads\/2018\/08\/rosario-espinal1.jpg 145w, https:\/\/primermomento.com\/wp-content\/uploads\/2018\/08\/rosario-espinal1-50x50.jpg 50w, https:\/\/primermomento.com\/wp-content\/uploads\/2018\/08\/rosario-espinal1-118x118.jpg 118w, https:\/\/primermomento.com\/wp-content\/uploads\/2018\/08\/rosario-espinal1-30x30.jpg 30w\" sizes=\"auto, (max-width: 145px) 100vw, 145px\" \/><figcaption id=\"caption-attachment-308326\" class=\"wp-caption-text\">Rosario Espinal<br \/>Polit\u00f3loga<\/figcaption><\/figure>\n<p>Eso ha generado una discusi\u00f3n interna sobre la soberan\u00eda de la Rep\u00fablica Dominicana y la constitucionalidad o no de la decisi\u00f3n del\u00a0presidente Luis Abinader\u00a0de firmar el acuerdo sin pasar por el Congreso ni por el Tribunal Constitucional.<\/p>\n<p>Me centro aqu\u00ed en el tema de\u00a0la soberan\u00eda. Lo primero es decir que la soberan\u00eda es siempre relativa, incluso para un pa\u00eds poderoso. Lo segundo es que el margen de soberan\u00eda para un pa\u00eds como la Rep\u00fablica Dominicana depende del \u00edmpetu de imposici\u00f3n del m\u00e1s fuerte y de la determinaci\u00f3n a resistirla del m\u00e1s d\u00e9bil.<\/p>\n<section id=\"newsletter\">\n<header class=\"newsletter__header\"><\/header>\n<\/section>\n<p>La Rep\u00fablica Dominicana tiene una\u00a0alta dependencia econ\u00f3mica de Estados Unidos. La mayor\u00eda de las exportaciones dominicanas van hacia all\u00e1, la mayor\u00eda de los turistas vienen de all\u00e1, la mayor\u00eda de los migrantes dominicanos viven all\u00e1 y la mayor\u00eda de las remesas provienen de all\u00e1.<\/p>\n<p>Si la pol\u00edtica exterior del pa\u00eds con mayor poder se basa en el uso del poder blando,\u00a0la dependencia del pa\u00eds con menor poder se disimula y la sensaci\u00f3n de soberan\u00eda se afianza. Por el contrario, si la pol\u00edtica exterior del pa\u00eds con mayor poder es agresiva, como ocurre ahora, los m\u00e1rgenes de soberan\u00eda del pa\u00eds con menor poder tienden a achicarse. El acuerdo sobre el uso de los dos aeropuertos es expresi\u00f3n de eso.<\/p>\n<p>Para el presidente Abinader, que lleva varios a\u00f1os promoviendo un\u00a0discurso soberanista en foros internacionales\u00a0con el tema haitiano, un achicamiento de la soberan\u00eda dominicana por pedidos de los Estados Unidos llevar\u00eda a inconsistencias.<\/p>\n<p>Ha predicado por doquier que nadie puede imponerle a la Rep\u00fablica Dominicana su pol\u00edtica hacia Hait\u00ed y hacia los inmigrantes haitianos en territorio dominicano (a quienes supuestamente est\u00e1 deportando o va a deportar). Entonces, \u00bfqu\u00e9 permitir\u00eda Abinader que imponga Estados Unidos a la Rep\u00fablica Dominicana?<\/p>\n<p>Vivimos en una \u00e9poca de neoimperialismo. Las grandes potencias del mundo\u00a0luchan entre s\u00ed por la hegemon\u00eda del siglo XXI, y de paso quedan involucrados muchos otros pa\u00edses, como aliados o enemigos.<\/p>\n<p>En este llamado patio trasero,\u00a0el Gobierno de Estados Unidos busca ahora reafirmar y agregar aliados. La Rep\u00fablica Dominicana es una aliada que podr\u00eda estar sometida a reafirmar su lealtad.<\/p>\n<p>Quiz\u00e1s algunos asumen que se producir\u00e1 un gran movimiento en defensa de la soberan\u00eda nacional. Lo dudo. Ni el Gobierno dominicano ni la mayor\u00eda de la sociedad dominicana (aunque se quejen en privado) enfrentar\u00e1n con determinaci\u00f3n el Gobierno del pa\u00eds del que tienen tanta dependencia econ\u00f3mica. Por eso\u00a0Abinader firm\u00f3 el acuerdo y lo justific\u00f3\u00a0con la ret\u00f3rica del combate al narcotr\u00e1fico.<\/p>\n","protected":false},"excerpt":{"rendered":"<p>Por Rosario Espinal La expresi\u00f3n proviene de la \u00e9poca en que\u00a0un guardia raso ganaba poco dinero\u00a0(y no hab\u00eda sobornos) para sostener una familia. En esta ocasi\u00f3n la uso para referirme a algo muy distinto: la soberan\u00eda nacional y la relaci\u00f3n entre pa\u00edses con poder muy dis\u00edmil. El tema surge por la\u00a0visita del secretario de Guerra [&hellip;]<\/p>\n","protected":false},"author":1,"featured_media":456694,"comment_status":"open","ping_status":"open","sticky":false,"template":"","format":"standard","meta":{"_bbp_topic_count":0,"_bbp_reply_count":0,"_bbp_total_topic_count":0,"_bbp_total_reply_count":0,"_bbp_voice_count":0,"_bbp_anonymous_reply_count":0,"_bbp_topic_count_hidden":0,"_bbp_reply_count_hidden":0,"_bbp_forum_subforum_count":0,"footnotes":""},"categories":[33],"tags":[],"class_list":{"0":"post-457132","1":"post","2":"type-post","3":"status-publish","4":"format-standard","5":"has-post-thumbnail","7":"category-opinion"},"_links":{"self":[{"href":"https:\/\/primermomento.com\/index.php?rest_route=\/wp\/v2\/posts\/457132","targetHints":{"allow":["GET"]}}],"collection":[{"href":"https:\/\/primermomento.com\/index.php?rest_route=\/wp\/v2\/posts"}],"about":[{"href":"https:\/\/primermomento.com\/index.php?rest_route=\/wp\/v2\/types\/post"}],"author":[{"embeddable":true,"href":"https:\/\/primermomento.com\/index.php?rest_route=\/wp\/v2\/users\/1"}],"replies":[{"embeddable":true,"href":"https:\/\/primermomento.com\/index.php?rest_route=%2Fwp%2Fv2%2Fcomments&post=457132"}],"version-history":[{"count":1,"href":"https:\/\/primermomento.com\/index.php?rest_route=\/wp\/v2\/posts\/457132\/revisions"}],"predecessor-version":[{"id":457133,"href":"https:\/\/primermomento.com\/index.php?rest_route=\/wp\/v2\/posts\/457132\/revisions\/457133"}],"wp:featuredmedia":[{"embeddable":true,"href":"https:\/\/primermomento.com\/index.php?rest_route=\/wp\/v2\/media\/456694"}],"wp:attachment":[{"href":"https:\/\/primermomento.com\/index.php?rest_route=%2Fwp%2Fv2%2Fmedia&parent=457132"}],"wp:term":[{"taxonomy":"category","embeddable":true,"href":"https:\/\/primermomento.com\/index.php?rest_route=%2Fwp%2Fv2%2Fcategories&post=457132"},{"taxonomy":"post_tag","embeddable":true,"href":"https:\/\/primermomento.com\/index.php?rest_route=%2Fwp%2Fv2%2Ftags&post=457132"}],"curies":[{"name":"wp","href":"https:\/\/api.w.org\/{rel}","templated":true}]}}