{"id":457196,"date":"2025-12-04T07:15:31","date_gmt":"2025-12-04T12:15:31","guid":{"rendered":"https:\/\/primermomento.com\/?p=457196"},"modified":"2025-12-04T15:20:40","modified_gmt":"2025-12-04T20:20:40","slug":"presidenta-de-mexico-abordara-temas-comerciales-en-reunion-con-trump","status":"publish","type":"post","link":"https:\/\/primermomento.com\/?p=457196","title":{"rendered":"Presidenta de M\u00e9xico abordar\u00e1 temas comerciales en reuni\u00f3n con Trump"},"content":{"rendered":"<p><em><strong>Por <span style=\"color: #ff0000;\">Prensa Latina<\/span><\/strong><\/em><\/p>\n<p>Ciudad de M\u00e9xico, M\u00c9XICO.- La presidenta de M\u00e9xico, Claudia Sheinbaum, afirm\u00f3 hoy que abordar\u00e1 ma\u00f1ana temas comerciales con su hom\u00f3logo de Estados Unidos, Donald Trump, durante una reuni\u00f3n en Washington y reiter\u00f3 la relevancia del tratado comercial de Norteam\u00e9rica.<\/p>\n<div class=\"elementor-element elementor-element-0aea3a0 elementor-widget elementor-widget-theme-post-content\" data-id=\"0aea3a0\" data-element_type=\"widget\" data-widget_type=\"theme-post-content.default\">\n<div class=\"elementor-widget-container\">\n<p>Aunque consider\u00f3 que su pa\u00eds mantiene una de las mejores posiciones frente al resto del mundo con respecto a los aranceles aplicados por la naci\u00f3n norte\u00f1a en el nivel global, la mandataria refiri\u00f3 que su gobierno busca seguir trabajando en autom\u00f3viles, acero y aluminio, sobre los cuales pesan tarifas.<\/p>\n<p>\u201cYa culminamos con el tema de la revisi\u00f3n de 54 barreras no arancelarias que se le pusieron. Eso ya termin\u00f3 y tenemos que seguir avanzando. La idea es platicar un poco de esto con el presidente Trump. Va a ser una reuni\u00f3n muy breve, pero el objetivo es ver c\u00f3mo seguimos trabajando juntos\u201d, dijo.<\/p>\n<p>Por otra parte, mencion\u00f3 que el sorteo del Mundial de F\u00fatbol, que se celebrar\u00e1 este viernes en Washington, resulta un buen momento para que est\u00e9n juntos los mandatarios de las tres naciones, integrantes del tratado comercial de Norteam\u00e9rica (T-MEC).<\/p>\n<p>\u201cEl T-MEC es muy importante para los tres pa\u00edses y adem\u00e1s es la garant\u00eda de la competitividad de esta regi\u00f3n del mundo frente al mundo entero\u201d, subray\u00f3 la dignataria, quien expuso su objetivo de ampliarlo hacia el sur del continente, de modo que la regi\u00f3n compita con otras del orbe.<\/p>\n<p>A su juicio, la fortaleza econ\u00f3mica de Am\u00e9rica del Norte resulta muy importante en estos momentos.<\/p>\n<p>\u201cEs lo que me mueve a ir: estar los tres pa\u00edses juntos en un escenario deportivo, de paz, de uni\u00f3n y al mismo tiempo tener la oportunidad de conocer en persona al presidente Trump y poder acordar hacia d\u00f3nde continua el proceso de acuerdos relacionados con el comercio\u201d, recalc\u00f3.<\/p>\n<p>En su opini\u00f3n, la integraci\u00f3n econ\u00f3mica del \u00e1rea es enorme y, particularmente, la de M\u00e9xico y Estados Unidos.<\/p>\n<p>\u201cSeparar esa integraci\u00f3n le causa muchos problemas a Estados Unidos y tambi\u00e9n a M\u00e9xico. Entonces, mantenernos juntos es muy importante para la regi\u00f3n, nuestros pueblos y nuestras naciones\u201d, enfatiz\u00f3 la jefe de Estado, luego de comentarios de Trump sobre dejar expirar el acuerdo. arc\/las<\/p>\n<\/div>\n<\/div>\n<div class=\"elementor-element elementor-element-4f75016 elementor-widget elementor-widget-post-info\" data-id=\"4f75016\" data-element_type=\"widget\" data-widget_type=\"post-info.default\">\n<div class=\"elementor-widget-container\">\n<ul class=\"elementor-inline-items elementor-icon-list-items elementor-post-info\">\n<li class=\"elementor-icon-list-item elementor-repeater-item-17dda3e elementor-inline-item\"><em><span class=\"elementor-icon-list-text elementor-post-info__item elementor-post-info__item--type-custom\">#<a href=\"https:\/\/primermomento.com\/?p=457196\" rel=\"tag\">eeuu<\/a>\u00a0#<a href=\"https:\/\/primermomento.com\/?p=457196\" rel=\"tag\">M\u00e9xico<\/a>\u00a0#<a href=\"https:\/\/primermomento.com\/?p=457196\" rel=\"tag\">sheinbaum<\/a>\u00a0#<a href=\"https:\/\/primermomento.com\/?p=457196\" rel=\"tag\">sorteo<\/a>\u00a0#<a href=\"https:\/\/primermomento.com\/?p=457196\" rel=\"tag\">tmec<\/a>\u00a0#<a href=\"https:\/\/primermomento.com\/?p=457196\" rel=\"tag\">trump<\/a><\/span><\/em><\/li>\n<\/ul>\n<\/div>\n<\/div>\n","protected":false},"excerpt":{"rendered":"<p>Por Prensa Latina Ciudad de M\u00e9xico, M\u00c9XICO.- La presidenta de M\u00e9xico, Claudia Sheinbaum, afirm\u00f3 hoy que abordar\u00e1 ma\u00f1ana temas comerciales con su hom\u00f3logo de Estados Unidos, Donald Trump, durante una reuni\u00f3n en Washington y reiter\u00f3 la relevancia del tratado comercial de Norteam\u00e9rica. Aunque consider\u00f3 que su pa\u00eds mantiene una de las mejores posiciones frente al [&hellip;]<\/p>\n","protected":false},"author":1,"featured_media":457197,"comment_status":"open","ping_status":"open","sticky":false,"template":"","format":"standard","meta":{"_bbp_topic_count":0,"_bbp_reply_count":0,"_bbp_total_topic_count":0,"_bbp_total_reply_count":0,"_bbp_voice_count":0,"_bbp_anonymous_reply_count":0,"_bbp_topic_count_hidden":0,"_bbp_reply_count_hidden":0,"_bbp_forum_subforum_count":0,"footnotes":""},"categories":[35],"tags":[],"class_list":{"0":"post-457196","1":"post","2":"type-post","3":"status-publish","4":"format-standard","5":"has-post-thumbnail","7":"category-economia"},"_links":{"self":[{"href":"https:\/\/primermomento.com\/index.php?rest_route=\/wp\/v2\/posts\/457196","targetHints":{"allow":["GET"]}}],"collection":[{"href":"https:\/\/primermomento.com\/index.php?rest_route=\/wp\/v2\/posts"}],"about":[{"href":"https:\/\/primermomento.com\/index.php?rest_route=\/wp\/v2\/types\/post"}],"author":[{"embeddable":true,"href":"https:\/\/primermomento.com\/index.php?rest_route=\/wp\/v2\/users\/1"}],"replies":[{"embeddable":true,"href":"https:\/\/primermomento.com\/index.php?rest_route=%2Fwp%2Fv2%2Fcomments&post=457196"}],"version-history":[{"count":1,"href":"https:\/\/primermomento.com\/index.php?rest_route=\/wp\/v2\/posts\/457196\/revisions"}],"predecessor-version":[{"id":457198,"href":"https:\/\/primermomento.com\/index.php?rest_route=\/wp\/v2\/posts\/457196\/revisions\/457198"}],"wp:featuredmedia":[{"embeddable":true,"href":"https:\/\/primermomento.com\/index.php?rest_route=\/wp\/v2\/media\/457197"}],"wp:attachment":[{"href":"https:\/\/primermomento.com\/index.php?rest_route=%2Fwp%2Fv2%2Fmedia&parent=457196"}],"wp:term":[{"taxonomy":"category","embeddable":true,"href":"https:\/\/primermomento.com\/index.php?rest_route=%2Fwp%2Fv2%2Fcategories&post=457196"},{"taxonomy":"post_tag","embeddable":true,"href":"https:\/\/primermomento.com\/index.php?rest_route=%2Fwp%2Fv2%2Ftags&post=457196"}],"curies":[{"name":"wp","href":"https:\/\/api.w.org\/{rel}","templated":true}]}}