{"id":457313,"date":"2025-12-07T07:00:19","date_gmt":"2025-12-07T12:00:19","guid":{"rendered":"https:\/\/primermomento.com\/?p=457313"},"modified":"2025-12-07T15:36:07","modified_gmt":"2025-12-07T20:36:07","slug":"las-causas-generadoras-del-suicidio-comprender-el-silencio-del-dolor","status":"publish","type":"post","link":"https:\/\/primermomento.com\/?p=457313","title":{"rendered":"Las causas generadoras del suicidio: comprender el silencio del dolor"},"content":{"rendered":"<p><strong><em><span lang=\"ES-DO\">Por <span style=\"color: #ff0000;\">Ram\u00f3n Ceballo<\/span><\/span><\/em><\/strong><\/p>\n<p><span lang=\"ES-DO\">El suicidio contin\u00faa siendo una de las principales causas de muerte a nivel mundial. La Organizaci\u00f3n Mundial de la Salud (OMS) estima que cada a\u00f1o m\u00e1s de\u00a0700 mil personas\u00a0se quitan la vida, lo que equivale a\u00a0una muerte cada 40 segundos. Detr\u00e1s de esas cifras fr\u00edas hay historias de desesperanza, sufrimiento y soledad que, en muchos casos, pudieron haberse evitado con atenci\u00f3n oportuna.<\/span><\/p>\n<figure id=\"attachment_435960\" aria-describedby=\"caption-attachment-435960\" style=\"width: 268px\" class=\"wp-caption alignright\"><img loading=\"lazy\" decoding=\"async\" class=\"size-full wp-image-435960\" src=\"https:\/\/primermomento.com\/wp-content\/uploads\/2025\/02\/Ramon-Ceballo-ultima-1.jpg\" alt=\"\" width=\"268\" height=\"243\" \/><figcaption id=\"caption-attachment-435960\" class=\"wp-caption-text\">Ram\u00f3n Ceballo<br \/>Sic\u00f3logo<\/figcaption><\/figure>\n<p><span lang=\"ES-DO\">El suicidio no tiene una causa \u00fanica. Es el resultado de una\u00a0interacci\u00f3n compleja entre factores psicol\u00f3gicos, biol\u00f3gicos, sociales y existenciales. Comprender sus or\u00edgenes permite no solo prevenirlo, sino tambi\u00e9n romper el silencio y el estigma que a\u00fan lo rodean.<b><\/b><\/span><\/p>\n<p><span lang=\"ES-DO\">Entre los principales desencadenantes se encuentran los\u00a0trastornos mentales, especialmente la\u00a0depresi\u00f3n mayor, responsable de m\u00e1s del 60% de los suicidios consumados.<\/span><\/p>\n<p><span lang=\"ES-DO\">A ella se suman los trastornos de ansiedad, bipolaridad y personalidad l\u00edmite, que suelen acompa\u00f1arse de sentimientos de desesperanza, inutilidad o vac\u00edo existencial.<\/span><\/p>\n<p><span lang=\"ES-DO\">Las\u00a0p\u00e9rdidas afectivas o econ\u00f3micas, las rupturas de pareja o la muerte de un ser querido pueden detonar crisis profundas, sobre todo cuando la persona carece de redes de apoyo.<\/span><\/p>\n<p><i><span lang=\"ES-DO\">\u201cEl suicidio no es un deseo de morir, sino un deseo desesperado de dejar de sufrir.\u201d<\/span><\/i><span lang=\"ES-DO\"><br \/>\n\u2014\u00a0<i>E. Shneidman, psic\u00f3logo estadounidense especializado en conducta suicida.<\/i><\/span><\/p>\n<p><span lang=\"ES-DO\">La falta de v\u00ednculos emocionales s\u00f3lidos es uno de los factores m\u00e1s comunes. El\u00a0aislamiento, el\u00a0rechazo social\u00a0y la\u00a0soledad prolongada\u00a0deterioran la autoestima y el sentido de pertenencia.<\/span><\/p>\n<p><span lang=\"ES-DO\">El acoso escolar o laboral y la violencia intrafamiliar, especialmente cuando comienzan en la infancia, dejan huellas que pueden convertirse en detonantes de autodestrucci\u00f3n en la adultez.<\/span><\/p>\n<p><span lang=\"ES-DO\">La ciencia ha demostrado que los\u00a0niveles bajos de serotonina\u00a0aumentan la impulsividad y el riesgo de suicidio.<\/span><\/p>\n<p><span lang=\"ES-DO\">La herencia gen\u00e9tica, junto a enfermedades cr\u00f3nicas o dolorosas, tambi\u00e9n contribuyen a la desesperanza. No se trata solo de un problema emocional: el cuerpo y el cerebro participan activamente en ese estado de sufrimiento.<\/span><\/p>\n<p><span lang=\"ES-DO\">En Am\u00e9rica Latina y el Caribe, la\u00a0pobreza, el desempleo, las deudas y la exclusi\u00f3n social\u00a0son factores determinantes.<\/span><\/p>\n<p><span lang=\"ES-DO\">La falta de acceso a servicios de salud mental agrava el problema, dejando a miles de personas sin atenci\u00f3n ni orientaci\u00f3n.<\/span><\/p>\n<p><span lang=\"ES-DO\">Tambi\u00e9n influyen el estigma, la discriminaci\u00f3n y la sensaci\u00f3n de no pertenecer a una sociedad que prioriza el \u00e9xito y margina la fragilidad.<\/span><\/p>\n<p><span lang=\"ES-DO\">Muchos suicidios ocurren despu\u00e9s de un hecho concreto y doloroso: una p\u00e9rdida, un despido, un proceso judicial o una humillaci\u00f3n p\u00fablica.<\/span><\/p>\n<p><span lang=\"ES-DO\">El consumo de alcohol o drogas y el acceso f\u00e1cil a medios letales (armas, pesticidas, medicamentos) aumentan el riesgo.<\/span><\/p>\n<p><span lang=\"ES-DO\">Adem\u00e1s, la exposici\u00f3n medi\u00e1tica a casos de suicidio puede provocar el llamado\u00a0<i>efecto Werther<\/i>, un fen\u00f3meno de imitaci\u00f3n, especialmente en j\u00f3venes.<\/span><\/p>\n<div><span lang=\"ES-DO\">Estudios internacionales han revelado un patr\u00f3n temporal claro: los\u00a0lunes\u00a0son los d\u00edas con m\u00e1s suicidios registrados, seguidos del\u00a0martes.<\/span><\/div>\n<div><span lang=\"ES-DO\">\u00a0<\/span><\/div>\n<p><span lang=\"ES-DO\">El inicio de la semana implica\u00a0retomar responsabilidades, enfrentar el estr\u00e9s laboral o escolar, y el contraste entre el descanso del fin de semana y la rutina.<\/span><\/p>\n<p><span lang=\"ES-DO\">En cambio, los s\u00e1bados y domingos suelen mostrar menor incidencia, probablemente por la interacci\u00f3n social y la sensaci\u00f3n de libertad.<\/span><\/p>\n<p><span lang=\"ES-DO\">Este dato debe servir de alerta: los\u00a0primeros d\u00edas de la semana\u00a0podr\u00edan ser clave para detectar se\u00f1ales de riesgo y reforzar la atenci\u00f3n emocional en espacios laborales y educativos.<\/span><\/p>\n<p><span lang=\"ES-DO\">M\u00e1s all\u00e1 de los diagn\u00f3sticos cl\u00ednicos, muchos suicidios se vinculan con la\u00a0p\u00e9rdida de prop\u00f3sito o sentido vital.<\/span><\/p>\n<p><span lang=\"ES-DO\">Cuando la persona siente que su vida carece de significado, cada esfuerzo parece in\u00fatil. Recuperar ese sentido requiere acompa\u00f1amiento, escucha y reconstrucci\u00f3n de v\u00ednculos.<\/span><\/p>\n<p><span lang=\"ES-DO\">El suicidio no es una decisi\u00f3n libre, sino la expresi\u00f3n de un\u00a0dolor insoportable\u00a0que la persona no logra comunicar.<\/span><\/p>\n<p><span lang=\"ES-DO\">Prevenirlo implica empat\u00eda, di\u00e1logo y pol\u00edticas p\u00fablicas que garanticen atenci\u00f3n integral en salud mental.<\/span><\/p>\n<p><span lang=\"ES-DO\">Cada vida salvada es un triunfo del acompa\u00f1amiento humano sobre el silencio.<\/span><\/p>\n","protected":false},"excerpt":{"rendered":"<p>Por Ram\u00f3n Ceballo El suicidio contin\u00faa siendo una de las principales causas de muerte a nivel mundial. La Organizaci\u00f3n Mundial de la Salud (OMS) estima que cada a\u00f1o m\u00e1s de\u00a0700 mil personas\u00a0se quitan la vida, lo que equivale a\u00a0una muerte cada 40 segundos. Detr\u00e1s de esas cifras fr\u00edas hay historias de desesperanza, sufrimiento y soledad [&hellip;]<\/p>\n","protected":false},"author":1,"featured_media":389978,"comment_status":"open","ping_status":"open","sticky":false,"template":"","format":"standard","meta":{"_bbp_topic_count":0,"_bbp_reply_count":0,"_bbp_total_topic_count":0,"_bbp_total_reply_count":0,"_bbp_voice_count":0,"_bbp_anonymous_reply_count":0,"_bbp_topic_count_hidden":0,"_bbp_reply_count_hidden":0,"_bbp_forum_subforum_count":0,"footnotes":""},"categories":[33],"tags":[],"class_list":{"0":"post-457313","1":"post","2":"type-post","3":"status-publish","4":"format-standard","5":"has-post-thumbnail","7":"category-opinion"},"_links":{"self":[{"href":"https:\/\/primermomento.com\/index.php?rest_route=\/wp\/v2\/posts\/457313","targetHints":{"allow":["GET"]}}],"collection":[{"href":"https:\/\/primermomento.com\/index.php?rest_route=\/wp\/v2\/posts"}],"about":[{"href":"https:\/\/primermomento.com\/index.php?rest_route=\/wp\/v2\/types\/post"}],"author":[{"embeddable":true,"href":"https:\/\/primermomento.com\/index.php?rest_route=\/wp\/v2\/users\/1"}],"replies":[{"embeddable":true,"href":"https:\/\/primermomento.com\/index.php?rest_route=%2Fwp%2Fv2%2Fcomments&post=457313"}],"version-history":[{"count":1,"href":"https:\/\/primermomento.com\/index.php?rest_route=\/wp\/v2\/posts\/457313\/revisions"}],"predecessor-version":[{"id":457314,"href":"https:\/\/primermomento.com\/index.php?rest_route=\/wp\/v2\/posts\/457313\/revisions\/457314"}],"wp:featuredmedia":[{"embeddable":true,"href":"https:\/\/primermomento.com\/index.php?rest_route=\/wp\/v2\/media\/389978"}],"wp:attachment":[{"href":"https:\/\/primermomento.com\/index.php?rest_route=%2Fwp%2Fv2%2Fmedia&parent=457313"}],"wp:term":[{"taxonomy":"category","embeddable":true,"href":"https:\/\/primermomento.com\/index.php?rest_route=%2Fwp%2Fv2%2Fcategories&post=457313"},{"taxonomy":"post_tag","embeddable":true,"href":"https:\/\/primermomento.com\/index.php?rest_route=%2Fwp%2Fv2%2Ftags&post=457313"}],"curies":[{"name":"wp","href":"https:\/\/api.w.org\/{rel}","templated":true}]}}