{"id":457480,"date":"2025-12-10T09:24:38","date_gmt":"2025-12-10T14:24:38","guid":{"rendered":"https:\/\/primermomento.com\/?p=457480"},"modified":"2025-12-10T16:49:57","modified_gmt":"2025-12-10T21:49:57","slug":"aumentan-precios-de-los-alimentos-y-transporte-en-dominicana","status":"publish","type":"post","link":"https:\/\/primermomento.com\/?p=457480","title":{"rendered":"Aumentan precios de los alimentos y transporte en Dominicana"},"content":{"rendered":"<p><strong><em>Por <span style=\"color: #ff0000;\">Prensa Latina<\/span><\/em><\/strong><\/p>\n<p>SANTO DOMINGO, Rep\u00fablica Dominicana.- El Banco Central de la Rep\u00fablica Dominicana (BCRD) inform\u00f3 hoy que el \u00edndice de precios al consumidor (IPC) registr\u00f3 una variaci\u00f3n mensual de 0.71 por ciento en noviembre, principalmente por el aumento de los alimentos.<\/p>\n<div class=\"elementor-element elementor-element-0aea3a0 elementor-widget elementor-widget-theme-post-content\" data-id=\"0aea3a0\" data-element_type=\"widget\" data-widget_type=\"theme-post-content.default\">\n<div class=\"elementor-widget-container\">\n<p>En ese sentido mencion\u00f3 el alza en los costos de los pl\u00e1tanos en sus distintas variedades y otros productos del agro como aj\u00edes, papas, tomates y cebollas.<\/p>\n<p>Record\u00f3 que estas plantaciones fueron afectadas por las intensas lluvias de octubre, incluyendo las asociadas a la tormenta Melissa, que limitaron las operaciones comerciales y productivas en gran parte del pa\u00eds.<\/p>\n<p>Al incluir el comportamiento del IPC de noviembre, la inflaci\u00f3n interanual \u2014medida de noviembre de 2024 a noviembre de 2025\u2014 se ubic\u00f3 en 4.81 por ciento, manteni\u00e9ndose dentro del rango meta de 4.0 por ciento \u00b1 1.0 por ciento por 31 meses consecutivos.<\/p>\n<p>En cuanto a la inflaci\u00f3n subyacente, el registro mensual fue de 0.28 por ciento, menor que el aumento del IPC general.<\/p>\n<p>Esto responde a disminuciones en los servicios de telefon\u00eda y paquetes combinados de telecomunicaciones, adem\u00e1s de las ofertas aplicadas durante el mes a electrodom\u00e9sticos como neveras, televisores y lavadoras.<\/p>\n<p>La inflaci\u00f3n subyacente interanual se situ\u00f3 en 4.74 por ciento, tambi\u00e9n dentro del objetivo del Banco Central.<\/p>\n<p>El BCRD destac\u00f3 que este indicador permite obtener se\u00f1ales m\u00e1s claras para la pol\u00edtica monetaria, ya que excluye bienes de consumo vol\u00e1tiles como alimentos con alta variabilidad de precios, combustibles y servicios regulados, as\u00ed como bebidas alcoh\u00f3licas y tabaco.<\/p>\n<p>La instituci\u00f3n apunt\u00f3 que los grupos de mayor incidencia en la variaci\u00f3n del IPC fueron Alimentos y Bebidas No Alcoh\u00f3licas, Transporte, Bienes y Servicios Diversos, Restaurantes y Hoteles, y Salud.<\/p>\n<p>En sentido contrario, Comunicaciones, Prendas de Vestir y Calzado, y Muebles y Art\u00edculos para el Hogar contribuyeron a atenuar la inflaci\u00f3n del mes.<\/p>\n<p>El grupo Alimentos y Bebidas No Alcoh\u00f3licas present\u00f3 una inflaci\u00f3n de 1.96 por ciento, mientras la variaci\u00f3n de 0.76 por ciento en el grupo Transporte respondi\u00f3 a aumentos en las tarifas del pasaje a\u00e9reo, un comportamiento t\u00edpico de esta \u00e9poca del a\u00f1o.<\/p>\n<p>Tambi\u00e9n se registraron subidas en autom\u00f3viles y algunos servicios de transporte terrestre.<\/p>\n<p>Bienes y Servicios Diversos mostr\u00f3 una variaci\u00f3n de 0.55 por ciento, debido al alza en servicios de cuidado personal, especialmente lavado, peinado y corte de pelo.<\/p>\n<p>En contraste, Comunicaciones present\u00f3 una baja de -1.48 por ciento por reducciones en telefon\u00eda celular y servicios combinados de telecomunicaciones, en especial los vinculados a transmisi\u00f3n de datos en l\u00ednea.<\/p>\n<p>El grupo Restaurantes y Hoteles mostr\u00f3 un cambio de 0.52 por ciento, atribuido a los incrementos en precios de comidas fuera del hogar, en tanto Salud reflej\u00f3 una inflaci\u00f3n de 0.40 por ciento, impulsada por el ascenso en medicamentos antihipertensivos.<\/p>\n<\/div>\n<\/div>\n<div class=\"elementor-element elementor-element-4f75016 elementor-widget elementor-widget-post-info\" data-id=\"4f75016\" data-element_type=\"widget\" data-widget_type=\"post-info.default\">\n<div class=\"elementor-widget-container\">\n<ul class=\"elementor-inline-items elementor-icon-list-items elementor-post-info\">\n<li class=\"elementor-icon-list-item elementor-repeater-item-17dda3e elementor-inline-item\"><em><span class=\"elementor-icon-list-text elementor-post-info__item elementor-post-info__item--type-custom\">#<a href=\"https:\/\/primermomento.com\/?p=457480\" rel=\"tag\">alimentos<\/a>\u00a0#<a href=\"https:\/\/primermomento.com\/?p=457480\" rel=\"tag\">transporte<\/a><\/span><\/em><\/li>\n<\/ul>\n<\/div>\n<\/div>\n","protected":false},"excerpt":{"rendered":"<p>Por Prensa Latina SANTO DOMINGO, Rep\u00fablica Dominicana.- El Banco Central de la Rep\u00fablica Dominicana (BCRD) inform\u00f3 hoy que el \u00edndice de precios al consumidor (IPC) registr\u00f3 una variaci\u00f3n mensual de 0.71 por ciento en noviembre, principalmente por el aumento de los alimentos. En ese sentido mencion\u00f3 el alza en los costos de los pl\u00e1tanos en [&hellip;]<\/p>\n","protected":false},"author":1,"featured_media":457481,"comment_status":"open","ping_status":"open","sticky":false,"template":"","format":"standard","meta":{"_bbp_topic_count":0,"_bbp_reply_count":0,"_bbp_total_topic_count":0,"_bbp_total_reply_count":0,"_bbp_voice_count":0,"_bbp_anonymous_reply_count":0,"_bbp_topic_count_hidden":0,"_bbp_reply_count_hidden":0,"_bbp_forum_subforum_count":0,"footnotes":""},"categories":[35],"tags":[],"class_list":{"0":"post-457480","1":"post","2":"type-post","3":"status-publish","4":"format-standard","5":"has-post-thumbnail","7":"category-economia"},"_links":{"self":[{"href":"https:\/\/primermomento.com\/index.php?rest_route=\/wp\/v2\/posts\/457480","targetHints":{"allow":["GET"]}}],"collection":[{"href":"https:\/\/primermomento.com\/index.php?rest_route=\/wp\/v2\/posts"}],"about":[{"href":"https:\/\/primermomento.com\/index.php?rest_route=\/wp\/v2\/types\/post"}],"author":[{"embeddable":true,"href":"https:\/\/primermomento.com\/index.php?rest_route=\/wp\/v2\/users\/1"}],"replies":[{"embeddable":true,"href":"https:\/\/primermomento.com\/index.php?rest_route=%2Fwp%2Fv2%2Fcomments&post=457480"}],"version-history":[{"count":1,"href":"https:\/\/primermomento.com\/index.php?rest_route=\/wp\/v2\/posts\/457480\/revisions"}],"predecessor-version":[{"id":457482,"href":"https:\/\/primermomento.com\/index.php?rest_route=\/wp\/v2\/posts\/457480\/revisions\/457482"}],"wp:featuredmedia":[{"embeddable":true,"href":"https:\/\/primermomento.com\/index.php?rest_route=\/wp\/v2\/media\/457481"}],"wp:attachment":[{"href":"https:\/\/primermomento.com\/index.php?rest_route=%2Fwp%2Fv2%2Fmedia&parent=457480"}],"wp:term":[{"taxonomy":"category","embeddable":true,"href":"https:\/\/primermomento.com\/index.php?rest_route=%2Fwp%2Fv2%2Fcategories&post=457480"},{"taxonomy":"post_tag","embeddable":true,"href":"https:\/\/primermomento.com\/index.php?rest_route=%2Fwp%2Fv2%2Ftags&post=457480"}],"curies":[{"name":"wp","href":"https:\/\/api.w.org\/{rel}","templated":true}]}}