{"id":457841,"date":"2025-12-17T06:30:52","date_gmt":"2025-12-17T11:30:52","guid":{"rendered":"https:\/\/primermomento.com\/?p=457841"},"modified":"2025-12-17T12:26:37","modified_gmt":"2025-12-17T17:26:37","slug":"testigo-del-tiempo-abinader-tiene-omnipresencia-divina","status":"publish","type":"post","link":"https:\/\/primermomento.com\/?p=457841","title":{"rendered":"Testigo del tiempo | Abinader tiene omnipresencia divina"},"content":{"rendered":"<div dir=\"ltr\">\n<div>\n<p><em><strong>Por <span style=\"color: #ff0000;\">J.C. Malone<\/span><\/strong><\/em><\/p>\n<p>En mi ni\u00f1ez, cuando segu\u00eda la lucha libre, hab\u00eda un famoso luchador llamado \u201cMil M\u00e1scaras\u201d. Como hijo de un ministro evang\u00e9lico, en casa hab\u00eda muchas Biblias y, como ni\u00f1ito asm\u00e1tico, me dijeron que \u201cla palabra de Dios me sanar\u00eda\u201d, me hice lector.<\/p>\n<p>Leyendo la Biblia, entend\u00ed la omnipresencia de Dios; estaba en todas partes simult\u00e1neamente, pero invisible.<\/p>\n<figure id=\"attachment_442110\" aria-describedby=\"caption-attachment-442110\" style=\"width: 196px\" class=\"wp-caption alignleft\"><img loading=\"lazy\" decoding=\"async\" class=\"size-full wp-image-442110\" src=\"https:\/\/primermomento.com\/wp-content\/uploads\/2025\/05\/J.C.-Malone_Testigo-del-Tiempo.jpg\" alt=\"\" width=\"196\" height=\"244\" \/><figcaption id=\"caption-attachment-442110\" class=\"wp-caption-text\">J.C. Malone<br \/>Analista pol\u00edtico<\/figcaption><\/figure>\n<p>Como adulto interesado en la mitolog\u00eda, estudi\u00e9 el tratado de Joseph Campbell, \u201cEl h\u00e9roe de las mil caras\u201d, y aprend\u00ed a identificar la omnipresencia.<\/p>\n<p>El domingo 14 de diciembre de 2025, en el Palacio de Justicia de Ciudad Nueva, durante una audiencia, el presidente Luis Abinader demostr\u00f3 tener omnipresencia divina.<\/p>\n<p>El doctor Santiago Hazim, exdirector del Seguro Nacional de Salud (SENASA), acusado de un fraude gigantesco, es amigo de Abinader. El fiscal Wilson Camacho, lo design\u00f3 Abinader. El abogado defensor de Hazim, Fernando Valerio, es abogado de Abinader.<\/p>\n<p>El expediente no menciona a Abinader, pero el juez Rigoberto Sena dijo que Hazim \u201ctraicion\u00f3 la confianza del presidente Luis Abinader\u201d. A Sena lo design\u00f3 el Consejo Nacional de la Magistratura, presidido por Abinader.<\/p>\n<p>Fuera del Palacio de Justicia, dos grupos ped\u00edan prisi\u00f3n para Hazim. Uno era la \u201cAntigua Orden Dominicana\u201d, que hace coreograf\u00edas bisagras, en favor y en contra de Abinader, fundada en 2014, cuando Abinader fund\u00f3 el Partido Revolucionario Moderno (PRM). Y Santiago Mat\u00edas (Alofoke), \u201camigo\u201d de Abinader.<\/p>\n<p>Afuera controlaba el director de la Polic\u00eda Nacional, mayor general Ram\u00f3n Antonio Guzm\u00e1n Peralta, designado por Abinader.<\/p>\n<p>Se asegura de controlar todo, pero la necesidad de tanta seguridad, demuestra que Abinader se siente bastante inseguro.<\/p>\n<p>Abinader habita su cuerpo en la Rep\u00fablica Dominicana, mientras, en Nueva York, yo escribo sobre Abinader.<\/p>\n<p>Como Dios, Abinader lo controla todo, sin ser responsable de nada, al contrario, es la gran v\u00edctima. La serpiente y Eva traicionaron la confianza de Dios, Hazim traicion\u00f3 la de Abinader.<\/p>\n<p>\u00bfEntienden por qu\u00e9 afirmo que Abinader tiene omnipresencia divina? Meditando sobre todo esto, recuerdo a Silvio Rodr\u00edguez, \u201cOjal\u00e1 que la luna pueda salir sin ti\u201d, Abinader.<\/p>\n<\/div>\n<\/div>\n<div>S\u00edgueme en Youtube&#8230;<\/p>\n<div><a href=\"https:\/\/www.youtube.com\/channel\/UCC_JSYrYV93iklTEhAjiBqQ?view_as=subscriber\" target=\"_blank\" rel=\"noopener\" data-saferedirecturl=\"https:\/\/www.google.com\/url?q=https:\/\/www.youtube.com\/channel\/UCC_JSYrYV93iklTEhAjiBqQ?view_as%3Dsubscriber&amp;source=gmail&amp;ust=1766078614751000&amp;usg=AOvVaw3twM7DYdaIJPFA846t50pD\">https:\/\/www.youtube.com\/<wbr \/>channel\/UCC_<wbr \/>JSYrYV93iklTEhAjiBqQ?view_as=<wbr \/>subscriber<\/a><\/p>\n<div class=\"yj6qo\"><\/div>\n<div class=\"adL\"><\/div>\n<\/div>\n<div class=\"adL\"><\/div>\n<\/div>\n","protected":false},"excerpt":{"rendered":"<p>Por J.C. Malone En mi ni\u00f1ez, cuando segu\u00eda la lucha libre, hab\u00eda un famoso luchador llamado \u201cMil M\u00e1scaras\u201d. Como hijo de un ministro evang\u00e9lico, en casa hab\u00eda muchas Biblias y, como ni\u00f1ito asm\u00e1tico, me dijeron que \u201cla palabra de Dios me sanar\u00eda\u201d, me hice lector. Leyendo la Biblia, entend\u00ed la omnipresencia de Dios; estaba en [&hellip;]<\/p>\n","protected":false},"author":1,"featured_media":456139,"comment_status":"open","ping_status":"open","sticky":false,"template":"","format":"standard","meta":{"_bbp_topic_count":0,"_bbp_reply_count":0,"_bbp_total_topic_count":0,"_bbp_total_reply_count":0,"_bbp_voice_count":0,"_bbp_anonymous_reply_count":0,"_bbp_topic_count_hidden":0,"_bbp_reply_count_hidden":0,"_bbp_forum_subforum_count":0,"footnotes":""},"categories":[33],"tags":[],"class_list":{"0":"post-457841","1":"post","2":"type-post","3":"status-publish","4":"format-standard","5":"has-post-thumbnail","7":"category-opinion"},"_links":{"self":[{"href":"https:\/\/primermomento.com\/index.php?rest_route=\/wp\/v2\/posts\/457841","targetHints":{"allow":["GET"]}}],"collection":[{"href":"https:\/\/primermomento.com\/index.php?rest_route=\/wp\/v2\/posts"}],"about":[{"href":"https:\/\/primermomento.com\/index.php?rest_route=\/wp\/v2\/types\/post"}],"author":[{"embeddable":true,"href":"https:\/\/primermomento.com\/index.php?rest_route=\/wp\/v2\/users\/1"}],"replies":[{"embeddable":true,"href":"https:\/\/primermomento.com\/index.php?rest_route=%2Fwp%2Fv2%2Fcomments&post=457841"}],"version-history":[{"count":1,"href":"https:\/\/primermomento.com\/index.php?rest_route=\/wp\/v2\/posts\/457841\/revisions"}],"predecessor-version":[{"id":457842,"href":"https:\/\/primermomento.com\/index.php?rest_route=\/wp\/v2\/posts\/457841\/revisions\/457842"}],"wp:featuredmedia":[{"embeddable":true,"href":"https:\/\/primermomento.com\/index.php?rest_route=\/wp\/v2\/media\/456139"}],"wp:attachment":[{"href":"https:\/\/primermomento.com\/index.php?rest_route=%2Fwp%2Fv2%2Fmedia&parent=457841"}],"wp:term":[{"taxonomy":"category","embeddable":true,"href":"https:\/\/primermomento.com\/index.php?rest_route=%2Fwp%2Fv2%2Fcategories&post=457841"},{"taxonomy":"post_tag","embeddable":true,"href":"https:\/\/primermomento.com\/index.php?rest_route=%2Fwp%2Fv2%2Ftags&post=457841"}],"curies":[{"name":"wp","href":"https:\/\/api.w.org\/{rel}","templated":true}]}}