{"id":457866,"date":"2025-12-17T06:15:59","date_gmt":"2025-12-17T11:15:59","guid":{"rendered":"https:\/\/primermomento.com\/?p=457866"},"modified":"2025-12-17T19:33:55","modified_gmt":"2025-12-18T00:33:55","slug":"casos-senasa-y-stephora-dos-advertencias","status":"publish","type":"post","link":"https:\/\/primermomento.com\/?p=457866","title":{"rendered":"Casos SeNaSA y Stephora: dos advertencias"},"content":{"rendered":"<p><em><strong>Por <span style=\"color: #ff0000;\">C\u00e9sar P\u00e9rez<\/span><\/strong><\/em><\/p>\n<p>Este a\u00f1o pol\u00edtico que finaliza encuentra el pa\u00eds inmerso en una in\u00e9dita y profunda conmoci\u00f3n pol\u00edtica y moral que puede llegar a ser de extremos inmanejables, de esas desventuras que sacuden las sociedades donde la mayor cuota de infortunios la pagan los simples, los pobres, los humillados y ofendidos de siempre. El a\u00f1o termina con la muerte por ahogamiento de Stephora, la ni\u00f1a haitiana, en circunstancias a\u00fan no definitivamente esclarecidas, y el escandaloso entramado de corrupci\u00f3n en SeNaSa. Dos hechos esencialmente sombr\u00edos, dos exacerbaciones de dos lastres que acogotan la sociedad dominicana: delitos de odio y corrupci\u00f3n, ambos tendencialmente institucionalizados.<\/p>\n<figure id=\"attachment_378785\" aria-describedby=\"caption-attachment-378785\" style=\"width: 300px\" class=\"wp-caption alignleft\"><img loading=\"lazy\" decoding=\"async\" class=\"size-medium wp-image-378785\" src=\"https:\/\/primermomento.com\/wp-content\/uploads\/2023\/02\/cesar-perez-1-300x200.jpeg\" alt=\"\" width=\"300\" height=\"200\" \/><figcaption id=\"caption-attachment-378785\" class=\"wp-caption-text\">C\u00e9sar P\u00e9rez<br \/>Soci\u00f3logo<\/figcaption><\/figure>\n<p>El caso de SeNaSano ha significado una millonaria estafa al Estado, a trav\u00e9s de un entramado doloso formado por sectores de altos recursos econ\u00f3micos en un macabro plan de enriquecimiento il\u00edcito a trav\u00e9s de la negaci\u00f3n de salud a los sectores m\u00e1s pobres y vulnerables de la poblaci\u00f3n. Es ignominioso por la cuant\u00eda del robo y por ser el m\u00e1s deshonroso que se haya cometido en la eterna historia de corrupci\u00f3n del pa\u00eds. Ello as\u00ed, porque se conoce directa e indirectamente el registro de muchos de los muertos y afectados por ese hecho. Tambi\u00e9n porque, seg\u00fan versiones, el entramado se teji\u00f3 antes de instalarse la presente mayor\u00eda de gobierno. Se arm\u00f3 a trav\u00e9s de esa dudosa forma de hacer pol\u00edtica: el llamado \u201csector externo\u201d (de los partidos) que en la cultura pol\u00edtica dominicana \u201cnormaliza\u201d la corrupci\u00f3n.<\/p>\n<p>Otro de los elementos salientes del caso SeNaSa es que pone de manifiesto la falsa percepci\u00f3n que algunos han creado en el imaginario colectivo, de que la corrupci\u00f3n es cosa de pol\u00edticos. Y no es as\u00ed; en esencia, el pol\u00edtico corrupto necesita del mercado para rentabilizar su pr\u00e1ctica; para eso recurre a uno o varios c\u00f3mplices o a uno o varios socios, generalmente empresarios. Cada entramado de corrupci\u00f3n pol\u00edtica constituye una asociaci\u00f3n perversa p\u00fablico\/privada y es, por tanto, el sistema el que genera y sostiene esos entramados. Pocas veces, como ahora, se ha evidenciado tan claro este aserto. El presente tinglado de corrupci\u00f3n lo formaron empresarios, por dem\u00e1s con \u201cabolengo\u201d, y son los primeros enviados a Las Parras, no un alto dirigente pol\u00edtico o los tres pelagatos\/chivos expiatorios de siempre.<\/p>\n<p>El caso es pol\u00edticamente complejo, no solo jur\u00eddicamente; lo es para el gobierno y para la acci\u00f3n pol\u00edtico\/social. Pero a diferencia de otras ocasiones, la Justicia se ha dado un ejemplo al apresar y llevar a la prisi\u00f3n de manera expedita y legal a parte de las cabezas visibles del macabro hecho y, contrario a anteriores ocasiones, ha sido el gobierno de turno, no otro, el que ha actuado contra un tinglado de corrupci\u00f3n. Pero la Justicia tiene que observar rigurosamente el debido proceso, instrumentar un expediente preciso, conciso y ejecutable en tiempo razonable, evitando experiencias pasadas y la f\u00fatil idea de que un documento de miles de p\u00e1ginas de por s\u00ed constituye una justificaci\u00f3n de la eventual pena a imponer al o a los imputados.<\/p>\n<p>Es la \u00fanica manera de mantener, legitimar y potenciar la acci\u00f3n hasta ahora instrumentada en este caso y de rescatar la imagen de una instituci\u00f3n que, real o percibida, se hace sistem\u00e1ticamente m\u00e1s borrosa. Tambi\u00e9n, rechazar la presi\u00f3n de quienes quieren pescar en r\u00edo revuelto para fortalecer proyectos electorales promoviendo marchas donde, pancartas en manos, desfilan confesos y condenados corruptos junto a otros en su momento no debidamente procesados, \u201cprotestando\u201d contra la \u201ccorrupci\u00f3n\u201d. Igualmente, enfrentar con firmeza la presi\u00f3n de algunos personajes y\/o grup\u00fasculos neonazis\/fascistas que no solo desprecian la Justicia, sino que acosan\/agreden a quienes realmente la defienden.<\/p>\n<p>En el caso de la tr\u00e1gica muerte de Stephora, la Justicia no ha actuado con la debida celeridad. A m\u00e1s de un mes del hecho, a\u00fan se mantienen silencios, conjeturas y dudas sobre c\u00f3mo este se produjo, la generalizada indignaci\u00f3n por el hecho como por su manejo. \u00a0 Por eso han sido tan extensos y variados los sectores pol\u00edticos, eclesiales, sociales o singulares individuos que han expresado sus condenas a los hechos. Y es que hemos descendido muy bajo en el control de las expresiones racistas, clasistas, de corrupci\u00f3n y en la degeneraci\u00f3n social en diversos \u00e1mbitos; hemos llegado insosteniblemente lejos en las mentiras, mitos y manipulaci\u00f3n de los hechos en la pr\u00e1ctica pol\u00edtica, por lo que cada d\u00eda es m\u00e1s extensa la expresi\u00f3n: \u201cEsta sociedad est\u00e1 enferma\u201d.<\/p>\n<p>No es un lamento huero, se materializa en el hast\u00edo y deseo de una significativa cantidad de gente que quiere emigrar, sobre todo j\u00f3venes graduados o por graduarse. Esta circunstancia nos indica que lentamente se est\u00e1n corroyendo los pilares de nuestra identidad nacional. En este fin de a\u00f1o, los dos referidos hechos nos advierten que estamos llegando a extremos inmanejables en cuanto a negaci\u00f3n de derechos ciudadanos, en la pobre o nula defensa de los bienes p\u00fablicos y la indiferencia o desprecio hacia el respeto a derechos humanos inalienables. A prop\u00f3sito de este aserto, Albert Camus nos advierte: \u201cToda forma de desprecio, si interviene la pol\u00edtica, prepara o instaura el fascismo. Es lo que hoy sucede en varios pa\u00edses, como denuncian destacadas figuras pol\u00edticas, de la intelectualidad, del arte y eclesiales.<\/p>\n","protected":false},"excerpt":{"rendered":"<p>Por C\u00e9sar P\u00e9rez Este a\u00f1o pol\u00edtico que finaliza encuentra el pa\u00eds inmerso en una in\u00e9dita y profunda conmoci\u00f3n pol\u00edtica y moral que puede llegar a ser de extremos inmanejables, de esas desventuras que sacuden las sociedades donde la mayor cuota de infortunios la pagan los simples, los pobres, los humillados y ofendidos de siempre. El [&hellip;]<\/p>\n","protected":false},"author":1,"featured_media":457700,"comment_status":"open","ping_status":"open","sticky":false,"template":"","format":"standard","meta":{"_bbp_topic_count":0,"_bbp_reply_count":0,"_bbp_total_topic_count":0,"_bbp_total_reply_count":0,"_bbp_voice_count":0,"_bbp_anonymous_reply_count":0,"_bbp_topic_count_hidden":0,"_bbp_reply_count_hidden":0,"_bbp_forum_subforum_count":0,"footnotes":""},"categories":[33],"tags":[],"class_list":{"0":"post-457866","1":"post","2":"type-post","3":"status-publish","4":"format-standard","5":"has-post-thumbnail","7":"category-opinion"},"_links":{"self":[{"href":"https:\/\/primermomento.com\/index.php?rest_route=\/wp\/v2\/posts\/457866","targetHints":{"allow":["GET"]}}],"collection":[{"href":"https:\/\/primermomento.com\/index.php?rest_route=\/wp\/v2\/posts"}],"about":[{"href":"https:\/\/primermomento.com\/index.php?rest_route=\/wp\/v2\/types\/post"}],"author":[{"embeddable":true,"href":"https:\/\/primermomento.com\/index.php?rest_route=\/wp\/v2\/users\/1"}],"replies":[{"embeddable":true,"href":"https:\/\/primermomento.com\/index.php?rest_route=%2Fwp%2Fv2%2Fcomments&post=457866"}],"version-history":[{"count":1,"href":"https:\/\/primermomento.com\/index.php?rest_route=\/wp\/v2\/posts\/457866\/revisions"}],"predecessor-version":[{"id":457867,"href":"https:\/\/primermomento.com\/index.php?rest_route=\/wp\/v2\/posts\/457866\/revisions\/457867"}],"wp:featuredmedia":[{"embeddable":true,"href":"https:\/\/primermomento.com\/index.php?rest_route=\/wp\/v2\/media\/457700"}],"wp:attachment":[{"href":"https:\/\/primermomento.com\/index.php?rest_route=%2Fwp%2Fv2%2Fmedia&parent=457866"}],"wp:term":[{"taxonomy":"category","embeddable":true,"href":"https:\/\/primermomento.com\/index.php?rest_route=%2Fwp%2Fv2%2Fcategories&post=457866"},{"taxonomy":"post_tag","embeddable":true,"href":"https:\/\/primermomento.com\/index.php?rest_route=%2Fwp%2Fv2%2Ftags&post=457866"}],"curies":[{"name":"wp","href":"https:\/\/api.w.org\/{rel}","templated":true}]}}