{"id":458170,"date":"2025-12-23T07:00:43","date_gmt":"2025-12-23T12:00:43","guid":{"rendered":"https:\/\/primermomento.com\/?p=458170"},"modified":"2025-12-23T13:52:54","modified_gmt":"2025-12-23T18:52:54","slug":"salud-mental-senales-que-no-deben-ignorarse","status":"publish","type":"post","link":"https:\/\/primermomento.com\/?p=458170","title":{"rendered":"Salud mental: se\u00f1ales que no deben ignorarse"},"content":{"rendered":"<div>\n<p><em><strong><span lang=\"ES-DO\">Por <span style=\"color: #ff0000;\">Ram\u00f3n Ceballo<\/span><\/span><\/strong><\/em><\/p>\n<p><span lang=\"ES-DO\">\u00a0Reconocer que la salud mental forma parte de la salud integral es el primer paso para romper prejuicios y construir una sociedad m\u00e1s comprensiva y solidaria. Como sociedad debemos aprender a hablar abierta y responsablemente sobre la salud mental. La salud mental contin\u00faa siendo una de las grandes deudas sociales en la Rep\u00fablica Dominicana.<\/span><\/p>\n<p><span lang=\"ES-DO\">\u00a0Detectar signos de alerta no solo evita que los problemas se agraven, sino que tambi\u00e9n ayuda a romper el silencio que sufren muchas familias dominicanas.\u00a0<\/span><\/p>\n<figure id=\"attachment_435960\" aria-describedby=\"caption-attachment-435960\" style=\"width: 268px\" class=\"wp-caption alignright\"><img loading=\"lazy\" decoding=\"async\" class=\"size-full wp-image-435960\" src=\"https:\/\/primermomento.com\/wp-content\/uploads\/2025\/02\/Ramon-Ceballo-ultima-1.jpg\" alt=\"\" width=\"268\" height=\"243\" \/><figcaption id=\"caption-attachment-435960\" class=\"wp-caption-text\">Ram\u00f3n Ceballo<br \/>Sic\u00f3logo y psiquiatra<\/figcaption><\/figure>\n<p><span lang=\"ES-DO\">La salud mental no es un asunto individual: es un desaf\u00edo colectivo que merece atenci\u00f3n, recursos y humanidad<\/span><\/p>\n<p><span lang=\"ES-DO\">En miles de hogares dominicanos, el sufrimiento emocional suele camuflarse bajo etiquetas como \u201cmal car\u00e1cter\u201d, cansancio cr\u00f3nico o simple estr\u00e9s. Mientras tanto, las se\u00f1ales de alerta se acumulan en silencio hasta que la crisis irrumpe de forma abrupta.<\/span><\/p>\n<p><span lang=\"ES-DO\">Hablar de salud mental y reconocer sus primeros s\u00edntomas ya no es una opci\u00f3n secundaria, es una urgencia social y sanitaria que puede salvar vidas.<\/span><\/p>\n<p><span lang=\"ES-DO\">La salud mental es un componente esencial del bienestar humano, pero en la Rep\u00fablica Dominicana contin\u00faa siendo un tema poco comprendido y, en muchos casos, estigmatizado. Sin embargo, los datos son claros y contundentes, aproximadamente uno de cada cinco dominicanos padece alg\u00fan trastorno mental.<\/span><\/p>\n<p><span lang=\"ES-DO\">\u00a0Entre los m\u00e1s frecuentes se encuentran los trastornos de ansiedad, la depresi\u00f3n, el estr\u00e9s postraum\u00e1tico, el trastorno bipolar y la esquizofrenia. Esta realidad atraviesa hogares, escuelas, espacios laborales y comunidades enteras, afectando no solo a quienes la padecen, sino tambi\u00e9n a sus familias y entornos cercanos.<\/span><\/p>\n<p><span lang=\"ES-DO\">La familia constituye la primera l\u00ednea de alerta. En la mayor\u00eda de los casos, los trastornos mentales no aparecen de manera repentina, sino que se manifiestan de forma gradual. Cambios sutiles en el comportamiento, en la manera de relacionarse o en el estado emocional suelen ser las primeras se\u00f1ales de que algo no anda bien. Ignorarlas o minimizarlas puede retrasar la b\u00fasqueda de ayuda y agravar el cuadro cl\u00ednico.<\/span><\/p>\n<p><span lang=\"ES-DO\">Existen se\u00f1ales de alerta que no deben pasarse por alto. Cambios persistentes en el estado de \u00e1nimo, como una tristeza que no cede, irritabilidad constante o ansiedad excesiva sin una causa aparente, pueden indicar un malestar emocional profundo. A ello se suman alteraciones en la conducta, entre ellas el aislamiento social, la p\u00e9rdida de inter\u00e9s por actividades antes placenteras, el descuido de la higiene personal o la adopci\u00f3n de comportamientos riesgosos.<\/span><\/p>\n<p><span lang=\"ES-DO\">Asimismo, las expresiones reiteradas de desesperanza, inutilidad o falta de deseos de vivir constituyen se\u00f1ales claras de depresi\u00f3n u otros trastornos graves que requieren atenci\u00f3n profesional inmediata.<\/span><\/p>\n<p><span lang=\"ES-DO\">En la Rep\u00fablica Dominicana, cerca del 60 % de los suicidios est\u00e1n vinculados a la depresi\u00f3n u otros problemas de salud mental, seg\u00fan datos oficiales. Esta cifra, por s\u00ed sola, deber\u00eda bastar para colocar el tema en el centro del debate p\u00fablico. Los cambios en el sue\u00f1o y el apetito son otra se\u00f1al relevante, dormir en exceso o padecer insomnio persistente, as\u00ed como variaciones marcadas en el peso corporal, suelen acompa\u00f1ar a los trastornos mentales m\u00e1s comunes.<\/span><\/p>\n<p><span lang=\"ES-DO\">A esto se a\u00f1aden las dificultades para desenvolverse en la vida cotidiana, que se reflejan en bajo rendimiento laboral o acad\u00e9mico, problemas de concentraci\u00f3n e incapacidad para tomar decisiones simples.<\/span><\/p>\n<p><span lang=\"ES-DO\">Los problemas de salud mental tienen, adem\u00e1s, un impacto local y estructural. Los indicadores muestran que los trastornos de ansiedad y depresi\u00f3n representan una parte significativa de la carga de enfermedad en la poblaci\u00f3n dominicana, con especial incidencia en el grupo de 15 a 49 a\u00f1os, el m\u00e1s activo desde el punto de vista social y productivo.<\/span><\/p>\n<p><span lang=\"ES-DO\">En los \u00faltimos a\u00f1os, los servicios de salud han registrado un aumento sostenido de atenciones por crisis de ansiedad y depresi\u00f3n, lo que confirma una demanda creciente de apoyo psicol\u00f3gico y psiqui\u00e1trico.<\/span><\/p>\n<p><span lang=\"ES-DO\">Esta realidad contrasta con las limitaciones del sistema de salud. El acceso a especialistas sigue siendo insuficiente, los servicios est\u00e1n concentrados en zonas urbanas y la inversi\u00f3n p\u00fablica en salud mental no alcanza siquiera el 1 % del presupuesto sanitario, muy por debajo de las recomendaciones internacionales. Esta brecha entre la magnitud del problema y la capacidad de respuesta del Estado deja a miles de personas sin atenci\u00f3n oportuna.<\/span><\/p>\n<p><span lang=\"ES-DO\">Hay se\u00f1ales que requieren intervenci\u00f3n inmediata. Cuando una persona habla de quitarse la vida, de hacerse da\u00f1o o muestra conductas violentas, no se trata de \u201cexageraciones\u201d ni de llamados de atenci\u00f3n, son expresiones de una crisis que exige ayuda profesional urgente.<\/span><\/p>\n<p><span lang=\"ES-DO\">La familia y el entorno cercano pueden marcar la diferencia si observan sin juzgar, escuchan con empat\u00eda y acompa\u00f1an la b\u00fasqueda de atenci\u00f3n especializada.<\/span><\/p>\n<p><span lang=\"ES-DO\">La salud mental no puede seguir siendo un tema postergado. Reconocer las se\u00f1ales tempranas, romper el estigma y fortalecer la respuesta institucional es una responsabilidad compartida. Atender la salud mental a tiempo no solo salva vidas, sino que preserva la dignidad, la cohesi\u00f3n familiar y el bienestar colectivo.<\/span><\/p>\n<\/div>\n","protected":false},"excerpt":{"rendered":"<p>Por Ram\u00f3n Ceballo \u00a0Reconocer que la salud mental forma parte de la salud integral es el primer paso para romper prejuicios y construir una sociedad m\u00e1s comprensiva y solidaria. Como sociedad debemos aprender a hablar abierta y responsablemente sobre la salud mental. La salud mental contin\u00faa siendo una de las grandes deudas sociales en la [&hellip;]<\/p>\n","protected":false},"author":1,"featured_media":391776,"comment_status":"open","ping_status":"open","sticky":false,"template":"","format":"standard","meta":{"_bbp_topic_count":0,"_bbp_reply_count":0,"_bbp_total_topic_count":0,"_bbp_total_reply_count":0,"_bbp_voice_count":0,"_bbp_anonymous_reply_count":0,"_bbp_topic_count_hidden":0,"_bbp_reply_count_hidden":0,"_bbp_forum_subforum_count":0,"footnotes":""},"categories":[33],"tags":[],"class_list":{"0":"post-458170","1":"post","2":"type-post","3":"status-publish","4":"format-standard","5":"has-post-thumbnail","7":"category-opinion"},"_links":{"self":[{"href":"https:\/\/primermomento.com\/index.php?rest_route=\/wp\/v2\/posts\/458170","targetHints":{"allow":["GET"]}}],"collection":[{"href":"https:\/\/primermomento.com\/index.php?rest_route=\/wp\/v2\/posts"}],"about":[{"href":"https:\/\/primermomento.com\/index.php?rest_route=\/wp\/v2\/types\/post"}],"author":[{"embeddable":true,"href":"https:\/\/primermomento.com\/index.php?rest_route=\/wp\/v2\/users\/1"}],"replies":[{"embeddable":true,"href":"https:\/\/primermomento.com\/index.php?rest_route=%2Fwp%2Fv2%2Fcomments&post=458170"}],"version-history":[{"count":1,"href":"https:\/\/primermomento.com\/index.php?rest_route=\/wp\/v2\/posts\/458170\/revisions"}],"predecessor-version":[{"id":458171,"href":"https:\/\/primermomento.com\/index.php?rest_route=\/wp\/v2\/posts\/458170\/revisions\/458171"}],"wp:featuredmedia":[{"embeddable":true,"href":"https:\/\/primermomento.com\/index.php?rest_route=\/wp\/v2\/media\/391776"}],"wp:attachment":[{"href":"https:\/\/primermomento.com\/index.php?rest_route=%2Fwp%2Fv2%2Fmedia&parent=458170"}],"wp:term":[{"taxonomy":"category","embeddable":true,"href":"https:\/\/primermomento.com\/index.php?rest_route=%2Fwp%2Fv2%2Fcategories&post=458170"},{"taxonomy":"post_tag","embeddable":true,"href":"https:\/\/primermomento.com\/index.php?rest_route=%2Fwp%2Fv2%2Ftags&post=458170"}],"curies":[{"name":"wp","href":"https:\/\/api.w.org\/{rel}","templated":true}]}}