{"id":458385,"date":"2025-12-29T06:41:45","date_gmt":"2025-12-29T11:41:45","guid":{"rendered":"https:\/\/primermomento.com\/?p=458385"},"modified":"2025-12-29T06:41:45","modified_gmt":"2025-12-29T11:41:45","slug":"peledeistas-en-ny-despediran-2025-con-esperanza-en-2026-partido-seleccione-a-javier-garcia-como-su-candidato-presidencial","status":"publish","type":"post","link":"https:\/\/primermomento.com\/?p=458385","title":{"rendered":"Pelede\u00edstas en NY despedir\u00e1n 2025 con esperanza en 2026 partido seleccione a Javier Garc\u00eda como su candidato presidencial"},"content":{"rendered":"<p><em><b>Por <span style=\"color: #ff0000;\">Ram\u00f3n Mercedes<\/span><\/b><\/em><\/p>\n<p>Nueva York, EEUU.- M\u00faltiples dirigentes y militantes del Partido de la Liberaci\u00f3n Dominicana (PLD) en esta ciudad, lugar de mayor concentraci\u00f3n de votantes dominicanos en todo el exterior, despedir\u00e1n el 2025 con la esperanza de que a inicio del 2026 la entidad \u00abseleccione\u00bb a Francisco Javier Garc\u00eda como su candidato presidencial para el 2028.<\/p>\n<p>Indican que el partido debe hacer lo mismo que hizo con Abel Mart\u00ednez (dos a\u00f1os antes de las elecciones) que lo seleccionaron como el candidato presidencial, y no pudo ni supo estructurarse a nivel nacional, llevando la entidad de una votaci\u00f3n de 1,537,041 (37.46%) a 453,468 (10.39%).<\/p>\n<p>Basan sus esperanzas por el bien de la organizaci\u00f3n y porque Javier Garc\u00eda es considerado un hombre de Estado, con transparencia y capacidad demostrada en varios ministerios del Gobierno; visi\u00f3n y estrategia pol\u00edtica como ning\u00fan otro pol\u00edtico en el pa\u00eds; habiendo ganado cuatro elecciones presidenciales como \u00abjefe\u00bb de campa\u00f1a de iguales candidatos.<\/p>\n<p>Por recorrer el pa\u00eds en contacto directo con la dirigencia y militancia pelede\u00edsta, adem\u00e1s, con sectores representativos de la sociedad dominicana.<\/p>\n<p>\u00abAcci\u00f3n repetitiva a\u00f1os tras a\u00f1os por las 31 provincias y 158 municipios de la RD, escuchando a sus connacionales en RD y el exterior\u00bb, que lo posiciona como una figura relevante dentro del proceso interno de la organizaci\u00f3n\u00bb. \u00abPor sus frutos los conocer\u00e9is (Mateo 7:16), indica el precepto b\u00edblico\u201d, precisan.<\/p>\n<p>Javier Garc\u00eda ha reafirmado que su objetivo principal es recuperar la esperanza, caminar desde la unidad y trabajar por la construcci\u00f3n de un mejor futuro para cada familia en el pa\u00eds, y que cuenta con un amplio impacto en diversos sectores sociales y el respaldo mayoritario de los miembros del Comit\u00e9 Central (CC) del PLD.<\/p>\n<p>\u00bfQu\u00e9 m\u00e1s se puede esperar para tener un candidato triunfante? se preguntan en documento de prensa. Ya el partido Fuerza del Pueblo (FP) tiene su candidato definido y vendi\u00e9ndose d\u00eda tras d\u00edas a nivel nacional y en el exterior.<\/p>\n<p>\u00abAdem\u00e1s, un PRM con precandidatos definidos y constante activ\u00edsimo; no hay tiempo que perder si queremos convertirnos en opci\u00f3n de poder con mucha posibilidad de triunfar en el 2028, porque Javier Garc\u00eda encanta al electorado, el electorado conf\u00eda en \u00e9l, y no debemos desperdiciar m\u00e1s tiempo\u00bb, sostienen.<\/p>\n<p>\u00abCreemos en los primeros tres meses del 2026 el partido debe \u00abseleccionarlo\u00bb y proclamarlo cuando lo indique la ley\u00bb, sostienen los pelede\u00edstas en la Gran Manzana, solicitando no ser identificados por disciplina.<\/p>\n","protected":false},"excerpt":{"rendered":"<p>Por Ram\u00f3n Mercedes Nueva York, EEUU.- M\u00faltiples dirigentes y militantes del Partido de la Liberaci\u00f3n Dominicana (PLD) en esta ciudad, lugar de mayor concentraci\u00f3n de votantes dominicanos en todo el exterior, despedir\u00e1n el 2025 con la esperanza de que a inicio del 2026 la entidad \u00abseleccione\u00bb a Francisco Javier Garc\u00eda como su candidato presidencial para [&hellip;]<\/p>\n","protected":false},"author":1,"featured_media":458386,"comment_status":"open","ping_status":"open","sticky":false,"template":"","format":"standard","meta":{"_bbp_topic_count":0,"_bbp_reply_count":0,"_bbp_total_topic_count":0,"_bbp_total_reply_count":0,"_bbp_voice_count":0,"_bbp_anonymous_reply_count":0,"_bbp_topic_count_hidden":0,"_bbp_reply_count_hidden":0,"_bbp_forum_subforum_count":0,"footnotes":""},"categories":[31],"tags":[],"class_list":{"0":"post-458385","1":"post","2":"type-post","3":"status-publish","4":"format-standard","5":"has-post-thumbnail","7":"category-estados-unidos"},"_links":{"self":[{"href":"https:\/\/primermomento.com\/index.php?rest_route=\/wp\/v2\/posts\/458385","targetHints":{"allow":["GET"]}}],"collection":[{"href":"https:\/\/primermomento.com\/index.php?rest_route=\/wp\/v2\/posts"}],"about":[{"href":"https:\/\/primermomento.com\/index.php?rest_route=\/wp\/v2\/types\/post"}],"author":[{"embeddable":true,"href":"https:\/\/primermomento.com\/index.php?rest_route=\/wp\/v2\/users\/1"}],"replies":[{"embeddable":true,"href":"https:\/\/primermomento.com\/index.php?rest_route=%2Fwp%2Fv2%2Fcomments&post=458385"}],"version-history":[{"count":1,"href":"https:\/\/primermomento.com\/index.php?rest_route=\/wp\/v2\/posts\/458385\/revisions"}],"predecessor-version":[{"id":458387,"href":"https:\/\/primermomento.com\/index.php?rest_route=\/wp\/v2\/posts\/458385\/revisions\/458387"}],"wp:featuredmedia":[{"embeddable":true,"href":"https:\/\/primermomento.com\/index.php?rest_route=\/wp\/v2\/media\/458386"}],"wp:attachment":[{"href":"https:\/\/primermomento.com\/index.php?rest_route=%2Fwp%2Fv2%2Fmedia&parent=458385"}],"wp:term":[{"taxonomy":"category","embeddable":true,"href":"https:\/\/primermomento.com\/index.php?rest_route=%2Fwp%2Fv2%2Fcategories&post=458385"},{"taxonomy":"post_tag","embeddable":true,"href":"https:\/\/primermomento.com\/index.php?rest_route=%2Fwp%2Fv2%2Ftags&post=458385"}],"curies":[{"name":"wp","href":"https:\/\/api.w.org\/{rel}","templated":true}]}}