{"id":458433,"date":"2025-12-29T06:35:59","date_gmt":"2025-12-29T11:35:59","guid":{"rendered":"https:\/\/primermomento.com\/?p=458433"},"modified":"2025-12-29T10:40:49","modified_gmt":"2025-12-29T15:40:49","slug":"navidad-y-salud-mental-cuando-las-emociones-se-intensifican","status":"publish","type":"post","link":"https:\/\/primermomento.com\/?p=458433","title":{"rendered":"Navidad y salud mental: cuando las emociones se intensifican"},"content":{"rendered":"<p><strong><em><span lang=\"ES-DO\">Por <span style=\"color: #ff0000;\">Ram\u00f3n Ceballo<\/span><\/span><\/em><\/strong><\/p>\n<p><span lang=\"ES-DO\">La salud mental suele manifestarse con especial intensidad durante las fiestas navide\u00f1as, un per\u00edodo que concentra expectativas sociales, emociones profundas y presiones econ\u00f3micas y familiares. Lejos de ser una etapa neutra, la Navidad act\u00faa como un amplificador emocional que puede fortalecer el bienestar de algunos, pero tambi\u00e9n profundizar el malestar de otros.<\/span><\/p>\n<figure id=\"attachment_458434\" aria-describedby=\"caption-attachment-458434\" style=\"width: 231px\" class=\"wp-caption alignleft\"><img loading=\"lazy\" decoding=\"async\" class=\"size-full wp-image-458434\" src=\"https:\/\/primermomento.com\/wp-content\/uploads\/2025\/12\/Ramon-Ceballo1.jpg\" alt=\"\" width=\"231\" height=\"273\" \/><figcaption id=\"caption-attachment-458434\" class=\"wp-caption-text\">Ram\u00f3n Ceballo<br \/>sic\u00f3logo y psiquiatra.<\/figcaption><\/figure>\n<p><span lang=\"ES-DO\">Para muchas personas, la Navidad representa un tiempo de alegr\u00eda, reencuentros y gratitud. Compartir con la familia, mantener tradiciones y sentirse acompa\u00f1ado refuerza el sentido de pertenencia y el apoyo social, factores que protegen la salud mental. En estos casos, se experimenta una mayor conexi\u00f3n emocional, se revitalizan los v\u00ednculos afectivos y se renueva la esperanza de cierre y comienzo de ciclos.<\/span><\/p>\n<p><span lang=\"ES-DO\">Sin embargo, esta misma carga simb\u00f3lica puede convertirse en una fuente de sufrimiento para quienes atraviesan situaciones personales dif\u00edciles. La soledad, los duelos no resueltos, las rupturas familiares o la ausencia de seres queridos se hacen m\u00e1s evidentes en un contexto que socialmente impone la felicidad como norma. La Navidad, entonces, deja de ser un refugio emocional y se transforma en un espacio de confrontaci\u00f3n interna.<\/span><\/p>\n<p><span lang=\"ES-DO\">A esto se suman factores de estr\u00e9s frecuentes en el contexto dominicano, como las presiones econ\u00f3micas asociadas a regalos, cenas y compromisos sociales, as\u00ed como el consumo excesivo. La expectativa de cumplir con un ideal de celebraci\u00f3n, aun cuando las condiciones personales no lo permiten, genera ansiedad, frustraci\u00f3n y sentimientos de culpa. Muchas personas viven estas fechas con una sensaci\u00f3n de agotamiento emocional, m\u00e1s que de disfrute.<\/span><\/p>\n<p><span lang=\"ES-DO\">Durante este per\u00edodo es com\u00fan observar un aumento de s\u00edntomas como tristeza persistente, irritabilidad, nostalgia, alteraciones del sue\u00f1o y mayor consumo de alcohol. En algunos casos, estos comportamientos funcionan como intentos de evasi\u00f3n emocional, pero terminan agravando el malestar. Para quienes ya padecen trastornos mentales como depresi\u00f3n o ansiedad, las fiestas pueden intensificar los s\u00edntomas, especialmente si no cuentan con acompa\u00f1amiento profesional o redes de apoyo s\u00f3lidas.<\/span><\/p>\n<p><span lang=\"ES-DO\">La Navidad, en definitiva, act\u00faa como un espejo emocional, amplifica tanto las luces como las sombras del estado mental de cada persona. No todos viven estas fechas de la misma manera, y reconocer esa diversidad emocional es fundamental para reducir el estigma y promover el cuidado psicol\u00f3gico.<\/span><\/p>\n<p><span lang=\"ES-DO\">Hablar abiertamente de c\u00f3mo nos sentimos, validar emociones que no encajan con el discurso de \u201calegr\u00eda obligatoria\u201d y buscar apoyo oportuno, en la familia, los amigos o profesionales de la salud mental, son pasos esenciales para atravesar las fiestas con mayor equilibrio. La Navidad no tiene que ser perfecta para ser significativa; cuidar la salud mental tambi\u00e9n es un acto de responsabilidad y de humanidad.<\/span><\/p>\n","protected":false},"excerpt":{"rendered":"<p>Por Ram\u00f3n Ceballo La salud mental suele manifestarse con especial intensidad durante las fiestas navide\u00f1as, un per\u00edodo que concentra expectativas sociales, emociones profundas y presiones econ\u00f3micas y familiares. Lejos de ser una etapa neutra, la Navidad act\u00faa como un amplificador emocional que puede fortalecer el bienestar de algunos, pero tambi\u00e9n profundizar el malestar de otros. [&hellip;]<\/p>\n","protected":false},"author":1,"featured_media":431628,"comment_status":"open","ping_status":"open","sticky":false,"template":"","format":"standard","meta":{"_bbp_topic_count":0,"_bbp_reply_count":0,"_bbp_total_topic_count":0,"_bbp_total_reply_count":0,"_bbp_voice_count":0,"_bbp_anonymous_reply_count":0,"_bbp_topic_count_hidden":0,"_bbp_reply_count_hidden":0,"_bbp_forum_subforum_count":0,"footnotes":""},"categories":[33],"tags":[],"class_list":{"0":"post-458433","1":"post","2":"type-post","3":"status-publish","4":"format-standard","5":"has-post-thumbnail","7":"category-opinion"},"_links":{"self":[{"href":"https:\/\/primermomento.com\/index.php?rest_route=\/wp\/v2\/posts\/458433","targetHints":{"allow":["GET"]}}],"collection":[{"href":"https:\/\/primermomento.com\/index.php?rest_route=\/wp\/v2\/posts"}],"about":[{"href":"https:\/\/primermomento.com\/index.php?rest_route=\/wp\/v2\/types\/post"}],"author":[{"embeddable":true,"href":"https:\/\/primermomento.com\/index.php?rest_route=\/wp\/v2\/users\/1"}],"replies":[{"embeddable":true,"href":"https:\/\/primermomento.com\/index.php?rest_route=%2Fwp%2Fv2%2Fcomments&post=458433"}],"version-history":[{"count":1,"href":"https:\/\/primermomento.com\/index.php?rest_route=\/wp\/v2\/posts\/458433\/revisions"}],"predecessor-version":[{"id":458435,"href":"https:\/\/primermomento.com\/index.php?rest_route=\/wp\/v2\/posts\/458433\/revisions\/458435"}],"wp:featuredmedia":[{"embeddable":true,"href":"https:\/\/primermomento.com\/index.php?rest_route=\/wp\/v2\/media\/431628"}],"wp:attachment":[{"href":"https:\/\/primermomento.com\/index.php?rest_route=%2Fwp%2Fv2%2Fmedia&parent=458433"}],"wp:term":[{"taxonomy":"category","embeddable":true,"href":"https:\/\/primermomento.com\/index.php?rest_route=%2Fwp%2Fv2%2Fcategories&post=458433"},{"taxonomy":"post_tag","embeddable":true,"href":"https:\/\/primermomento.com\/index.php?rest_route=%2Fwp%2Fv2%2Ftags&post=458433"}],"curies":[{"name":"wp","href":"https:\/\/api.w.org\/{rel}","templated":true}]}}