{"id":458456,"date":"2025-12-29T06:40:02","date_gmt":"2025-12-29T11:40:02","guid":{"rendered":"https:\/\/primermomento.com\/?p=458456"},"modified":"2025-12-29T14:28:00","modified_gmt":"2025-12-29T19:28:00","slug":"ve-zonas-francas-mantienen-ritmo-de-crecimiento-en-2025","status":"publish","type":"post","link":"https:\/\/primermomento.com\/?p=458456","title":{"rendered":"Ve zonas Francas sostuvieron ritmo de crecimiento en 2025"},"content":{"rendered":"<p><em><strong>Por <span style=\"color: #ff0000;\">Servicios de Primermomento.com<\/span><\/strong><\/em><\/p>\n<p><span lang=\"ES-US\">SANTO DOMINGO, Rep\u00fablica Dominicana.- Durante los \u00faltimos 5 a\u00f1os,\u00a0el sector\u00a0zonas francas\u00a0ha experimentado un\u00a0notable avance\u00a0en sus principales variables, consolidando su ritmo de desarrollo y diversificaci\u00f3n. Con m\u00e1s de un\u00a024 % de\u00a0crecimiento\u00a0de su espacio ocupado, las empresas del sector han incorporado a su \u00e1rea en uso\u00a0m\u00e1s de 10 millones de pies cuadrados adicionales, en comparaci\u00f3n con las cifras del a\u00f1o 2020.\u00a0<\/span><\/p>\n<p><span lang=\"ES-US\">En una nota remitida por\u00a0Daniel Liranzo,\u00a0director ejecutivo del Consejo Nacional de Zonas Francas, se resalta que con el\u00a0extraordinario apoyo\u00a0brindado al sector por el\u00a0presidente Luis Abinader\u00a0y del ministro de Industria, Comercio y Mipymes,\u00a0V\u00edctor Bison\u00f3, hoy las zonas francas tienen una ocupaci\u00f3n de\u00a0mano de obra directa que supera los 200,000 empleados.<\/span><\/p>\n<p><span lang=\"ES-US\">Sumado a los\u00a0efectos indirectos\u00a0que genera este nivel de ocupaci\u00f3n en el mercado laboral dominicano,\u00a0<\/span><span lang=\"ES-US\">\u201cpodemos afirmar que las zonas francas impactan durante el a\u00f1o 2025 los hogares de m\u00e1s de 600,000 dominicanos\u201d.<\/span><span lang=\"ES-US\">De igual forma, las\u00a0exportaciones de bienes, que se estima superen los\u00a08,600 millones de d\u00f3lares, mantienen un peso superior al\u00a060 %\u00a0en el valor total que exporta el pa\u00eds.<\/span><\/p>\n<p><span lang=\"ES-US\">Es oportuno resaltar que debido a la din\u00e1mica que mantuvo el sector zonas francas durante el a\u00f1o 2025, y dada la relevancia de empresas internacionales que iniciaron y\/o decidieron ampliar sus operaciones en el pa\u00eds, se realizaron unas\u00a010 inauguraciones\u00a0durante el a\u00f1o. Igualmente, el Consejo Directivo aprob\u00f3 la instalaci\u00f3n de\u00a082 nuevas empresas y 10 parques de zonas francas.<\/span><\/p>\n<p><span lang=\"ES-US\">La\u00a0din\u00e1mica y resiliencia\u00a0que han mostrado las zonas francas de la Rep\u00fablica Dominicana durante los \u00faltimos a\u00f1os, sin dudas forma parte del\u00a0est\u00edmulo\u00a0que ha impulsado el surgimiento de un\u00a0hub log\u00edstico regional\u00a0en el pa\u00eds, lo que impactar\u00e1 en\u00a0mayores flujos de inversiones, el crecimiento econ\u00f3mico y el bienestar social.<\/span><\/p>\n","protected":false},"excerpt":{"rendered":"<p>Por Servicios de Primermomento.com SANTO DOMINGO, Rep\u00fablica Dominicana.- Durante los \u00faltimos 5 a\u00f1os,\u00a0el sector\u00a0zonas francas\u00a0ha experimentado un\u00a0notable avance\u00a0en sus principales variables, consolidando su ritmo de desarrollo y diversificaci\u00f3n. Con m\u00e1s de un\u00a024 % de\u00a0crecimiento\u00a0de su espacio ocupado, las empresas del sector han incorporado a su \u00e1rea en uso\u00a0m\u00e1s de 10 millones de pies cuadrados adicionales, [&hellip;]<\/p>\n","protected":false},"author":1,"featured_media":458457,"comment_status":"open","ping_status":"open","sticky":false,"template":"","format":"standard","meta":{"_bbp_topic_count":0,"_bbp_reply_count":0,"_bbp_total_topic_count":0,"_bbp_total_reply_count":0,"_bbp_voice_count":0,"_bbp_anonymous_reply_count":0,"_bbp_topic_count_hidden":0,"_bbp_reply_count_hidden":0,"_bbp_forum_subforum_count":0,"footnotes":""},"categories":[35],"tags":[],"class_list":["post-458456","post","type-post","status-publish","format-standard","has-post-thumbnail","category-economia"],"_links":{"self":[{"href":"https:\/\/primermomento.com\/index.php?rest_route=\/wp\/v2\/posts\/458456","targetHints":{"allow":["GET"]}}],"collection":[{"href":"https:\/\/primermomento.com\/index.php?rest_route=\/wp\/v2\/posts"}],"about":[{"href":"https:\/\/primermomento.com\/index.php?rest_route=\/wp\/v2\/types\/post"}],"author":[{"embeddable":true,"href":"https:\/\/primermomento.com\/index.php?rest_route=\/wp\/v2\/users\/1"}],"replies":[{"embeddable":true,"href":"https:\/\/primermomento.com\/index.php?rest_route=%2Fwp%2Fv2%2Fcomments&post=458456"}],"version-history":[{"count":3,"href":"https:\/\/primermomento.com\/index.php?rest_route=\/wp\/v2\/posts\/458456\/revisions"}],"predecessor-version":[{"id":458461,"href":"https:\/\/primermomento.com\/index.php?rest_route=\/wp\/v2\/posts\/458456\/revisions\/458461"}],"wp:featuredmedia":[{"embeddable":true,"href":"https:\/\/primermomento.com\/index.php?rest_route=\/wp\/v2\/media\/458457"}],"wp:attachment":[{"href":"https:\/\/primermomento.com\/index.php?rest_route=%2Fwp%2Fv2%2Fmedia&parent=458456"}],"wp:term":[{"taxonomy":"category","embeddable":true,"href":"https:\/\/primermomento.com\/index.php?rest_route=%2Fwp%2Fv2%2Fcategories&post=458456"},{"taxonomy":"post_tag","embeddable":true,"href":"https:\/\/primermomento.com\/index.php?rest_route=%2Fwp%2Fv2%2Ftags&post=458456"}],"curies":[{"name":"wp","href":"https:\/\/api.w.org\/{rel}","templated":true}]}}